{"id":2124936,"date":"2026-09-02T14:17:59","date_gmt":"2026-09-02T11:17:59","guid":{"rendered":"https:\/\/analyse.optim.biz\/?p=2124936"},"modified":"2026-09-02T14:17:59","modified_gmt":"2026-09-02T11:17:59","slug":"moscova-l-a-convocat-pe-insarcinatul-cu-afaceri-al-germaniei-dupa-ce-berlinul-a-acuzat-moscova-de-razboi","status":"publish","type":"post","link":"https:\/\/analyse.optim.biz\/?p=2124936","title":{"rendered":"Moscova l-a convocat pe \u00eens\u0103rcinatul cu afaceri al Germaniei dup\u0103 ce Berlinul a acuzat Moscova de r\u0103zboi&#8230;"},"content":{"rendered":"<p>[analyse_image type=&#8221;featured&#8221; src=&#8221;https:\/\/s.iw.ro\/gateway\/g\/ZmlsZVNvdXJjZT1odHRwJTNBJTJGJTJG\/c3RvcmFnZTA4dHJhbnNjb2Rlci5yY3Mt\/cmRzLnJvJTJGc3RvcmFnZSUyRjIwMjYl\/MkYwOSUyRjAyJTJGMjk0MDQ0N18yOTQw\/NDQ3X21pbmlzdGVydWwtZGUtZXh0ZXJu\/ZS1ydXNpYS1wcm9maW1lZGlhLmpwZyZ3\/PTEyMDAmaD02MzAmemM9MSZoYXNoPTdl\/ODVmYWU3ZTcwN2RhNjI1OTM0YWUzZWZhY2M5Y2M3.thumb.jpg&#8221;]<\/p>\n<div class=\"entry data-app-meta data-app-meta-article\" data-embed-base-url-canonical=\"https:\/\/www.digi24.ro\/embed\/stiri\/externe\/rusia\/moscova-l-a-convocat-pe-insarcinatul-cu-afaceri-al-germaniei-dupa-ce-berlinul-a-acuzat-moscova-de-razboi-hibrid-3932427\">\n<p data-index=\"1\"><strong>Ministerul de Externe al Rusiei l-a convocat miercuri pe \u00eens\u0103rcinatul cu afaceri al Germaniei dup\u0103 <a href=\"https:\/\/www.digi24.ro\/stiri\/externe\/germania-si-rusia-sunt-in-razboi-un-inalt-responsabil-german-din-domeniul-apararii-respinge-nuantarile-razboi-hibrid-3930387\" target=\"_blank\" rel=\"noopener\" data-skip-linkfix=\"1\">acuza\u0163iile Berlinului<\/a> privind implicarea Rusiei \u00eentr-un atac cu drone comis la \u00eenceputul lunii august asupra <a href=\"https:\/\/www.digi24.ro\/stiri\/externe\/ue\/noi-informatii-despre-tentativa-de-sabotaj-de-la-aeroportul-din-leipzig-au-fost-descoperite-inca-o-drona-si-urme-de-explozibil-militar-3920145\" target=\"_blank\" rel=\"noopener\" data-skip-linkfix=\"1\">aeroportului din ora\u015ful Leipzig<\/a>, transmite EFE.<\/strong><\/p>\n<p data-index=\"2\">\u201eMinisterul de Externe al Rusiei l-a citat pe \u00eens\u0103rcinatul cu afaceri al Republicii Federale Germania la Moscova, Bernd Finke, \u00een cadrul ac\u0163iunilor \u015fi declara\u0163iilor antiruse f\u0103cute cu o zi \u00eenainte de guvernul german\u201d, a informat Ministerul rus de Externe \u00eentr-un comunicat pe Telegram.<\/p>\n<p data-index=\"3\">Viceministrul rus de externe Aleksandr Gru\u015fko a exclus deocamdat\u0103 o rupere a rela\u0163iilor diplomatice cu Germania, pe care a acuzat-o c\u0103 a ales \u201ecalea escalad\u0103rii\u201d, noteaz\u0103 EFE, citat\u0103 de Agerpres.<\/p>\n<p data-index=\"4\">\u201eVom oferi o \u015fans\u0103 diploma\u0163iei, dar diploma\u0163ia este un drum cu dou\u0103 sensuri\u201d, a comentat Gru\u015fko pentru presa local\u0103.<\/p>\n<p data-index=\"5\">Pre\u015fedintele rus Vladimir Putin a asociat mar\u0163i seara acuza\u0163iile Berlinului la adresa Rusiei cu sc\u0103derea popularit\u0103\u0163ii autorit\u0103\u0163ilor din Germania \u015fi \u00een special a cancelarului Friedrich Merz.<\/p>\n<p data-index=\"6\">\u201eCancelarul se afl\u0103 \u00eentr-o pozi\u0163ie dificil\u0103 la nivel politic. Nu se bucur\u0103 de \u00eencrederea cet\u0103\u0163enilor s\u0103i. \u015ei este clar de ce: pentru c\u0103 nu ap\u0103r\u0103 interesele na\u0163ionale\u201d, a spus \u015feful Kremlinului la finalul particip\u0103rii sale la un summit \u00een K\u00e2rg\u00e2zstan.<\/p>\n<h2 id=\"highlight-3932427-1\">Putin: Gre\u015felile economice comise de autorit\u0103\u0163ile germane sunt \u201eevidente\u201d<\/h2>\n<p data-index=\"7\">Pre\u015fedintele Putin a asigurat c\u0103 gre\u015felile economice comise de autorit\u0103\u0163ile germane sunt \u201eevidente\u201d.<\/p>\n<p data-index=\"8\">\u201eCompaniile se \u00eenchid, oamenii \u00ee\u015fi pierd locurile de munc\u0103 \u015fi nivelul de trai scade. Nu este clar de ce se fac toate acestea. Se poate explica doar prin necesitatea de a contracara o Rusie agresiv\u0103\u201d, a afirmat el.<\/p>\n<p data-index=\"9\">Liderul de la Kremlin a subliniat c\u0103, \u201eav\u00e2nd \u00een vedere sc\u0103derea indicilor de aprobare \u015fi urm\u0103toarele campanii electorale, inclusiv \u00een Saxonia, de exemplu, apare firesc \u00eentrebarea despre viitorul politic al elitei conduc\u0103toare din Germania\u201d.<\/p>\n<p data-index=\"10\">\u201eGuvernul federal ajunge la concluzia c\u0103 <a href=\"https:\/\/www.digi24.ro\/stiri\/externe\/ue\/germania-invinovateste-rusia-pentru-tentativa-de-sabotaj-de-la-aeroportul-din-leipzig-se-incadreaza-in-modelul-cunoscut-3930873\" target=\"_blank\" rel=\"noopener\" data-skip-linkfix=\"1\">Rusia este responsabil\u0103 pentru atacul hibrid<\/a> comis la Leipzig pe 4 august\u201d, a declarat ministrul german de interne Alexander Dobrindt \u00eentr-o conferin\u0163\u0103 de pres\u0103 la Berlin, al\u0103turi de ministrul german de externe Johann Wadephul.<\/p>\n<p data-index=\"11\">Wadephul a anun\u0163at \u00eenchiderea consulatului Rusiei din Bonn \u015fi anularea contractului centrului cultural rus Casa Rusa din Berlin.<\/p>\n<p data-index=\"12\">\u00cen acela\u015fi timp, pre\u015fedinta Comisiei Europene, Ursula von der Leyen, \u015fi secretarul general al NATO, Mark Rutte, au afirmat miercuri c\u0103 presiunea \u00eempotriva Rusiei va continua \u015fi chiar \u201eva cre\u015fte\u201d.<\/p>\n<p data-index=\"13\"><strong>Citi\u021bi \u0219i:<\/strong><br \/><a href=\"https:\/\/www.digi24.ro\/stiri\/externe\/presedinta-comisiei-europene-despre-atacul-rusiei-la-leipzig-vom-sprijini-orice-stat-membru-pe-care-rusia-il-vizeaza-3932157\" target=\"_blank\" rel=\"noopener\" data-skip-linkfix=\"1\"><strong>UE \u0219i NATO, dup\u0103 atacul Rusiei la Leipzig: \u201eEuropenii se confrunt\u0103 cu un adev\u0103r dur. Aceasta este noua normalitate\u201d<\/strong><\/a><\/p>\n<p> Editor : <a href=\"https:\/\/www.digi24.ro\/autor\/liviu-cojan\"> Liviu Cojan <\/a><\/p>\n<\/div>\n<p>[analyse_source url=&#8221;https:\/\/www.digi24.ro\/stiri\/externe\/rusia\/moscova-l-a-convocat-pe-insarcinatul-cu-afaceri-al-germaniei-dupa-ce-berlinul-a-acuzat-moscova-de-razboi-hibrid-3932427&#8243;]<\/p>\n","protected":false},"excerpt":{"rendered":"<p>[analyse_image type=&#8221;featured&#8221; src=&#8221;https:\/\/s.iw.ro\/gateway\/g\/ZmlsZVNvdXJjZT1odHRwJTNBJTJGJTJG\/c3RvcmFnZTA4dHJhbnNjb2Rlci5yY3Mt\/cmRzLnJvJTJGc3RvcmFnZSUyRjIwMjYl\/MkYwOSUyRjAyJTJGMjk0MDQ0N18yOTQw\/NDQ3X21pbmlzdGVydWwtZGUtZXh0ZXJu\/ZS1ydXNpYS1wcm9maW1lZGlhLmpwZyZ3\/PTEyMDAmaD02MzAmemM9MSZoYXNoPTdl\/ODVmYWU3ZTcwN2RhNjI1OTM0YWUzZWZhY2M5Y2M3.thumb.jpg&#8221;] Ministerul de Externe al Rusiei l-a convocat miercuri pe \u00eens\u0103rcinatul cu afaceri al Germaniei dup\u0103 acuza\u0163iile Berlinului privind implicarea Rusiei \u00eentr-un atac cu drone comis la \u00eenceputul lunii august asupra aeroportului din ora\u015ful Leipzig, transmite EFE. \u201eMinisterul de Externe al Rusiei l-a citat pe \u00eens\u0103rcinatul cu afaceri al Republicii Federale Germania la [&hellip;]<\/p>\n","protected":false},"author":1,"featured_media":0,"comment_status":"open","ping_status":"","sticky":false,"template":"","format":"standard","meta":{"footnotes":""},"categories":[89],"tags":[226,11],"class_list":["post-2124936","post","type-post","status-publish","format-standard","hentry","category-romania","tag-crawlmanager","tag-digi24"],"_links":{"self":[{"href":"https:\/\/analyse.optim.biz\/index.php?rest_route=\/wp\/v2\/posts\/2124936","targetHints":{"allow":["GET"]}}],"collection":[{"href":"https:\/\/analyse.optim.biz\/index.php?rest_route=\/wp\/v2\/posts"}],"about":[{"href":"https:\/\/analyse.optim.biz\/index.php?rest_route=\/wp\/v2\/types\/post"}],"author":[{"embeddable":true,"href":"https:\/\/analyse.optim.biz\/index.php?rest_route=\/wp\/v2\/users\/1"}],"replies":[{"embeddable":true,"href":"https:\/\/analyse.optim.biz\/index.php?rest_route=%2Fwp%2Fv2%2Fcomments&post=2124936"}],"version-history":[{"count":0,"href":"https:\/\/analyse.optim.biz\/index.php?rest_route=\/wp\/v2\/posts\/2124936\/revisions"}],"wp:attachment":[{"href":"https:\/\/analyse.optim.biz\/index.php?rest_route=%2Fwp%2Fv2%2Fmedia&parent=2124936"}],"wp:term":[{"taxonomy":"category","embeddable":true,"href":"https:\/\/analyse.optim.biz\/index.php?rest_route=%2Fwp%2Fv2%2Fcategories&post=2124936"},{"taxonomy":"post_tag","embeddable":true,"href":"https:\/\/analyse.optim.biz\/index.php?rest_route=%2Fwp%2Fv2%2Ftags&post=2124936"}],"curies":[{"name":"wp","href":"https:\/\/api.w.org\/{rel}","templated":true}]}}