{"id":2124866,"date":"2026-09-02T06:00:15","date_gmt":"2026-09-02T03:00:15","guid":{"rendered":"https:\/\/analyse.optim.biz\/?p=2124866"},"modified":"2026-09-02T06:00:15","modified_gmt":"2026-09-02T03:00:15","slug":"vant-din-pupa-pentru-traditie-regatta-nod-in-papura-transforma-portul-sarichioi-in-capitala-lotcilor-cu","status":"publish","type":"post","link":"https:\/\/analyse.optim.biz\/?p=2124866","title":{"rendered":"V\u00e2nt din pupa pentru tradi\u0163ie: Regatta \u201eNod \u00een Papur\u0103\u201d transform\u0103 Portul Sarichioi \u00een capitala lotcilor cu"},"content":{"rendered":"<p>[analyse_image type=&#8221;featured&#8221; src=&#8221;https:\/\/ziaruldelta.ro\/wp-content\/uploads\/2026\/09\/vant-din-pupa-1.jpg&#8221;]<\/p>\n<article id=\"post-38264\" class=\"module single-post-module post-38264 post type-post status-publish format-standard has-post-thumbnail hentry category-eveniment et-has-post-format-content et_post_format-et-post-format-standard\">\n<div class=\"post-header\">\n<h1 class=\"entry-title\">V\u00e2nt din pupa pentru tradi\u0163ie: Regatta \u201eNod \u00een Papur\u0103\u201d transform\u0103 Portul Sarichioi \u00een capitala lotcilor cu vele<\/h1>\n<div class=\"post-meta vcard\">\n<p>Posted by <a href=\"https:\/\/ziaruldelta.ro\/author\/rasvan-dinca\/\" class=\"url fn\" title=\"Posts by Rasvan DINCA\" rel=\"author\">Rasvan DINCA<\/a> | <span class=\"updated\">Sep 2, 2026<\/span> | <a href=\"https:\/\/ziaruldelta.ro\/category\/eveniment\/\" rel=\"tag\">Eveniment<\/a> | <\/p>\n<\/div>\n<\/div>\n<div class=\"post-thumbnail header\"><img decoding=\"async\" src=\"https:\/\/ziaruldelta.ro\/wp-content\/uploads\/2026\/09\/vant-din-pupa-1.jpg\" alt=\"V\u00e2nt din pupa pentru tradi\u0163ie: Regatta \u201eNod \u00een Papur\u0103\u201d transform\u0103 Portul Sarichioi \u00een capitala lotcilor cu vele\"><\/div>\n<div class=\"post-wrap\">\n<div class=\"post-content entry-content\">\n<p><strong>\u00centre 4 \u015fi 6 septembrie 2026, vechiul port pesc\u0103resc din Sarichioi \u015fi apele Lacului Razim devin scena unui eveniment cultural \u015fi sportiv unic \u00een Rom\u00e2nia: a treia edi\u0163ie a Regattei \u201eNod \u00een Papur\u0103\u201d \u2013 A Treia Rafal\u0103. Festivalul \u00ee\u015fi propune s\u0103 recupereze \u015fi s\u0103 aduc\u0103 \u00een prezent o tradi\u0163ie vie a Deltei Dun\u0103rii \u2013 naviga\u0163ia tradi\u0163ional\u0103 cu lotci din lemn propulsate mixt, prin for\u0163a ramelor \u015fi a v\u00e2ntului. Intrarea la toate activit\u0103\u0163ile din cadrul Regattei este liber\u0103.\u00a0 <\/strong><\/p>\n<p>Anul acesta, cinci lotci tradi\u0163ionale vor fi disputate de echipaje sosite din \u00eentreaga \u0163ar\u0103. Competi\u0163ia principal\u0103 va lua startul s\u00e2mb\u0103t\u0103, \u00eencep\u00e2nd cu ora 13:00, din Portul Sarichioi.<\/p>\n<p><strong>Premier\u0103 pe Lacul Razim: Lansarea navei amiral \u201eCeaika\u201d<\/strong><\/p>\n<p><img loading=\"lazy\" decoding=\"async\" class=\" wp-image-38267 alignleft\" src=\"https:\/\/ziaruldelta.ro\/wp-content\/uploads\/2026\/09\/vant-din-pupa-2-458x610.jpg\" alt width=\"416\" height=\"554\">Edi\u0163ia din acest an aduce momente speciale pentru public. S\u00e2mb\u0103t\u0103 va fi lansat\u0103 la ap\u0103 \u201eCeaika\u201d, cea mai mare lotc\u0103 reconstituit\u0103 \u00een ultimii \u015fase ani de Alex Onofrei, constructor de b\u0103rci \u015fi ini\u0163iatorul proiectului (www.marangoz.ro). Aceasta va deveni oficial nava amiral a micii flotile de pe Lacul Razim.<\/p>\n<p>De asemenea, vineri sear\u0103, caravana documentarului \u201eDelta S\u0103lbatic\u0103\u201d, regizat de Dan Dinu \u015fi dedicat biodiversit\u0103\u0163ii unice a ecosistemului deltaic, \u00ee\u015fi va sus\u0163ine proiec\u0163ia de \u00eencheiere chiar la Sarichioi. O alt\u0103 noutate absolut\u0103 este \u201eRegatta Junior\u201d, un concurs de profil dedicat exclusiv copiilor, organizat \u00een ultima zi a vacan\u0163ei de var\u0103.<\/p>\n<p>Pe parcursul celor trei zile, competi\u0163ia sportiv\u0103 va fi completat\u0103 de un mini-festival gastronomic \u015fi cultural. Produc\u0103torii locali \u015fi regionali vor asigura o mas\u0103 comunitar\u0103 bazat\u0103 pe preparate tradi\u0163ionale din pe\u015fte. Atmosfera va fi \u00eentre\u0163inut\u0103 prin concerte live, decoruri autentice \u015fi activit\u0103\u0163i de educa\u0163ie ecologic\u0103 destinate noii genera\u0163ii.<\/p>\n<p>Citi\u0163i continuarea \u00een edi\u0163ia tip\u0103rit\u0103 a Ziarului DELTA.<\/p>\n<p>\u00a0<\/p>\n<\/div>\n<\/div>\n<div class=\"post-footer\">\n<div class=\"social-icons ed-social-share-icons\">\n<p class=\"share-title\">Share:<\/p>\n<\/div>\n<div class=\"rating-stars\">\n<p id=\"rate-title\" class=\"rate-title\">Rate:<\/p>\n<\/div>\n<\/div>\n<\/article>\n<div class=\"post-content entry-content\">\n<p><strong>\u00centre 4 \u015fi 6 septembrie 2026, vechiul port pesc\u0103resc din Sarichioi \u015fi apele Lacului Razim devin scena unui eveniment cultural \u015fi sportiv unic \u00een Rom\u00e2nia: a treia edi\u0163ie a Regattei \u201eNod \u00een Papur\u0103\u201d \u2013 A Treia Rafal\u0103. Festivalul \u00ee\u015fi propune s\u0103 recupereze \u015fi s\u0103 aduc\u0103 \u00een prezent o tradi\u0163ie vie a Deltei Dun\u0103rii \u2013 naviga\u0163ia tradi\u0163ional\u0103 cu lotci din lemn propulsate mixt, prin for\u0163a ramelor \u015fi a v\u00e2ntului. Intrarea la toate activit\u0103\u0163ile din cadrul Regattei este liber\u0103.\u00a0 <\/strong><\/p>\n<p>Anul acesta, cinci lotci tradi\u0163ionale vor fi disputate de echipaje sosite din \u00eentreaga \u0163ar\u0103. Competi\u0163ia principal\u0103 va lua startul s\u00e2mb\u0103t\u0103, \u00eencep\u00e2nd cu ora 13:00, din Portul Sarichioi.<\/p>\n<p><strong>Premier\u0103 pe Lacul Razim: Lansarea navei amiral \u201eCeaika\u201d<\/strong><\/p>\n<p><img loading=\"lazy\" decoding=\"async\" class=\" wp-image-38267 alignleft\" src=\"https:\/\/ziaruldelta.ro\/wp-content\/uploads\/2026\/09\/vant-din-pupa-2-458x610.jpg\" alt width=\"416\" height=\"554\">Edi\u0163ia din acest an aduce momente speciale pentru public. S\u00e2mb\u0103t\u0103 va fi lansat\u0103 la ap\u0103 \u201eCeaika\u201d, cea mai mare lotc\u0103 reconstituit\u0103 \u00een ultimii \u015fase ani de Alex Onofrei, constructor de b\u0103rci \u015fi ini\u0163iatorul proiectului (www.marangoz.ro). Aceasta va deveni oficial nava amiral a micii flotile de pe Lacul Razim.<\/p>\n<p>De asemenea, vineri sear\u0103, caravana documentarului \u201eDelta S\u0103lbatic\u0103\u201d, regizat de Dan Dinu \u015fi dedicat biodiversit\u0103\u0163ii unice a ecosistemului deltaic, \u00ee\u015fi va sus\u0163ine proiec\u0163ia de \u00eencheiere chiar la Sarichioi. O alt\u0103 noutate absolut\u0103 este \u201eRegatta Junior\u201d, un concurs de profil dedicat exclusiv copiilor, organizat \u00een ultima zi a vacan\u0163ei de var\u0103.<\/p>\n<p>Pe parcursul celor trei zile, competi\u0163ia sportiv\u0103 va fi completat\u0103 de un mini-festival gastronomic \u015fi cultural. Produc\u0103torii locali \u015fi regionali vor asigura o mas\u0103 comunitar\u0103 bazat\u0103 pe preparate tradi\u0163ionale din pe\u015fte. Atmosfera va fi \u00eentre\u0163inut\u0103 prin concerte live, decoruri autentice \u015fi activit\u0103\u0163i de educa\u0163ie ecologic\u0103 destinate noii genera\u0163ii.<\/p>\n<p>Citi\u0163i continuarea \u00een edi\u0163ia tip\u0103rit\u0103 a Ziarului DELTA.<\/p>\n<p>\u00a0<\/p>\n<\/div>\n<div class=\"post-content entry-content\">\n<p><strong>\u00centre 4 \u015fi 6 septembrie 2026, vechiul port pesc\u0103resc din Sarichioi \u015fi apele Lacului Razim devin scena unui eveniment cultural \u015fi sportiv unic \u00een Rom\u00e2nia: a treia edi\u0163ie a Regattei \u201eNod \u00een Papur\u0103\u201d \u2013 A Treia Rafal\u0103. Festivalul \u00ee\u015fi propune s\u0103 recupereze \u015fi s\u0103 aduc\u0103 \u00een prezent o tradi\u0163ie vie a Deltei Dun\u0103rii \u2013 naviga\u0163ia tradi\u0163ional\u0103 cu lotci din lemn propulsate mixt, prin for\u0163a ramelor \u015fi a v\u00e2ntului. Intrarea la toate activit\u0103\u0163ile din cadrul Regattei este liber\u0103.\u00a0 <\/strong><\/p>\n<p>Anul acesta, cinci lotci tradi\u0163ionale vor fi disputate de echipaje sosite din \u00eentreaga \u0163ar\u0103. Competi\u0163ia principal\u0103 va lua startul s\u00e2mb\u0103t\u0103, \u00eencep\u00e2nd cu ora 13:00, din Portul Sarichioi.<\/p>\n<p><strong>Premier\u0103 pe Lacul Razim: Lansarea navei amiral \u201eCeaika\u201d<\/strong><\/p>\n<p><img loading=\"lazy\" decoding=\"async\" class=\" wp-image-38267 alignleft\" src=\"https:\/\/ziaruldelta.ro\/wp-content\/uploads\/2026\/09\/vant-din-pupa-2-458x610.jpg\" alt width=\"416\" height=\"554\">Edi\u0163ia din acest an aduce momente speciale pentru public. S\u00e2mb\u0103t\u0103 va fi lansat\u0103 la ap\u0103 \u201eCeaika\u201d, cea mai mare lotc\u0103 reconstituit\u0103 \u00een ultimii \u015fase ani de Alex Onofrei, constructor de b\u0103rci \u015fi ini\u0163iatorul proiectului (www.marangoz.ro). Aceasta va deveni oficial nava amiral a micii flotile de pe Lacul Razim.<\/p>\n<p>De asemenea, vineri sear\u0103, caravana documentarului \u201eDelta S\u0103lbatic\u0103\u201d, regizat de Dan Dinu \u015fi dedicat biodiversit\u0103\u0163ii unice a ecosistemului deltaic, \u00ee\u015fi va sus\u0163ine proiec\u0163ia de \u00eencheiere chiar la Sarichioi. O alt\u0103 noutate absolut\u0103 este \u201eRegatta Junior\u201d, un concurs de profil dedicat exclusiv copiilor, organizat \u00een ultima zi a vacan\u0163ei de var\u0103.<\/p>\n<p>Pe parcursul celor trei zile, competi\u0163ia sportiv\u0103 va fi completat\u0103 de un mini-festival gastronomic \u015fi cultural. Produc\u0103torii locali \u015fi regionali vor asigura o mas\u0103 comunitar\u0103 bazat\u0103 pe preparate tradi\u0163ionale din pe\u015fte. Atmosfera va fi \u00eentre\u0163inut\u0103 prin concerte live, decoruri autentice \u015fi activit\u0103\u0163i de educa\u0163ie ecologic\u0103 destinate noii genera\u0163ii.<\/p>\n<p>Citi\u0163i continuarea \u00een edi\u0163ia tip\u0103rit\u0103 a Ziarului DELTA.<\/p>\n<p>\u00a0<\/p>\n<\/div>\n<p>[analyse_source url=&#8221;https:\/\/ziaruldelta.ro\/2026\/09\/02\/vant-din-pupa-pentru-traditie-regatta-nod-in-papura-transforma-portul-sarichioi-in-capitala-lotcilor-cu-vele\/&#8221;]<\/p>\n","protected":false},"excerpt":{"rendered":"<p>[analyse_image type=&#8221;featured&#8221; src=&#8221;https:\/\/ziaruldelta.ro\/wp-content\/uploads\/2026\/09\/vant-din-pupa-1.jpg&#8221;] V\u00e2nt din pupa pentru tradi\u0163ie: Regatta \u201eNod \u00een Papur\u0103\u201d transform\u0103 Portul Sarichioi \u00een capitala lotcilor cu vele Posted by Rasvan DINCA | Sep 2, 2026 | Eveniment | \u00centre 4 \u015fi 6 septembrie 2026, vechiul port pesc\u0103resc din Sarichioi \u015fi apele Lacului Razim devin scena unui eveniment cultural \u015fi sportiv unic \u00een [&hellip;]<\/p>\n","protected":false},"author":1,"featured_media":0,"comment_status":"open","ping_status":"","sticky":false,"template":"","format":"standard","meta":{"footnotes":""},"categories":[89],"tags":[226,206],"class_list":["post-2124866","post","type-post","status-publish","format-standard","hentry","category-romania","tag-crawlmanager","tag-ziaruldelta-ro"],"_links":{"self":[{"href":"https:\/\/analyse.optim.biz\/index.php?rest_route=\/wp\/v2\/posts\/2124866","targetHints":{"allow":["GET"]}}],"collection":[{"href":"https:\/\/analyse.optim.biz\/index.php?rest_route=\/wp\/v2\/posts"}],"about":[{"href":"https:\/\/analyse.optim.biz\/index.php?rest_route=\/wp\/v2\/types\/post"}],"author":[{"embeddable":true,"href":"https:\/\/analyse.optim.biz\/index.php?rest_route=\/wp\/v2\/users\/1"}],"replies":[{"embeddable":true,"href":"https:\/\/analyse.optim.biz\/index.php?rest_route=%2Fwp%2Fv2%2Fcomments&post=2124866"}],"version-history":[{"count":0,"href":"https:\/\/analyse.optim.biz\/index.php?rest_route=\/wp\/v2\/posts\/2124866\/revisions"}],"wp:attachment":[{"href":"https:\/\/analyse.optim.biz\/index.php?rest_route=%2Fwp%2Fv2%2Fmedia&parent=2124866"}],"wp:term":[{"taxonomy":"category","embeddable":true,"href":"https:\/\/analyse.optim.biz\/index.php?rest_route=%2Fwp%2Fv2%2Fcategories&post=2124866"},{"taxonomy":"post_tag","embeddable":true,"href":"https:\/\/analyse.optim.biz\/index.php?rest_route=%2Fwp%2Fv2%2Ftags&post=2124866"}],"curies":[{"name":"wp","href":"https:\/\/api.w.org\/{rel}","templated":true}]}}