{"id":2124859,"date":"2026-09-02T06:50:39","date_gmt":"2026-09-02T03:50:39","guid":{"rendered":"https:\/\/analyse.optim.biz\/?p=2124859"},"modified":"2026-09-02T06:50:39","modified_gmt":"2026-09-02T03:50:39","slug":"visit-timisoara-deschide-oficial-sezonul-cultural-de-toamna","status":"publish","type":"post","link":"https:\/\/analyse.optim.biz\/?p=2124859","title":{"rendered":"Visit Timi\u0219oara deschide oficial sezonul cultural de toamn\u0103\u00a0"},"content":{"rendered":"<p>[analyse_image type=&#8221;featured&#8221; src=&#8221;&#8221;]<\/p>\n<div class=\"entry-content\">\n<figure class=\"wp-block-table\">\n<table class=\"has-fixed-layout\">\n<tbody>\n<tr>\n<td>Visit Timi\u0219oara anun\u021b\u0103 organizarea campaniei de toamn\u0103 \u201e<strong>Toamna la Timi\u0219oara<\/strong>\u201e, un calendar de evenimente culturale desf\u0103\u0219urat \u00eentre lunile septembrie \u0219i noiembrie 2026. Timp de trei luni, ora\u0219ul propune locuitorilor \u0219i vizitatorilor un program dedicat artei, arhitecturii, filmului, muzicii \u0219i gastronomiei locale.<\/p>\n<p>Ini\u021biativa se deruleaz\u0103 \u00een contextul desemn\u0103rii Timi\u0219oarei drept\u00a0<strong>Destina\u021bia Anului 2026<\/strong>, titlu ce reflect\u0103 modul \u00een care patrimoniul istoric, evenimentele culturale, gastronomia \u0219i spa\u021biile verzi ale ora\u0219ului contribuie la o experien\u021b\u0103 urban\u0103 complet\u0103.<\/p>\n<p><strong>Programul de toamn\u0103 include<\/strong>\u00a0o expozi\u021bie dedicat\u0103 lui\u00a0<strong>Pablo Picasso<\/strong>, festivalul de arhitectur\u0103\u00a0<strong>BETA\u00a0<\/strong>\u0219i festivalul\u00a0<strong>La Pas<\/strong>, dedicat locurilor, oamenilor \u0219i pove\u0219tilor timi\u0219orene. Componenta cinematografic\u0103 este reprezentat\u0103 de\u00a0<strong>TIFF Timi\u0219oara<\/strong>\u00a0\u0219i de festivalul\u00a0<strong>TAIFAS<\/strong>, dedicat filmelor \u0219i pove\u0219tilor din spa\u021biul balcanic. Componenta gastronomic\u0103 este marcat\u0103 de\u00a0<strong>Timi\u0219oara Tasting Tour<\/strong>, programat pe 26 septembrie. Via\u021ba universitar\u0103 este marcat\u0103 prin\u00a0<strong>Noaptea Campusului Deschis<\/strong>\u00a0\u0219i\u00a0<strong>TakeOver by UPT<\/strong>\u00a0\u2013 Campus Creativ, iar \u00een luna noiembrie ora\u0219ul g\u0103zduie\u0219te evenimentul \u201e<strong>\u00cembr\u0103\u021bi\u0219eaz\u0103 incertitudinea<\/strong>\u201e, al\u0103turi de\u00a0<strong>Analog Mania<\/strong>, dedicat creativit\u0103\u021bii analogice.<\/p>\n<p>\u201e<em>Toamna este unul dintre cele mai bune momente s\u0103 vii la Timi\u0219oara. Ora\u0219ul \u00ee\u0219i recap\u0103t\u0103 ritmul, studen\u021bii se \u00eentorc, iar aproape \u00een fiecare weekend se \u00eent\u00e2mpl\u0103 ceva: expozi\u021bii, festivaluri de film, arhitectur\u0103, muzic\u0103 sau gastronomie. Este un program \u00een care fiecare poate g\u0103si un motiv s\u0103 ne viziteze, inclusiv familiile care vin cu copiii. Timi\u0219oara merit\u0103 descoperit\u0103 f\u0103r\u0103 grab\u0103, iar toamna \u00eei vine foarte bine<\/em>\u201d, declar\u0103 Laura Boldovici, directoare Visit Timi\u0219oara.\u00a0<\/p>\n<p>Prin aceast\u0103 campanie, Visit Timi\u0219oara continu\u0103 demersurile de promovare a ora\u0219ului la nivel na\u021bional \u0219i interna\u021bional, pun\u00e2nd \u00een valoare patrimoniul arhitectural, cultural \u0219i istoric al Timi\u0219oarei, al\u0103turi de dinamismul vie\u021bii urbane actuale. Ac\u021biunea se \u00eenscrie \u00een strategia de dezvoltare a turismului local, contribuind la cre\u0219terea vizibilit\u0103\u021bii ora\u0219ului \u0219i la atragerea de oportunit\u0103\u021bi \u0219i investi\u021bii relevante pentru comunitate.\u00a0<\/p>\n<p>Detalii complete despre programul campaniei de toamn\u0103 pot fi consultate pe pagina oficial\u0103:\u00a0<a href=\"https:\/\/visit-timisoara.com\/ro\/campaigns\/fall-for-timisoara-2026-ro\/\" target=\"_blank\" rel=\"noreferrer noopener\">https:\/\/visit-timisoara.com\/ro\/campaigns\/fall-for-timisoara-2026-ro\/<\/a><\/td>\n<\/tr>\n<\/tbody>\n<\/table>\n<\/figure>\n<div class=\"social-sharing ss-social-sharing\"><a rel=\"external nofollow\" class=\"ss-button-facebook\" href=\"http:\/\/www.facebook.com\/sharer\/sharer.php?u=https%3A%2F%2Fwww.observatordetimis.ro%2F2026%2F09%2F02%2Fvisit-timisoara-deschide-oficial-sezonul-cultural-de-toamna%2F\" target=\"_blank\">Share on Facebook<\/a><a rel=\"external nofollow\" class=\"ss-button-twitter\" href=\"http:\/\/twitter.com\/intent\/tweet\/?text=Visit+Timi%C8%99oara+deschide+oficial+sezonul+cultural+de+toamn%C4%83%C2%A0&amp;url=https%3A%2F%2Fwww.observatordetimis.ro%2F2026%2F09%2F02%2Fvisit-timisoara-deschide-oficial-sezonul-cultural-de-toamna%2F\" target=\"_blank\">Share on Twitter<\/a><a rel=\"external nofollow\" class=\"ss-button-linkedin\" href=\"http:\/\/www.linkedin.com\/shareArticle?mini=true&amp;url=https%3A%2F%2Fwww.observatordetimis.ro%2F2026%2F09%2F02%2Fvisit-timisoara-deschide-oficial-sezonul-cultural-de-toamna%2F&amp;title=Visit+Timi%C8%99oara+deschide+oficial+sezonul+cultural+de+toamn%C4%83%C2%A0\" target=\"_blank\">Share on Linkedin<\/a><\/div>\n<div class=\"relpost-thumb-wrapper\">\n<div class=\"relpost-thumb-container\">\n<h3>Cite\u0219te \u0219i:<\/h3>\n<div class=\"relpost-block-container relpost-block-column-layout\"><a href=\"https:\/\/www.observatordetimis.ro\/2025\/07\/11\/banatul-si-timisoara-in-prim-plan-la-festivalul-romanian-weekend-at-the-wharf-de-la-washington\/\" class=\"relpost-block-single\"><\/p>\n<div class=\"relpost-custom-block-single\">\n<div class=\"relpost-block-single-text\">\n<h3 class=\"relpost_card_title\">Banatul \u0219i Timi\u0219oara, \u00een prim-plan la festivalul \u201eRomanian Weekend at The Wharf\u201d de la Washington<\/h3>\n<\/div>\n<\/div>\n<p><\/a><a href=\"https:\/\/www.observatordetimis.ro\/2025\/08\/02\/spectacolul-sidy-thal-doua-reprezentatii-in-germania-la-theaterhaus-stuttgart-in-septembrie\/\" class=\"relpost-block-single\"><\/p>\n<div class=\"relpost-custom-block-single\">\n<div class=\"relpost-block-single-text\">\n<h3 class=\"relpost_card_title\">Spectacolul \u201eSidy Thal\u201d \u2013 dou\u0103 reprezenta\u021bii \u00een Germania, la Theaterhaus Stuttgart, \u00een septembrie<\/h3>\n<\/div>\n<\/div>\n<p><\/a><a href=\"https:\/\/www.observatordetimis.ro\/2026\/06\/02\/tara-mea-i-banatu-meu-rasuna-din-nou-la-timisoara-festivalul-national-de-folclor-petrica-moise-revine-cu-artisti-de-renume\/\" class=\"relpost-block-single\"><\/p>\n<div class=\"relpost-custom-block-single\">\n<div class=\"relpost-block-single-text\">\n<h3 class=\"relpost_card_title\">\u201e\u021aara mea-i Banatu\u2019 meu\u201d r\u0103sun\u0103 din nou la Timi\u0219oara. Festivalul Na\u021bional de Folclor \u201ePetric\u0103 Moise\u201d&#8230;<\/h3>\n<\/div>\n<\/div>\n<p><\/a><a href=\"https:\/\/www.observatordetimis.ro\/2026\/06\/26\/final-de-stagiune-la-tnt\/\" class=\"relpost-block-single\"><\/p>\n<div class=\"relpost-custom-block-single\">\n<div class=\"relpost-block-single-text\">\n<h3 class=\"relpost_card_title\">Final de stagiune la TNT<\/h3>\n<\/div>\n<\/div>\n<p><\/a><a href=\"https:\/\/www.observatordetimis.ro\/2025\/06\/24\/undergorund-fm-la-festivalul-international-de-teatru-new-wave\/\" class=\"relpost-block-single\"><\/p>\n<div class=\"relpost-custom-block-single\">\n<div class=\"relpost-block-single-text\">\n<h3 class=\"relpost_card_title\">UNDERGORUND FM, la Festivalul Interna\u021bional de Teatru \u201eNew Wave\u201d<\/h3>\n<\/div>\n<\/div>\n<p><\/a><a href=\"https:\/\/www.observatordetimis.ro\/2026\/05\/25\/campanie-de-extragere-controlata-a-artefactelor-metalice-din-situl-arheologic-crivina-leopoldsberg\/\" class=\"relpost-block-single\"><\/p>\n<div class=\"relpost-custom-block-single\">\n<div class=\"relpost-block-single-text\">\n<h3 class=\"relpost_card_title\">Campanie de extragere controlat\u0103 a artefactelor metalice din situl arheologic Crivina\u2013Leopoldsberg<\/h3>\n<\/div>\n<\/div>\n<p><\/a><\/div>\n<\/div>\n<\/div>\n<\/div>\n<p>[analyse_source url=&#8221;https:\/\/www.observatordetimis.ro\/2026\/09\/02\/visit-timisoara-deschide-oficial-sezonul-cultural-de-toamna\/&#8221;]<\/p>\n","protected":false},"excerpt":{"rendered":"<p>[analyse_image type=&#8221;featured&#8221; src=&#8221;&#8221;] Visit Timi\u0219oara anun\u021b\u0103 organizarea campaniei de toamn\u0103 \u201eToamna la Timi\u0219oara\u201e, un calendar de evenimente culturale desf\u0103\u0219urat \u00eentre lunile septembrie \u0219i noiembrie 2026. Timp de trei luni, ora\u0219ul propune locuitorilor \u0219i vizitatorilor un program dedicat artei, arhitecturii, filmului, muzicii \u0219i gastronomiei locale. Ini\u021biativa se deruleaz\u0103 \u00een contextul desemn\u0103rii Timi\u0219oarei drept\u00a0Destina\u021bia Anului 2026, titlu [&hellip;]<\/p>\n","protected":false},"author":1,"featured_media":0,"comment_status":"open","ping_status":"","sticky":false,"template":"","format":"standard","meta":{"footnotes":""},"categories":[89],"tags":[226,186],"class_list":["post-2124859","post","type-post","status-publish","format-standard","hentry","category-romania","tag-crawlmanager","tag-observatordetimis-ro"],"_links":{"self":[{"href":"https:\/\/analyse.optim.biz\/index.php?rest_route=\/wp\/v2\/posts\/2124859","targetHints":{"allow":["GET"]}}],"collection":[{"href":"https:\/\/analyse.optim.biz\/index.php?rest_route=\/wp\/v2\/posts"}],"about":[{"href":"https:\/\/analyse.optim.biz\/index.php?rest_route=\/wp\/v2\/types\/post"}],"author":[{"embeddable":true,"href":"https:\/\/analyse.optim.biz\/index.php?rest_route=\/wp\/v2\/users\/1"}],"replies":[{"embeddable":true,"href":"https:\/\/analyse.optim.biz\/index.php?rest_route=%2Fwp%2Fv2%2Fcomments&post=2124859"}],"version-history":[{"count":0,"href":"https:\/\/analyse.optim.biz\/index.php?rest_route=\/wp\/v2\/posts\/2124859\/revisions"}],"wp:attachment":[{"href":"https:\/\/analyse.optim.biz\/index.php?rest_route=%2Fwp%2Fv2%2Fmedia&parent=2124859"}],"wp:term":[{"taxonomy":"category","embeddable":true,"href":"https:\/\/analyse.optim.biz\/index.php?rest_route=%2Fwp%2Fv2%2Fcategories&post=2124859"},{"taxonomy":"post_tag","embeddable":true,"href":"https:\/\/analyse.optim.biz\/index.php?rest_route=%2Fwp%2Fv2%2Ftags&post=2124859"}],"curies":[{"name":"wp","href":"https:\/\/api.w.org\/{rel}","templated":true}]}}