{"id":2124858,"date":"2026-09-02T17:41:42","date_gmt":"2026-09-02T14:41:42","guid":{"rendered":"https:\/\/analyse.optim.biz\/?p=2124858"},"modified":"2026-09-02T17:41:42","modified_gmt":"2026-09-02T14:41:42","slug":"in-septembrie-trupa-teatrulului-maghiar-din-timisoara-joaca-cinci-spectacole","status":"publish","type":"post","link":"https:\/\/analyse.optim.biz\/?p=2124858","title":{"rendered":"\u00cen septembrie, trupa Teatrulului Maghiar din Timi\u0219oara joac\u0103 cinci spectacole"},"content":{"rendered":"<p>[analyse_image type=&#8221;featured&#8221; src=&#8221;https:\/\/www.tion.ro\/wp-content\/uploads\/2026\/09\/+otf\/1200&#215;630\/SyC9vw+01EMCpVHRO__28bU5PVF9WRVJZX1NFQx84bi9hkE7lwRT4FJoxo+R31OF8XqAtJK22__l5+97EqOzQYoZqAgIIwhecDmI4Sq9Ro9dJaAhAVHXxYMysyRK4=\/8370883MacbethBelo41.jpg&#8221;]<\/p>\n<article id=\"post-2345826\" class>\n<div class=\"entry-content clearfix\">\n<div class=\"enewsArticleContent\">\n<p>Teatrul Maghiar de Stat \u201eCsiky Gergely\u201d din Timi\u0219oara deschide stagiunea cu dou\u0103 reprezenta\u021bii ale spectacolului \u201eMacbeth\u201d, de William Shakespeare, \u00een regia lui Stefano T\u00e8. Spectacolul, prezentat \u00een premier\u0103 \u00een luna mai, \u00een cadrul Festivalului Euroregional de Teatru TESZT, la Uzina de Teatru \u2013 adic\u0103 hala UTT, se va juca pentru prima dat\u0103 \u00een Sala Mare a Teatrului s\u00e2mb\u0103t\u0103, 5 septembrie, \u0219i duminic\u0103, 6 septembrie, de la ora 19:00. O a treia reprezenta\u021bie va avea loc mar\u021bi, 15 septembrie, de la aceea\u0219i or\u0103.<\/p>\n<p>Sala Studio va g\u0103zdui one-woman-show-ul \u201eSe rezolv\u0103\u201d, cu L\u0151rincz Rita, miercuri, 9 septembrie, de la ora 18:00, \u0219i vineri, 18 septembrie, de la ora 19:00, \u0219i one-man-show-ul \u201eRuptur\u0103\u201d, cu Lajter M\u00e1rk\u00f3 Erneszt\u00f3, miercuri, 9 septembrie de la ora 20:00 \u0219i s\u00e2mb\u0103t\u0103, 19 septembrie, de la ora 19:00. Cele dou\u0103 monodrame sunt inspirate din via\u021ba actorilor. S\u00e2mb\u0103t\u0103, 12 septembrie, de la ora 19:00, tot \u00een Sala Studio, publicul este invitat la \u201eSora soarelui, lumina stelelor\u201d, un spectacol sensibil de poezie interpretate de Tar M\u00f3nika, \u00een regia lui Bal\u00e1zs Attila.<\/p>\n<p>\u00cen ceea ce prive\u0219te spectacolele proprii prezentate la sediul Teatrului, luna septembrie se \u00eencheie cu \u201eStrada Fericirii 12A\u201d, \u00een regia lui Laurent Berger, o produc\u021bie-document despre violen\u021ba domestic\u0103, realizat\u0103 \u00een cadrul unui amplu proiect european \u0219i prezentat\u0103 deja \u00een cadrul Festivalului Euroregional de Teatru TESZT \u0219i \u00een mai multe festivaluri interna\u021bionale, anun\u021b\u0103 echipa TMT. Spectacolul va avea loc miercuri, 30 septembrie, de la ora 13:30, \u00een Sala Studio.<\/p>\n<p>Luni, 14 septembrie, de la ora 18:00, Sala Studio g\u0103zduie\u0219te \u201eKurt\u00e1g 100. Fragmente Kurt\u00e1g\u201d, un eveniment dedicat universului artistic al compozitorului lugojean Gy\u00f6rgy Kurt\u00e1g, care propune o proiec\u021bie de film \u0219i o discu\u021bie, \u00een contextul anivers\u0103rii a 100 de ani de la na\u0219terea acestuia.<\/p>\n<p>\u00cen cadrul Zilelor Culturale Maghiare din Timi\u0219oara, duminic\u0103, 27 septembrie, Sala Mare va g\u0103zdui dou\u0103 evenimente. De la ora 17:00, publicul este invitat la \u201eCeautm\u201d, spectacol al Scenei Liceene \u201eBart\u00f3k\u201d, iar de la ora 19:00 va avea loc \u201e\u00cen toate visele noastre\u201d, spectacol-concert inspirat de universul artistic \u0219i muzical al lui Cseh Tam\u00e1s.<\/p>\n<p>\u00cen luna septembrie, arti\u0219tii Teatrului Maghiar se \u00eent\u00e2lnesc cu publicul \u0219i \u00een afara Timi\u0219oarei. Spectacolele \u201eSe rezolv\u0103\u201d, cu L\u0151rincz Rita, \u0219i \u201eRuptur\u0103\u201d, cu Lajter M\u00e1rk\u00f3 Erneszt\u00f3, ajung la B\u00e9k\u00e9scsaba, iar \u201eZbor ad\u00e2nc\u201d, \u00een interpretarea lui Jancs\u00f3 El\u0151d, va fi prezentat la Debrecen \u0219i Arad.<\/p>\n<p>Toate spectacolele Teatrului Maghiar beneficiaz\u0103 de traducere \u00een limba rom\u00e2n\u0103 \u0219i, dup\u0103 caz, \u00een limba englez\u0103, prin supratitrare. Biletele sunt disponibile la casa de bilete a teatrului, deschis\u0103 luni-vineri \u00eentre orele 13:00 \u0219i 19:00, \u0219i online, pe site-ul oficial al Teatrului Maghiar de Stat \u201eCsiky Gergely\u201d.<\/p>\n<div class=\"fbShareLikeTwitterAndEmailContainer\">\n<div class=\"wrapper\">\n<div class=\"email\">\n<div id=\"mailto-pop\" class=\"pop-form pop-form-mailto\">\n<div class=\"pop-form-header\">\n<h4>Trimite articolul<\/h4>\n<p><a class=\"pop-form-close\">X<\/a><\/div>\n<\/div>\n<\/div>\n<\/div>\n<\/div>\n<div class=\"tagsContainer\">\n<div class=\"tagsLabel\">Taguri:<\/div>\n<div class=\"tags\">\n<div class=\"tag\"><a href=\"https:\/\/www.tion.ro\/cimke\/teatru\" rel=\"tag\"><span class=\"link\">teatru<\/span><\/a><\/div>\n<\/div>\n<\/div>\n<div class=\"comments\">\n<div class=\"top\">\n<div class=\"commentsNumber\"><span class=\"number\">0<\/span><span class=\"text\">Comentarii<\/span><\/div>\n<\/div>\n<div class=\"center\">\n<div id=\"respond\" class=\"comment-respond\">\n<h3 id=\"reply-title\" class=\"comment-reply-title\"><small><a rel=\"nofollow\" id=\"cancel-comment-reply-link\" href=\"https:\/\/www.tion.ro\/capitala-culturala\/in-septembrie-trupa-teatrulului-maghiar-din-timisoara-joaca-cinci-spectacole-2345826\/#respond\">Cancel reply<\/a><\/small><\/h3>\n<p class=\"comment-notes\"><span id=\"email-notes\">Your email address will not be published.<\/span><span class=\"required-field-message\">Required fields are marked <span class=\"required\">*<\/span><\/span><\/p>\n<p class=\"commentFormComment\"><span id=\"commentFormCount\"><br \/>\n                            inca<br \/>\n                            <span id=\"countCommentText\">1000<\/span><br \/>\n                            caractere ramase<br \/>\n                        <\/span><\/p>\n<\/div>\n<\/div>\n<div class=\"bottom\">\n<p class=\"forumDisclaimerHuRo\">\n            Citi\u021bi principiile noastre de moderare <a href=\"https:\/\/www.tion.ro\/reguli-postare-comentarii\/\" target=\"_blank\">aici<\/a>!\n        <\/p>\n<\/div>\n<\/div>\n<\/div>\n<\/div>\n<\/article>\n<div class=\"entry-content clearfix\">\n<div class=\"enewsArticleContent\">\n<p>Teatrul Maghiar de Stat \u201eCsiky Gergely\u201d din Timi\u0219oara deschide stagiunea cu dou\u0103 reprezenta\u021bii ale spectacolului \u201eMacbeth\u201d, de William Shakespeare, \u00een regia lui Stefano T\u00e8. Spectacolul, prezentat \u00een premier\u0103 \u00een luna mai, \u00een cadrul Festivalului Euroregional de Teatru TESZT, la Uzina de Teatru \u2013 adic\u0103 hala UTT, se va juca pentru prima dat\u0103 \u00een Sala Mare a Teatrului s\u00e2mb\u0103t\u0103, 5 septembrie, \u0219i duminic\u0103, 6 septembrie, de la ora 19:00. O a treia reprezenta\u021bie va avea loc mar\u021bi, 15 septembrie, de la aceea\u0219i or\u0103.<\/p>\n<p>Sala Studio va g\u0103zdui one-woman-show-ul \u201eSe rezolv\u0103\u201d, cu L\u0151rincz Rita, miercuri, 9 septembrie, de la ora 18:00, \u0219i vineri, 18 septembrie, de la ora 19:00, \u0219i one-man-show-ul \u201eRuptur\u0103\u201d, cu Lajter M\u00e1rk\u00f3 Erneszt\u00f3, miercuri, 9 septembrie de la ora 20:00 \u0219i s\u00e2mb\u0103t\u0103, 19 septembrie, de la ora 19:00. Cele dou\u0103 monodrame sunt inspirate din via\u021ba actorilor. S\u00e2mb\u0103t\u0103, 12 septembrie, de la ora 19:00, tot \u00een Sala Studio, publicul este invitat la \u201eSora soarelui, lumina stelelor\u201d, un spectacol sensibil de poezie interpretate de Tar M\u00f3nika, \u00een regia lui Bal\u00e1zs Attila.<\/p>\n<p>\u00cen ceea ce prive\u0219te spectacolele proprii prezentate la sediul Teatrului, luna septembrie se \u00eencheie cu \u201eStrada Fericirii 12A\u201d, \u00een regia lui Laurent Berger, o produc\u021bie-document despre violen\u021ba domestic\u0103, realizat\u0103 \u00een cadrul unui amplu proiect european \u0219i prezentat\u0103 deja \u00een cadrul Festivalului Euroregional de Teatru TESZT \u0219i \u00een mai multe festivaluri interna\u021bionale, anun\u021b\u0103 echipa TMT. Spectacolul va avea loc miercuri, 30 septembrie, de la ora 13:30, \u00een Sala Studio.<\/p>\n<p>Luni, 14 septembrie, de la ora 18:00, Sala Studio g\u0103zduie\u0219te \u201eKurt\u00e1g 100. Fragmente Kurt\u00e1g\u201d, un eveniment dedicat universului artistic al compozitorului lugojean Gy\u00f6rgy Kurt\u00e1g, care propune o proiec\u021bie de film \u0219i o discu\u021bie, \u00een contextul anivers\u0103rii a 100 de ani de la na\u0219terea acestuia.<\/p>\n<p>\u00cen cadrul Zilelor Culturale Maghiare din Timi\u0219oara, duminic\u0103, 27 septembrie, Sala Mare va g\u0103zdui dou\u0103 evenimente. De la ora 17:00, publicul este invitat la \u201eCeautm\u201d, spectacol al Scenei Liceene \u201eBart\u00f3k\u201d, iar de la ora 19:00 va avea loc \u201e\u00cen toate visele noastre\u201d, spectacol-concert inspirat de universul artistic \u0219i muzical al lui Cseh Tam\u00e1s.<\/p>\n<p>\u00cen luna septembrie, arti\u0219tii Teatrului Maghiar se \u00eent\u00e2lnesc cu publicul \u0219i \u00een afara Timi\u0219oarei. Spectacolele \u201eSe rezolv\u0103\u201d, cu L\u0151rincz Rita, \u0219i \u201eRuptur\u0103\u201d, cu Lajter M\u00e1rk\u00f3 Erneszt\u00f3, ajung la B\u00e9k\u00e9scsaba, iar \u201eZbor ad\u00e2nc\u201d, \u00een interpretarea lui Jancs\u00f3 El\u0151d, va fi prezentat la Debrecen \u0219i Arad.<\/p>\n<p>Toate spectacolele Teatrului Maghiar beneficiaz\u0103 de traducere \u00een limba rom\u00e2n\u0103 \u0219i, dup\u0103 caz, \u00een limba englez\u0103, prin supratitrare. Biletele sunt disponibile la casa de bilete a teatrului, deschis\u0103 luni-vineri \u00eentre orele 13:00 \u0219i 19:00, \u0219i online, pe site-ul oficial al Teatrului Maghiar de Stat \u201eCsiky Gergely\u201d.<\/p>\n<div class=\"fbShareLikeTwitterAndEmailContainer\">\n<div class=\"wrapper\">\n<div class=\"email\">\n<div id=\"mailto-pop\" class=\"pop-form pop-form-mailto\">\n<div class=\"pop-form-header\">\n<h4>Trimite articolul<\/h4>\n<p><a class=\"pop-form-close\">X<\/a><\/div>\n<\/div>\n<\/div>\n<\/div>\n<\/div>\n<div class=\"tagsContainer\">\n<div class=\"tagsLabel\">Taguri:<\/div>\n<div class=\"tags\">\n<div class=\"tag\"><a href=\"https:\/\/www.tion.ro\/cimke\/teatru\" rel=\"tag\"><span class=\"link\">teatru<\/span><\/a><\/div>\n<\/div>\n<\/div>\n<div class=\"comments\">\n<div class=\"top\">\n<div class=\"commentsNumber\"><span class=\"number\">0<\/span><span class=\"text\">Comentarii<\/span><\/div>\n<\/div>\n<div class=\"center\">\n<div id=\"respond\" class=\"comment-respond\">\n<h3 id=\"reply-title\" class=\"comment-reply-title\"><small><a rel=\"nofollow\" id=\"cancel-comment-reply-link\" href=\"https:\/\/www.tion.ro\/capitala-culturala\/in-septembrie-trupa-teatrulului-maghiar-din-timisoara-joaca-cinci-spectacole-2345826\/#respond\">Cancel reply<\/a><\/small><\/h3>\n<p class=\"comment-notes\"><span id=\"email-notes\">Your email address will not be published.<\/span><span class=\"required-field-message\">Required fields are marked <span class=\"required\">*<\/span><\/span><\/p>\n<p class=\"commentFormComment\"><span id=\"commentFormCount\"><br \/>\n                            inca<br \/>\n                            <span id=\"countCommentText\">1000<\/span><br \/>\n                            caractere ramase<br \/>\n                        <\/span><\/p>\n<\/div>\n<\/div>\n<div class=\"bottom\">\n<p class=\"forumDisclaimerHuRo\">\n            Citi\u021bi principiile noastre de moderare <a href=\"https:\/\/www.tion.ro\/reguli-postare-comentarii\/\" target=\"_blank\">aici<\/a>!\n        <\/p>\n<\/div>\n<\/div>\n<\/div>\n<\/div>\n<p>[analyse_source url=&#8221;https:\/\/www.tion.ro\/capitala-culturala\/in-septembrie-trupa-teatrulului-maghiar-din-timisoara-joaca-cinci-spectacole-2345826\/&#8221;]<\/p>\n","protected":false},"excerpt":{"rendered":"<p>[analyse_image type=&#8221;featured&#8221; src=&#8221;https:\/\/www.tion.ro\/wp-content\/uploads\/2026\/09\/+otf\/1200&#215;630\/SyC9vw+01EMCpVHRO__28bU5PVF9WRVJZX1NFQx84bi9hkE7lwRT4FJoxo+R31OF8XqAtJK22__l5+97EqOzQYoZqAgIIwhecDmI4Sq9Ro9dJaAhAVHXxYMysyRK4=\/8370883MacbethBelo41.jpg&#8221;] Teatrul Maghiar de Stat \u201eCsiky Gergely\u201d din Timi\u0219oara deschide stagiunea cu dou\u0103 reprezenta\u021bii ale spectacolului \u201eMacbeth\u201d, de William Shakespeare, \u00een regia lui Stefano T\u00e8. Spectacolul, prezentat \u00een premier\u0103 \u00een luna mai, \u00een cadrul Festivalului Euroregional de Teatru TESZT, la Uzina de Teatru \u2013 adic\u0103 hala UTT, se va juca pentru prima dat\u0103 [&hellip;]<\/p>\n","protected":false},"author":1,"featured_media":0,"comment_status":"open","ping_status":"","sticky":false,"template":"","format":"standard","meta":{"footnotes":""},"categories":[89],"tags":[226,191],"class_list":["post-2124858","post","type-post","status-publish","format-standard","hentry","category-romania","tag-crawlmanager","tag-tion-ro"],"_links":{"self":[{"href":"https:\/\/analyse.optim.biz\/index.php?rest_route=\/wp\/v2\/posts\/2124858","targetHints":{"allow":["GET"]}}],"collection":[{"href":"https:\/\/analyse.optim.biz\/index.php?rest_route=\/wp\/v2\/posts"}],"about":[{"href":"https:\/\/analyse.optim.biz\/index.php?rest_route=\/wp\/v2\/types\/post"}],"author":[{"embeddable":true,"href":"https:\/\/analyse.optim.biz\/index.php?rest_route=\/wp\/v2\/users\/1"}],"replies":[{"embeddable":true,"href":"https:\/\/analyse.optim.biz\/index.php?rest_route=%2Fwp%2Fv2%2Fcomments&post=2124858"}],"version-history":[{"count":0,"href":"https:\/\/analyse.optim.biz\/index.php?rest_route=\/wp\/v2\/posts\/2124858\/revisions"}],"wp:attachment":[{"href":"https:\/\/analyse.optim.biz\/index.php?rest_route=%2Fwp%2Fv2%2Fmedia&parent=2124858"}],"wp:term":[{"taxonomy":"category","embeddable":true,"href":"https:\/\/analyse.optim.biz\/index.php?rest_route=%2Fwp%2Fv2%2Fcategories&post=2124858"},{"taxonomy":"post_tag","embeddable":true,"href":"https:\/\/analyse.optim.biz\/index.php?rest_route=%2Fwp%2Fv2%2Ftags&post=2124858"}],"curies":[{"name":"wp","href":"https:\/\/api.w.org\/{rel}","templated":true}]}}