{"id":2124845,"date":"2026-09-02T17:44:24","date_gmt":"2026-09-02T14:44:24","guid":{"rendered":"https:\/\/analyse.optim.biz\/?p=2124845"},"modified":"2026-09-02T17:44:24","modified_gmt":"2026-09-02T14:44:24","slug":"schimb-dur-de-replici-intre-cj-timis-si-primaria-timisoara-pe-tema-stadionului-din-calea-buziasului-confuzie-in-jurul-unei-erori-materiale-de-peste-un-milion-de-lei","status":"publish","type":"post","link":"https:\/\/analyse.optim.biz\/?p=2124845","title":{"rendered":"Schimb dur de replici \u00eentre CJ Timi\u0219 \u0219i Prim\u0103ria Timi\u0219oara pe tema stadionului din Calea Buzia\u0219ului. Confuzie \u00een jurul unei \u201eerori materiale\u201d de peste un milion de lei"},"content":{"rendered":"<p>[analyse_image type=&#8221;featured&#8221; src=&#8221;https:\/\/www.pressalert.ro\/wp-content\/uploads\/2026\/09\/stadion-eroii-timisoarei.jpghttps:\/\/www.pressalert.ro\/wp-content\/uploads\/2026\/09\/stadion-eroii-timisoarei.jpg&#8221;]<\/p>\n<article id=\"post-589998\" class=\"post-589998 post type-post status-publish format-standard has-post-thumbnail hentry category-featured category-stiri category-stiri-locale category-timis-stiri-locale tag-alfred-simonis-primaria-timisoara tag-arena-eroii-timisoarei-septembrie-2026 tag-cjt-pmt-cofinantare-stadion tag-consiliul-judetean tag-finantare-stadion-calea-buziasului tag-primarie tag-stadion tag-stadion-eroii-timisoarei tag-timisaora\">\n<div class=\"td-post-header td-pb-padding-side\">\n<div class=\"entry-crumbs\"><span><a title class=\"entry-crumb\" href=\"https:\/\/www.pressalert.ro\/\"><span>Acas\u0103<\/span><\/a><\/span><span><a title=\"Vede\u021bi toate articolele \u00een \u015etiri\" class=\"entry-crumb\" href=\"https:\/\/www.pressalert.ro\/category\/stiri\/\"><span>\u015etiri<\/span><\/a><\/span><span class=\"td-bred-no-url-last\">Schimb dur de replici \u00eentre CJ Timi\u0219 \u0219i Prim\u0103ria Timi\u0219oara pe tema&#8230;<\/span><\/div>\n<ul class=\"td-category\">\n<li class=\"entry-category\"><a href=\"https:\/\/www.pressalert.ro\/category\/stiri\/\">\u015etiri<\/a><\/li>\n<li class=\"entry-category\"><a href=\"https:\/\/www.pressalert.ro\/category\/stiri\/stiri-locale\/\">\u0218tiri locale<\/a><\/li>\n<li class=\"entry-category\"><a href=\"https:\/\/www.pressalert.ro\/category\/stiri\/stiri-locale\/timis-stiri-locale\/\">\u0218tiri Timi\u0219<\/a><\/li>\n<\/ul>\n<header>\n<h1 class=\"entry-title\">Schimb dur de replici \u00eentre CJ Timi\u0219 \u0219i Prim\u0103ria Timi\u0219oara pe tema stadionului din Calea Buzia\u0219ului. Confuzie \u00een jurul unei \u201eerori materiale\u201d de peste un milion de lei<\/h1>\n<div class=\"meta-info\">\n<div class=\"td-post-author-name\">\n<div class=\"td-author-by\">De<\/div>\n<p><a href=\"https:\/\/www.pressalert.ro\/author\/valis\/\">Vali Silaghi<\/a><\/p>\n<div class=\"td-author-line\"> &#8211; <\/div>\n<\/div>\n<p><span class=\"td-post-date\"><time class=\"entry-date updated td-module-date\" datetime=\"2026-09-02T17:44:24+00:00\">sept. 2, 2026<\/time><\/span><\/p>\n<div class=\"td-post-comments\"><a href=\"https:\/\/www.pressalert.ro\/2026\/09\/schimb-dur-de-replici-intre-cj-timis-si-primaria-timisoara-pe-tema-stadionului-din-calea-buziasului-confuzie-in-jurul-unei-erori-materiale-de-peste-un-milion-de-lei\/#respond\">0<\/a><\/div>\n<\/div>\n<\/header>\n<\/div>\n<div class=\"td-post-sharing td-post-sharing-top td-pb-padding-side\"><span class=\"td-post-share-title\">DISTRIBUI\u021aI<\/span><\/p>\n<div class=\"td-default-sharing \"><a class=\"td-social-sharing-buttons td-social-facebook\" href=\"https:\/\/www.facebook.com\/sharer.php?u=https%3A%2F%2Fwww.pressalert.ro%2F2026%2F09%2Fschimb-dur-de-replici-intre-cj-timis-si-primaria-timisoara-pe-tema-stadionului-din-calea-buziasului-confuzie-in-jurul-unei-erori-materiale-de-peste-un-milion-de-lei%2F\"><\/p>\n<div class=\"td-social-but-text\">Facebook<\/div>\n<p><\/a><a class=\"td-social-sharing-buttons td-social-twitter\" href=\"https:\/\/twitter.com\/intent\/tweet?text=Schimb+dur+de+replici+%C3%AEntre+CJ+Timi%C8%99+%C8%99i+Prim%C4%83ria+Timi%C8%99oara+pe+tema+stadionului+din+Calea+Buzia%C8%99ului.+Confuzie+%C3%AEn+jurul+unei+%E2%80%9Eerori+materiale%E2%80%9D+de+peste+un+milion+de+lei&amp;url=https%3A%2F%2Fwww.pressalert.ro%2F2026%2F09%2Fschimb-dur-de-replici-intre-cj-timis-si-primaria-timisoara-pe-tema-stadionului-din-calea-buziasului-confuzie-in-jurul-unei-erori-materiale-de-peste-un-milion-de-lei%2F&amp;via=PRESSALERT.ro\"><\/p>\n<div class=\"td-social-but-text\">Twitter<\/div>\n<p><\/a><\/div>\n<\/div>\n<div class=\"td-post-content td-pb-padding-side\">\n<figure class=\"wp-block-image size-large\"><img loading=\"lazy\" decoding=\"async\" width=\"1125\" height=\"768\" src=\"https:\/\/www.pressalert.ro\/wp-content\/uploads\/2026\/09\/stadion-eroii-timisoarei-1125x768.jpg\" alt class=\"wp-image-589999\"><figcaption class=\"wp-element-caption\"><em>Sursa foto: Prim\u0103ria Timi\u0219oara<\/em><\/figcaption><\/figure>\n<p><strong>Un nou episod de disput\u0103 politic\u0103 \u0219i administrativ\u0103 a avut loca ast\u0103zi \u00eentre pre\u0219edintele Consiliului Jude\u021bean Timi\u0219, Alfred Simonis, \u0219i Prim\u0103ria Municipiului Timi\u0219oara, av\u00e2nd ca subiect finan\u021barea noului stadion \u201eEroii Timi\u0219oarei\u201d din Calea Buzia\u0219ului.<\/strong> Ne\u00een\u021belegerea a plecat de la o adres\u0103 oficial\u0103 trimis\u0103 de prim\u0103rie c\u0103tre CJT, \u00een care figura o sum\u0103 eronat\u0103 pentru decontarea lucr\u0103rilor.<\/p>\n<p>Sc\u00e2nteia a fost aprins\u0103 de o postare a liderului CJT, care a sus\u021binut c\u0103 municipalitatea a cerut suplimentarea fondului de cofinan\u021bare stabilit prin acordul de parteneriat.<\/p>\n<h3 class=\"wp-block-heading\">Simonis anun\u021ba convocarea unei \u0219edin\u021be pentru bani \u00een plus<\/h3>\n<p>Alfred Simonis a anun\u021bat public c\u0103 Prim\u0103ria Timi\u0219oara a solicitat o suplimentare de 1.020.000 de lei peste plafonul de 20 de milioane de lei convenit prin protocolul de colaborare pentru sprijinirea proiectului. Pre\u0219edintele CJT a precizat c\u0103 va convoca o \u0219edin\u021b\u0103 extraordinar\u0103 a Consiliului Jude\u021bean mar\u021bi pentru a aproba suma suplimentar\u0103, motiv\u00e2nd c\u0103 interesul ora\u0219ului \u0219i al echipei Poli Timi\u0219oara primeaz\u0103.<\/p>\n<p>Simonis a men\u021bionat c\u0103 pe \u0219antier se preg\u0103te\u0219te montarea gazonului, a scaunelor \u0219i se lucreaz\u0103 la finisaje, cu speran\u021ba ca echipa local\u0103 s\u0103 poat\u0103 juca acolo p\u00e2n\u0103 la finele anului, dup\u0103 ob\u021binerea tuturor avizelor \u0219i omolog\u0103rilor.<\/p>\n<h3 class=\"wp-block-heading\">Prim\u0103ria Timi\u0219oara invoc\u0103 o eroare material\u0103: \u201eNu am cerut niciun leu \u00een plus\u201d<\/h3>\n<p>La scurt timp, Prim\u0103ria Municipiului Timi\u0219oara a negat ferm c\u0103 ar fi solicitat vreo majorare a acordului de 20 de milioane de lei, explic\u00e2nd c\u0103 la mijloc a fost doar o gre\u0219eal\u0103 administrativ\u0103 \u00een documenta\u021bie.<\/p>\n<p>Reprezentan\u021bii municipalit\u0103\u021bii au ar\u0103tat c\u0103 \u00een prima adres\u0103 transmis\u0103 s-a strecurat o eroare privind suma r\u0103mas\u0103 de plat\u0103 (unde figura din gre\u0219eal\u0103 valoarea de 3.271.769,09 lei).<\/p>\n<p> Executivul local a revenit de \u00eendat\u0103 cu o erat\u0103 oficial\u0103, preciz\u00e2nd c\u0103 suma corect\u0103 solicitat\u0103 spre decontare din cota CJT este de 2.251.768,08 lei.<\/p>\n<p>Prim\u0103ria a subliniat c\u0103 a achitat deja 112 milioane de lei din bugetul local pentru ridicarea arenei \u0219i c\u0103 orice modificare a parteneriatelor se formalizeaz\u0103 prin proceduri legale, nu prin adrese administrative de plat\u0103.<\/p>\n<h3 class=\"wp-block-heading\">Replica final\u0103: \u201eDoar incompeten\u021ba a f\u0103cut s\u0103 ajungem aici\u201d<\/h3>\n<p>\u00cen urma clarific\u0103rilor oferite de municipalitate, Alfred Simonis a revenit cu un ultim comentariu ironic la adresa administra\u021biei locale.<\/p>\n<p>Liderul Consiliului Jude\u021bean a concluzionat c\u0103 \u201enu e nevoie de bani\u201d \u0219i c\u0103 \u201edoar incompeten\u021ba a f\u0103cut s\u0103 se ajung\u0103 \u00een aceast\u0103 situa\u021bie\u201d, ad\u0103ug\u00e2nd totodat\u0103 c\u0103 institu\u021bia pe care o conduce r\u0103m\u00e2ne preg\u0103tit\u0103 s\u0103 ajute dac\u0103 reprezentan\u021bii prim\u0103riei se vor r\u0103zg\u00e2ndi.<\/p>\n<\/div>\n<footer>\n<div class=\"td-post-source-tags td-pb-padding-side\">\n<ul class=\"td-tags td-post-small-box clearfix\">\n<li><span>ETICHETE<\/span><\/li>\n<li><a href=\"https:\/\/www.pressalert.ro\/tag\/alfred-simonis-primaria-timisoara\/\">alfred simonis primaria timisoara<\/a><\/li>\n<li><a href=\"https:\/\/www.pressalert.ro\/tag\/arena-eroii-timisoarei-septembrie-2026\/\">arena eroii timisoarei septembrie 2026<\/a><\/li>\n<li><a href=\"https:\/\/www.pressalert.ro\/tag\/cjt-pmt-cofinantare-stadion\/\">cjt pmt cofinantare stadion<\/a><\/li>\n<li><a href=\"https:\/\/www.pressalert.ro\/tag\/consiliul-judetean\/\">consiliul judetean<\/a><\/li>\n<li><a href=\"https:\/\/www.pressalert.ro\/tag\/finantare-stadion-calea-buziasului\/\">finantare stadion calea buziasului<\/a><\/li>\n<li><a href=\"https:\/\/www.pressalert.ro\/tag\/primarie\/\">primarie<\/a><\/li>\n<li><a href=\"https:\/\/www.pressalert.ro\/tag\/stadion\/\">stadion<\/a><\/li>\n<li><a href=\"https:\/\/www.pressalert.ro\/tag\/stadion-eroii-timisoarei\/\">stadion eroii timisoarei<\/a><\/li>\n<li><a href=\"https:\/\/www.pressalert.ro\/tag\/timisaora\/\">timisaora<\/a><\/li>\n<\/ul>\n<\/div>\n<div class=\"td-post-sharing td-post-sharing-bottom td-pb-padding-side\"><span class=\"td-post-share-title\">DISTRIBUI\u021aI<\/span><\/p>\n<div class=\"td-default-sharing \"><a class=\"td-social-sharing-buttons td-social-facebook\" href=\"https:\/\/www.facebook.com\/sharer.php?u=https%3A%2F%2Fwww.pressalert.ro%2F2026%2F09%2Fschimb-dur-de-replici-intre-cj-timis-si-primaria-timisoara-pe-tema-stadionului-din-calea-buziasului-confuzie-in-jurul-unei-erori-materiale-de-peste-un-milion-de-lei%2F\"><\/p>\n<div class=\"td-social-but-text\">Facebook<\/div>\n<p><\/a><a class=\"td-social-sharing-buttons td-social-twitter\" href=\"https:\/\/twitter.com\/intent\/tweet?text=Schimb+dur+de+replici+%C3%AEntre+CJ+Timi%C8%99+%C8%99i+Prim%C4%83ria+Timi%C8%99oara+pe+tema+stadionului+din+Calea+Buzia%C8%99ului.+Confuzie+%C3%AEn+jurul+unei+%E2%80%9Eerori+materiale%E2%80%9D+de+peste+un+milion+de+lei&amp;url=https%3A%2F%2Fwww.pressalert.ro%2F2026%2F09%2Fschimb-dur-de-replici-intre-cj-timis-si-primaria-timisoara-pe-tema-stadionului-din-calea-buziasului-confuzie-in-jurul-unei-erori-materiale-de-peste-un-milion-de-lei%2F&amp;via=PRESSALERT.ro\"><\/p>\n<div class=\"td-social-but-text\">Twitter<\/div>\n<p><\/a><\/div>\n<\/div>\n<div class=\"td-block-row td-post-next-prev\">\n<div class=\"td-block-span6 td-post-prev-post\">\n<div class=\"td-post-next-prev-content\"><span>Articolul precedent<\/span><a href=\"https:\/\/www.pressalert.ro\/2026\/09\/spital-veterinar-non-stop-cu-chirurgie-imagistica-si-terapie-intensiva-se-deschide-sambata-5-septembrie-in-iulius-town-timisoara\/\">Spital veterinar non-stop, cu chirurgie, imagistic\u0103 \u0219i terapie intensiv\u0103, se deschide s\u00e2mb\u0103t\u0103, 5 septembrie, \u00een Iulius Town Timi\u0219oara<\/a><\/div>\n<\/div>\n<div class=\"td-block-span6 td-post-next-post\">\n<div class=\"td-post-next-prev-content\"><span>Articolul urm\u0103tor<\/span><a href=\"https:\/\/www.pressalert.ro\/2026\/09\/modificari-de-taxe-si-cursuri-noi-de-dezvoltare-emotionala-prin-muzica-la-centrul-de-cultura-si-arta-cum-pot-trimite-timisenii-propuneri-si-sugestii\/\">Modific\u0103ri de taxe \u0219i cursuri noi de \u201eDezvoltare emo\u021bional\u0103 prin muzic\u0103\u201d la Centrul de Cultur\u0103 \u0219i Art\u0103. Cum pot trimite timi\u0219enii propuneri \u0219i sugestii<\/a><\/div>\n<\/div>\n<\/div>\n<div class=\"author-box-wrap\"><a href=\"https:\/\/www.pressalert.ro\/author\/valis\/\"><img loading=\"lazy\" decoding=\"async\" alt src=\"https:\/\/secure.gravatar.com\/avatar\/4dd4bf03f54bb1d1013d2062934e6b9b?s=96&amp;d=mm&amp;r=g\" class=\"avatar avatar-96 photo\" height=\"96\" width=\"96\"><\/a><\/p>\n<div class=\"desc\">\n<div class=\"td-author-name vcard author\"><span class=\"fn\"><a href=\"https:\/\/www.pressalert.ro\/author\/valis\/\">Vali Silaghi<\/a><\/span><\/div>\n<div class=\"td-author-url\"><a href=\"https:\/\/www.pressalert.ro\">http:\/\/www.pressalert.ro<\/a><\/div>\n<\/div>\n<\/div>\n<p><span><\/span><span><span><\/span><\/span><span><\/span><\/footer>\n<\/article>\n<div class=\"td-post-content td-pb-padding-side\">\n<figure class=\"wp-block-image size-large\"><img loading=\"lazy\" decoding=\"async\" width=\"1125\" height=\"768\" src=\"https:\/\/www.pressalert.ro\/wp-content\/uploads\/2026\/09\/stadion-eroii-timisoarei-1125x768.jpg\" alt class=\"wp-image-589999\"><figcaption class=\"wp-element-caption\"><em>Sursa foto: Prim\u0103ria Timi\u0219oara<\/em><\/figcaption><\/figure>\n<p><strong>Un nou episod de disput\u0103 politic\u0103 \u0219i administrativ\u0103 a avut loca ast\u0103zi \u00eentre pre\u0219edintele Consiliului Jude\u021bean Timi\u0219, Alfred Simonis, \u0219i Prim\u0103ria Municipiului Timi\u0219oara, av\u00e2nd ca subiect finan\u021barea noului stadion \u201eEroii Timi\u0219oarei\u201d din Calea Buzia\u0219ului.<\/strong> Ne\u00een\u021belegerea a plecat de la o adres\u0103 oficial\u0103 trimis\u0103 de prim\u0103rie c\u0103tre CJT, \u00een care figura o sum\u0103 eronat\u0103 pentru decontarea lucr\u0103rilor.<\/p>\n<p>Sc\u00e2nteia a fost aprins\u0103 de o postare a liderului CJT, care a sus\u021binut c\u0103 municipalitatea a cerut suplimentarea fondului de cofinan\u021bare stabilit prin acordul de parteneriat.<\/p>\n<h3 class=\"wp-block-heading\">Simonis anun\u021ba convocarea unei \u0219edin\u021be pentru bani \u00een plus<\/h3>\n<p>Alfred Simonis a anun\u021bat public c\u0103 Prim\u0103ria Timi\u0219oara a solicitat o suplimentare de 1.020.000 de lei peste plafonul de 20 de milioane de lei convenit prin protocolul de colaborare pentru sprijinirea proiectului. Pre\u0219edintele CJT a precizat c\u0103 va convoca o \u0219edin\u021b\u0103 extraordinar\u0103 a Consiliului Jude\u021bean mar\u021bi pentru a aproba suma suplimentar\u0103, motiv\u00e2nd c\u0103 interesul ora\u0219ului \u0219i al echipei Poli Timi\u0219oara primeaz\u0103.<\/p>\n<p>Simonis a men\u021bionat c\u0103 pe \u0219antier se preg\u0103te\u0219te montarea gazonului, a scaunelor \u0219i se lucreaz\u0103 la finisaje, cu speran\u021ba ca echipa local\u0103 s\u0103 poat\u0103 juca acolo p\u00e2n\u0103 la finele anului, dup\u0103 ob\u021binerea tuturor avizelor \u0219i omolog\u0103rilor.<\/p>\n<h3 class=\"wp-block-heading\">Prim\u0103ria Timi\u0219oara invoc\u0103 o eroare material\u0103: \u201eNu am cerut niciun leu \u00een plus\u201d<\/h3>\n<p>La scurt timp, Prim\u0103ria Municipiului Timi\u0219oara a negat ferm c\u0103 ar fi solicitat vreo majorare a acordului de 20 de milioane de lei, explic\u00e2nd c\u0103 la mijloc a fost doar o gre\u0219eal\u0103 administrativ\u0103 \u00een documenta\u021bie.<\/p>\n<p>Reprezentan\u021bii municipalit\u0103\u021bii au ar\u0103tat c\u0103 \u00een prima adres\u0103 transmis\u0103 s-a strecurat o eroare privind suma r\u0103mas\u0103 de plat\u0103 (unde figura din gre\u0219eal\u0103 valoarea de 3.271.769,09 lei).<\/p>\n<p> Executivul local a revenit de \u00eendat\u0103 cu o erat\u0103 oficial\u0103, preciz\u00e2nd c\u0103 suma corect\u0103 solicitat\u0103 spre decontare din cota CJT este de 2.251.768,08 lei.<\/p>\n<p>Prim\u0103ria a subliniat c\u0103 a achitat deja 112 milioane de lei din bugetul local pentru ridicarea arenei \u0219i c\u0103 orice modificare a parteneriatelor se formalizeaz\u0103 prin proceduri legale, nu prin adrese administrative de plat\u0103.<\/p>\n<h3 class=\"wp-block-heading\">Replica final\u0103: \u201eDoar incompeten\u021ba a f\u0103cut s\u0103 ajungem aici\u201d<\/h3>\n<p>\u00cen urma clarific\u0103rilor oferite de municipalitate, Alfred Simonis a revenit cu un ultim comentariu ironic la adresa administra\u021biei locale.<\/p>\n<p>Liderul Consiliului Jude\u021bean a concluzionat c\u0103 \u201enu e nevoie de bani\u201d \u0219i c\u0103 \u201edoar incompeten\u021ba a f\u0103cut s\u0103 se ajung\u0103 \u00een aceast\u0103 situa\u021bie\u201d, ad\u0103ug\u00e2nd totodat\u0103 c\u0103 institu\u021bia pe care o conduce r\u0103m\u00e2ne preg\u0103tit\u0103 s\u0103 ajute dac\u0103 reprezentan\u021bii prim\u0103riei se vor r\u0103zg\u00e2ndi.<\/p>\n<\/div>\n<p>[analyse_source url=&#8221;https:\/\/www.pressalert.ro\/2026\/09\/schimb-dur-de-replici-intre-cj-timis-si-primaria-timisoara-pe-tema-stadionului-din-calea-buziasului-confuzie-in-jurul-unei-erori-materiale-de-peste-un-milion-de-lei\/&#8221;]<\/p>\n","protected":false},"excerpt":{"rendered":"<p>[analyse_image type=&#8221;featured&#8221; src=&#8221;https:\/\/www.pressalert.ro\/wp-content\/uploads\/2026\/09\/stadion-eroii-timisoarei.jpghttps:\/\/www.pressalert.ro\/wp-content\/uploads\/2026\/09\/stadion-eroii-timisoarei.jpg&#8221;] Acas\u0103\u015etiriSchimb dur de replici \u00eentre CJ Timi\u0219 \u0219i Prim\u0103ria Timi\u0219oara pe tema&#8230; \u015etiri \u0218tiri locale \u0218tiri Timi\u0219 Schimb dur de replici \u00eentre CJ Timi\u0219 \u0219i Prim\u0103ria Timi\u0219oara pe tema stadionului din Calea Buzia\u0219ului. Confuzie \u00een jurul unei \u201eerori materiale\u201d de peste un milion de lei De Vali Silaghi &#8211; sept. 2, 2026 [&hellip;]<\/p>\n","protected":false},"author":1,"featured_media":0,"comment_status":"open","ping_status":"","sticky":false,"template":"","format":"standard","meta":{"footnotes":""},"categories":[89],"tags":[226,176],"class_list":["post-2124845","post","type-post","status-publish","format-standard","hentry","category-romania","tag-crawlmanager","tag-pressalert-ro"],"_links":{"self":[{"href":"https:\/\/analyse.optim.biz\/index.php?rest_route=\/wp\/v2\/posts\/2124845","targetHints":{"allow":["GET"]}}],"collection":[{"href":"https:\/\/analyse.optim.biz\/index.php?rest_route=\/wp\/v2\/posts"}],"about":[{"href":"https:\/\/analyse.optim.biz\/index.php?rest_route=\/wp\/v2\/types\/post"}],"author":[{"embeddable":true,"href":"https:\/\/analyse.optim.biz\/index.php?rest_route=\/wp\/v2\/users\/1"}],"replies":[{"embeddable":true,"href":"https:\/\/analyse.optim.biz\/index.php?rest_route=%2Fwp%2Fv2%2Fcomments&post=2124845"}],"version-history":[{"count":0,"href":"https:\/\/analyse.optim.biz\/index.php?rest_route=\/wp\/v2\/posts\/2124845\/revisions"}],"wp:attachment":[{"href":"https:\/\/analyse.optim.biz\/index.php?rest_route=%2Fwp%2Fv2%2Fmedia&parent=2124845"}],"wp:term":[{"taxonomy":"category","embeddable":true,"href":"https:\/\/analyse.optim.biz\/index.php?rest_route=%2Fwp%2Fv2%2Fcategories&post=2124845"},{"taxonomy":"post_tag","embeddable":true,"href":"https:\/\/analyse.optim.biz\/index.php?rest_route=%2Fwp%2Fv2%2Ftags&post=2124845"}],"curies":[{"name":"wp","href":"https:\/\/api.w.org\/{rel}","templated":true}]}}