{"id":2124837,"date":"2026-09-02T14:14:00","date_gmt":"2026-09-02T11:14:00","guid":{"rendered":"https:\/\/analyse.optim.biz\/?p=2124837"},"modified":"2026-09-02T14:14:00","modified_gmt":"2026-09-02T11:14:00","slug":"europa-tanti-guai-scoppia-la-rivolta-interna-dentro-europa-il-segretario-riccardo-magi","status":"publish","type":"post","link":"https:\/\/analyse.optim.biz\/?p=2124837","title":{"rendered":"+europa, tanti guai &#8211; scoppia la rivolta interna dentro + europa: il segretario riccardo magi&#8230;"},"content":{"rendered":"<p>[analyse_image type=&#8221;featured&#8221; src=&#8221;https:\/\/static.dagospia.com\/img\/patch\/09-2026\/riccardo-magi-benedetto-della-vedova-matteo-renzi-carlo-calenda-2301586_600_q50.webp&#8221;]<\/p>\n<article>\n<div class=\"img-wrapper\"><img decoding=\"async\" src=\"https:\/\/static.dagospia.com\/img\/patch\/09-2026\/riccardo-magi-benedetto-della-vedova-matteo-renzi-carlo-calenda-2301586_600_q50.webp\" alt=\"riccardo magi benedetto della vedova matteo renzi carlo calenda \"><time class=\"data-ora\">2 set 2026 16:14<\/time><\/div>\n<p dir=\"ltr\">LA SCISSIONE DELL&#8217;ATOMO &#8211; <span>SCOPPIA LA RIVOLTA INTERNA A &#8220;+ EUROPA&#8221;: IL SEGRETARIO RICCARDO MAGI RISCHIA DI PERDERE IL POSTO &#8211; <\/span>TRA GLI EX RADICALI \u00c8 IN ATTO UNA LOTTA DI POTERE FRATRICIDA: L\u2019EX SEGRETARIO BENEDETTO DELLA VEDOVA VUOLE L\u2019INGRESSO NELLA CASA RIFORMISTA DI RENZI, IL PRESIDENTE MATTEO HALLISSEY GUARDA VERSO AZIONE &#8211; LA RESA DEI CONTI ARRIVER\u00c0 DOMANI, ALL\u2019ASSEMBLEA NAZIONALE DEL PARTITO, CHE ALLE POLITICHE DEL 2022 HA RACCOLTO IL 2,9 PER CENTO DEI VOTI\u2026<\/p>\n<div class=\"share-section\">\n                Condividi  questo articolo<\/p>\n<div class=\"socials\"><a href=\"http:\/\/www.facebook.com\/sharer.php?u=http:\/\/www.dagospia.com\/politica\/europa-tanti-guai-scoppia-rivolta-interna-europa-segretario-riccardo-485558\" target=\"_blank\"><img decoding=\"async\" src=\"https:\/\/static.dagospia.com\/img\/icons\/facebook.svg\" alt=\"Condividi su Facebook\"><\/a><a href=\"http:\/\/www.twitter.com\/share?url=http:\/\/www.dagospia.com\/politica\/europa-tanti-guai-scoppia-rivolta-interna-europa-segretario-riccardo-485558&amp;text=+EUROPA,%20TANTI%20GUAI%20-%20SCOPPIA%20LA%20RIVOLTA%20INTERNA%20DENTRO%20+%20EUROPA:%20IL%20SEGRETARIO%20RICCARDO%20MAGI...\" target=\"_blank\"><img decoding=\"async\" src=\"https:\/\/static.dagospia.com\/img\/icons\/x-icon.png\" alt=\"Condividi su X\"><\/a><a href=\"\/\/www.dagospia.com\/politica\/europa-tanti-guai-scoppia-rivolta-interna-europa-segretario-riccardo-485558\" target=\"_blank\"><img decoding=\"async\" src=\"https:\/\/static.dagospia.com\/img\/icons\/whatsapp.svg\" alt=\"Condividi su Whatsapp\"><\/a><a href=\"mailto:?body=http:\/\/www.dagospia.com\/politica\/europa-tanti-guai-scoppia-rivolta-interna-europa-segretario-riccardo-485558\" target=\"_blank\"><img decoding=\"async\" src=\"https:\/\/static.dagospia.com\/img\/icons\/mail.svg\" alt=\"Invia in email\"><\/a><\/div>\n<\/div>\n<div class=\"content\">\n<p class=\"disable\"><strong>Estratto dall\u2019articolo di Daniela Preziosi per <a href=\"http:\/\/www.editorialedomani.it\" target=\"_blank\">\u201cDomani\u201d\u00a0<\/a><\/strong><\/p>\n<p class=\"disable\">\u00a0<\/p>\n<p><a href=\"https:\/\/www.dagospia.com\/media-gallery\/dago-fotogallery-521985\/2289307\" class=\"float-right img-wrapper\"><img decoding=\"async\" id=\"2289307\" loading=\"lazy\" src=\"https:\/\/static.dagospia.com\/img\/foto\/07-2026\/riccardo-magi-matteo-hallissey-2289307_800_q50.webp\"><span class=\"img-title\">Riccardo Magi Matteo Hallissey <\/span><\/a><\/p>\n<p class=\"disable\">Arriva l\u2019ora della verit\u00e0 per Riccardo Magi, segretario di +Europa, da mesi messo sulla graticola da una parte dei suoi. Il paradosso \u00e8 che arriva proprio mentre lui \u00e8 uno dei pi\u00f9 affidabili leader del campo largo, alleato di Elly Schlein sugli aiuti militari all\u2019Ucraina (presto sar\u00e0 all\u2019ordine del giorno il programma della coalizione), il pi\u00f9 scatenato nella battaglia contro il Melonellum in generale e, in particolare, contro la norma \u201canti cespugli\u201d. [&#8230;]<\/p>\n<p class=\"disable\">\u00a0<\/p>\n<p><a href=\"https:\/\/www.dagospia.com\/media-gallery\/dago-fotogallery-521985\/2282675\" class=\"float-left img-wrapper\"><img decoding=\"async\" id=\"2282675\" loading=\"lazy\" src=\"https:\/\/static.dagospia.com\/img\/foto\/07-2026\/riccardo-magi-2282675_800_q50.webp\"><span class=\"img-title\">Riccardo Magi <\/span><\/a><\/p>\n<p class=\"disable\">L\u2019appuntamento \u00e8 l\u2019assemblea nazionale del partito convocata domani 3 settembre alle 18 in prima chiamata, e dopodomani in seconda. A disarcionarlo ci ha gi\u00e0 provato Angelo Cenicola, imprenditore gi\u00e0 vicino a Silvio Berlusconi e Roberto Formigoni, e poi al grillino Federico Pizzarotti: da +Europa lo ha seguito in Azione alle europee. Poi \u00e8 tornato indietro. E oggi \u00e8 il curioso uomo-partita di +Europa.\u00a0<\/p>\n<p class=\"disable\">\u00a0<\/p>\n<p class=\"disable\">Nel 2025 ha finanziato Forza Italia (nel 2024 Azione) ma ha partecipato al congresso +europeista, e fatto ricorso contro l\u2019esito. A inizio agosto \u00e8 arrivata la sentenza: sul segretario Magi gli ha dato torto.<\/p>\n<p class=\"disable\">\u00a0<\/p>\n<p><a href=\"https:\/\/www.dagospia.com\/media-gallery\/dago-fotogallery-521985\/2282672\" class=\"float-right img-wrapper\"><img decoding=\"async\" id=\"2282672\" loading=\"lazy\" src=\"https:\/\/static.dagospia.com\/img\/foto\/07-2026\/riccardo-magi-carlo-calenda-2282672_800_q50.webp\"><span class=\"img-title\">Riccardo Magi Carlo Calenda<\/span><\/a><\/p>\n<p class=\"disable\">Ora il finanziatore di FI \u00e8 l\u2019alleato interno del deputato Benedetto Della Vedova e di Matteo Hallissey, presidente del partito, che con Magi hanno dissensi di linea profondi, ma divergenti. Il primo pende verso Italia viva, e propone l\u2019ingresso del partitino nella Casa riformista, cio\u00e8 quello a cui punta Matteo Renzi.<\/p>\n<p class=\"disable\">\u00a0<\/p>\n<p><a href=\"https:\/\/www.dagospia.com\/media-gallery\/dago-fotogallery-521985\/2294623\" class=\"float-left img-wrapper\"><img decoding=\"async\" id=\"2294623\" loading=\"lazy\" src=\"https:\/\/static.dagospia.com\/img\/foto\/08-2026\/riccardo-magi-benedetto-della-vedova-2294623_800_q50.webp\"><span class=\"img-title\">Riccardo Magi Benedetto Della Vedova<\/span><\/a><\/p>\n<p class=\"disable\">Il secondo crede nel terzo polo di Azione. Divisi nella prospettiva, a unirli per\u00f2 \u00e8 la necessit\u00e0 di togliere di mezzo Magi, che \u00e8 decisamente tendenza centrosinistra, con la benedizione di Emma Bonino, ma cauto sull\u2019alleanza con Renzi (ha gi\u00e0 dato nel 2022, quando Calenda in zona Cesarini decise di strappare con +Europa e di presentarsi con Iv, disse di non aver capito che nel centrosinistra c\u2019era anche Avs).\u00a0<\/p>\n<p class=\"disable\">\u00a0<\/p>\n<p><a href=\"https:\/\/www.dagospia.com\/media-gallery\/dago-fotogallery-521985\/2300967\" class=\"float-right img-wrapper\"><img decoding=\"async\" id=\"2300967\" loading=\"lazy\" src=\"https:\/\/static.dagospia.com\/img\/foto\/08-2026\/matteo-renzi-2300967_800_q50.webp\"><span class=\"img-title\">MATTEO RENZI<\/span><\/a><\/p>\n<p class=\"disable\">Tommaso Rotella, presidente dell\u2019assemblea, \u201ccenicoliano\u201d, ha convocato domani l\u2019assemblea per discutere di un congresso straordinario. Magi ha affidato al costituzionalista Andrea Pertici un parere pro veritate che lo esclude: per lo Statuto, il congresso ordinario si fa ogni tre anni, e quello straordinario solo in caso di segretario defunto, dimesso o sfiduciato con i due terzi dei voti.<\/p>\n<p class=\"disable\">\u00a0<\/p>\n<p class=\"disable\">In assenza del quorum \u2013 secondo il pallottoliere di Magi non c\u2019\u00e8 \u2013 se venisse approvata la richiesta di congresso straordinario, e il presidente Hallissey tentasse di convocarlo subito, al segretario non resterebbe che impugnare l\u2019atto in tribunale con provvedimento urgente. [&#8230;]<\/p>\n<p class=\"disable\">\u00a0<\/p>\n<p class=\"disable\">+Europa, con i suoi 790mila voti raccolti nel 2022 (il 2,9 per cento), sarebbe un bel tesoretto per chi potesse portarlo in dote: di qua o di l\u00e0, a Renzi o a Calenda.<\/p>\n<p><a href=\"https:\/\/www.dagospia.com\/media-gallery\/dago-fotogallery-521985\/2273126\" class=\"float-right img-wrapper\"><img decoding=\"async\" id=\"2273126\" loading=\"lazy\" src=\"https:\/\/static.dagospia.com\/img\/foto\/06-2026\/riccardo-magi-assemblea-nazionale-di-progetto-civico-italia-foto-lapresse-23-2273126_800_q50.webp\"><span class=\"img-title\">riccardo magi assemblea nazionale di progetto civico italia foto lapresse 23<\/span><\/a><a href=\"https:\/\/www.dagospia.com\/media-gallery\/dago-fotogallery-521985\/2288634\" class=\"float-right img-wrapper\"><img decoding=\"async\" id=\"2288634\" loading=\"lazy\" src=\"https:\/\/static.dagospia.com\/img\/foto\/07-2026\/matteo-renzi-foto-lapresse-2288634_800_q50.webp\"><span class=\"img-title\">MATTEO RENZI &#8211; FOTO LAPRESSE <\/span><\/a><a href=\"https:\/\/www.dagospia.com\/media-gallery\/dago-fotogallery-521985\/2282674\" class=\"float-right img-wrapper\"><img decoding=\"async\" id=\"2282674\" loading=\"lazy\" src=\"https:\/\/static.dagospia.com\/img\/foto\/07-2026\/carlo-calenda-2-2282674_800_q50.webp\"><span class=\"img-title\">Carlo Calenda 2<\/span><\/a><a href=\"https:\/\/www.dagospia.com\/media-gallery\/dago-fotogallery-521985\/2245530\" class=\"float-right img-wrapper\"><img decoding=\"async\" id=\"2245530\" loading=\"lazy\" src=\"https:\/\/static.dagospia.com\/img\/foto\/03-2026\/roma-riccardo-magi-al-voto-per-il-referendum-sulla-giustizia-foto-lapresse-2245530_800_q50.webp\"><span class=\"img-title\">roma riccardo magi al voto per il referendum sulla giustizia foto lapresse<\/span><\/a><\/p>\n<\/div>\n<div class=\"share-section\">\n                Condividi  questo articolo<\/p>\n<div class=\"socials\"><a href=\"https:\/\/www.dagospia.com\/politica\/europa-tanti-guai-scoppia-rivolta-interna-europa-segretario-riccardo-485558\"><img decoding=\"async\" src=\"https:\/\/static.dagospia.com\/img\/icons\/facebook.svg\" alt=\"Condividi su Facebook\"><\/a><a href=\"https:\/\/www.dagospia.com\/politica\/europa-tanti-guai-scoppia-rivolta-interna-europa-segretario-riccardo-485558\"><img decoding=\"async\" src=\"https:\/\/static.dagospia.com\/img\/icons\/x-icon.png\" alt=\"Condividi su X\"><\/a><a href=\"https:\/\/www.dagospia.com\/politica\/europa-tanti-guai-scoppia-rivolta-interna-europa-segretario-riccardo-485558\"><img decoding=\"async\" src=\"https:\/\/static.dagospia.com\/img\/icons\/whatsapp.svg\" alt=\"Condividi su Whatsapp\"><\/a><a href=\"https:\/\/www.dagospia.com\/politica\/europa-tanti-guai-scoppia-rivolta-interna-europa-segretario-riccardo-485558\"><img decoding=\"async\" src=\"https:\/\/static.dagospia.com\/img\/icons\/mail.svg\" alt=\"Invia in email\"><\/a><\/div>\n<\/div>\n<\/article>\n<div class=\"content\">\n<p class=\"disable\"><strong>Estratto dall\u2019articolo di Daniela Preziosi per <a href=\"http:\/\/www.editorialedomani.it\" target=\"_blank\">\u201cDomani\u201d\u00a0<\/a><\/strong><\/p>\n<p class=\"disable\">\u00a0<\/p>\n<p><a href=\"https:\/\/www.dagospia.com\/media-gallery\/dago-fotogallery-521985\/2289307\" class=\"float-right img-wrapper\"><img decoding=\"async\" id=\"2289307\" loading=\"lazy\" src=\"https:\/\/static.dagospia.com\/img\/foto\/07-2026\/riccardo-magi-matteo-hallissey-2289307_800_q50.webp\"><span class=\"img-title\">Riccardo Magi Matteo Hallissey <\/span><\/a><\/p>\n<p class=\"disable\">Arriva l\u2019ora della verit\u00e0 per Riccardo Magi, segretario di +Europa, da mesi messo sulla graticola da una parte dei suoi. Il paradosso \u00e8 che arriva proprio mentre lui \u00e8 uno dei pi\u00f9 affidabili leader del campo largo, alleato di Elly Schlein sugli aiuti militari all\u2019Ucraina (presto sar\u00e0 all\u2019ordine del giorno il programma della coalizione), il pi\u00f9 scatenato nella battaglia contro il Melonellum in generale e, in particolare, contro la norma \u201canti cespugli\u201d. [&#8230;]<\/p>\n<p class=\"disable\">\u00a0<\/p>\n<p><a href=\"https:\/\/www.dagospia.com\/media-gallery\/dago-fotogallery-521985\/2282675\" class=\"float-left img-wrapper\"><img decoding=\"async\" id=\"2282675\" loading=\"lazy\" src=\"https:\/\/static.dagospia.com\/img\/foto\/07-2026\/riccardo-magi-2282675_800_q50.webp\"><span class=\"img-title\">Riccardo Magi <\/span><\/a><\/p>\n<p class=\"disable\">L\u2019appuntamento \u00e8 l\u2019assemblea nazionale del partito convocata domani 3 settembre alle 18 in prima chiamata, e dopodomani in seconda. A disarcionarlo ci ha gi\u00e0 provato Angelo Cenicola, imprenditore gi\u00e0 vicino a Silvio Berlusconi e Roberto Formigoni, e poi al grillino Federico Pizzarotti: da +Europa lo ha seguito in Azione alle europee. Poi \u00e8 tornato indietro. E oggi \u00e8 il curioso uomo-partita di +Europa.\u00a0<\/p>\n<p class=\"disable\">\u00a0<\/p>\n<p class=\"disable\">Nel 2025 ha finanziato Forza Italia (nel 2024 Azione) ma ha partecipato al congresso +europeista, e fatto ricorso contro l\u2019esito. A inizio agosto \u00e8 arrivata la sentenza: sul segretario Magi gli ha dato torto.<\/p>\n<p class=\"disable\">\u00a0<\/p>\n<p><a href=\"https:\/\/www.dagospia.com\/media-gallery\/dago-fotogallery-521985\/2282672\" class=\"float-right img-wrapper\"><img decoding=\"async\" id=\"2282672\" loading=\"lazy\" src=\"https:\/\/static.dagospia.com\/img\/foto\/07-2026\/riccardo-magi-carlo-calenda-2282672_800_q50.webp\"><span class=\"img-title\">Riccardo Magi Carlo Calenda<\/span><\/a><\/p>\n<p class=\"disable\">Ora il finanziatore di FI \u00e8 l\u2019alleato interno del deputato Benedetto Della Vedova e di Matteo Hallissey, presidente del partito, che con Magi hanno dissensi di linea profondi, ma divergenti. Il primo pende verso Italia viva, e propone l\u2019ingresso del partitino nella Casa riformista, cio\u00e8 quello a cui punta Matteo Renzi.<\/p>\n<p class=\"disable\">\u00a0<\/p>\n<p><a href=\"https:\/\/www.dagospia.com\/media-gallery\/dago-fotogallery-521985\/2294623\" class=\"float-left img-wrapper\"><img decoding=\"async\" id=\"2294623\" loading=\"lazy\" src=\"https:\/\/static.dagospia.com\/img\/foto\/08-2026\/riccardo-magi-benedetto-della-vedova-2294623_800_q50.webp\"><span class=\"img-title\">Riccardo Magi Benedetto Della Vedova<\/span><\/a><\/p>\n<p class=\"disable\">Il secondo crede nel terzo polo di Azione. Divisi nella prospettiva, a unirli per\u00f2 \u00e8 la necessit\u00e0 di togliere di mezzo Magi, che \u00e8 decisamente tendenza centrosinistra, con la benedizione di Emma Bonino, ma cauto sull\u2019alleanza con Renzi (ha gi\u00e0 dato nel 2022, quando Calenda in zona Cesarini decise di strappare con +Europa e di presentarsi con Iv, disse di non aver capito che nel centrosinistra c\u2019era anche Avs).\u00a0<\/p>\n<p class=\"disable\">\u00a0<\/p>\n<p><a href=\"https:\/\/www.dagospia.com\/media-gallery\/dago-fotogallery-521985\/2300967\" class=\"float-right img-wrapper\"><img decoding=\"async\" id=\"2300967\" loading=\"lazy\" src=\"https:\/\/static.dagospia.com\/img\/foto\/08-2026\/matteo-renzi-2300967_800_q50.webp\"><span class=\"img-title\">MATTEO RENZI<\/span><\/a><\/p>\n<p class=\"disable\">Tommaso Rotella, presidente dell\u2019assemblea, \u201ccenicoliano\u201d, ha convocato domani l\u2019assemblea per discutere di un congresso straordinario. Magi ha affidato al costituzionalista Andrea Pertici un parere pro veritate che lo esclude: per lo Statuto, il congresso ordinario si fa ogni tre anni, e quello straordinario solo in caso di segretario defunto, dimesso o sfiduciato con i due terzi dei voti.<\/p>\n<p class=\"disable\">\u00a0<\/p>\n<p class=\"disable\">In assenza del quorum \u2013 secondo il pallottoliere di Magi non c\u2019\u00e8 \u2013 se venisse approvata la richiesta di congresso straordinario, e il presidente Hallissey tentasse di convocarlo subito, al segretario non resterebbe che impugnare l\u2019atto in tribunale con provvedimento urgente. [&#8230;]<\/p>\n<p class=\"disable\">\u00a0<\/p>\n<p class=\"disable\">+Europa, con i suoi 790mila voti raccolti nel 2022 (il 2,9 per cento), sarebbe un bel tesoretto per chi potesse portarlo in dote: di qua o di l\u00e0, a Renzi o a Calenda.<\/p>\n<p><a href=\"https:\/\/www.dagospia.com\/media-gallery\/dago-fotogallery-521985\/2273126\" class=\"float-right img-wrapper\"><img decoding=\"async\" id=\"2273126\" loading=\"lazy\" src=\"https:\/\/static.dagospia.com\/img\/foto\/06-2026\/riccardo-magi-assemblea-nazionale-di-progetto-civico-italia-foto-lapresse-23-2273126_800_q50.webp\"><span class=\"img-title\">riccardo magi assemblea nazionale di progetto civico italia foto lapresse 23<\/span><\/a><a href=\"https:\/\/www.dagospia.com\/media-gallery\/dago-fotogallery-521985\/2288634\" class=\"float-right img-wrapper\"><img decoding=\"async\" id=\"2288634\" loading=\"lazy\" src=\"https:\/\/static.dagospia.com\/img\/foto\/07-2026\/matteo-renzi-foto-lapresse-2288634_800_q50.webp\"><span class=\"img-title\">MATTEO RENZI &#8211; FOTO LAPRESSE <\/span><\/a><a href=\"https:\/\/www.dagospia.com\/media-gallery\/dago-fotogallery-521985\/2282674\" class=\"float-right img-wrapper\"><img decoding=\"async\" id=\"2282674\" loading=\"lazy\" src=\"https:\/\/static.dagospia.com\/img\/foto\/07-2026\/carlo-calenda-2-2282674_800_q50.webp\"><span class=\"img-title\">Carlo Calenda 2<\/span><\/a><a href=\"https:\/\/www.dagospia.com\/media-gallery\/dago-fotogallery-521985\/2245530\" class=\"float-right img-wrapper\"><img decoding=\"async\" id=\"2245530\" loading=\"lazy\" src=\"https:\/\/static.dagospia.com\/img\/foto\/03-2026\/roma-riccardo-magi-al-voto-per-il-referendum-sulla-giustizia-foto-lapresse-2245530_800_q50.webp\"><span class=\"img-title\">roma riccardo magi al voto per il referendum sulla giustizia foto lapresse<\/span><\/a><\/p>\n<\/div>\n<article><a href=\"https:\/\/www.dagospia.com\/media-tv\/dagoreport-riunione-interlocutoria-qualche-piccola-apertura-caso-report-485651\"><\/p>\n<div class=\"img-wrapper\"><img decoding=\"async\" src=\"https:\/\/static.dagospia.com\/img\/patch\/09-2026\/rai-via-teulada-paolo-corsini-giulia-innocenzi-presutti-daniele-piervincenzi-dan-2301944_600_q50.webp\" alt=\"rai via teulada paolo corsini giulia innocenzi presutti daniele piervincenzi danilo procaccianti report sigfrido ranucci \" loading=\"lazy\"><time class=\"data-ora\">2 set 20:05<\/time><\/div>\n<div class=\"excerpt\">\n<p>DAGOREPORT \u2013 <span>RIUNIONE INTERLOCUTORIA MA CON QUALCHE PICCOLA APERTURA <\/span>TRA IL DIRETTORE DELL&#8217;APPROFONDIMENTO RAI, PAOLO CORSINI, E I MEMBRI DELLA SQUADRA DI \u201cREPORT\u201d: I GIORNALISTI <span>HANNO RIBADITO IL \u201cNO\u201d ALLA CONDUZIONE DI GIULIA PRESUTTI E DANIELE<\/span><span>PIERVINCENZI, MA SU QUEST\u2019ULTIMO LA POSIZIONE SAREBBE PI\u00d9 MORBIDA: <\/span>POTREBBE AVERE UN VIA LIBERA MAGARI COME CONDUTTORE DEL \u201cREPORT LAB\u201d, CON LA CONDUZIONE VERA E PROPRIA DA AFFIDARE A DUE \u201cSTORICI\u201d (CHE DIVENTEREBBERO TRE NEL CASO DI UN REINTEGRO DI RANUCCI DA PARTE DEL TRIBUNALE).\u00a0 SULLA PRESUTTI IL MURO RESTA GRANITICO \u2013 <span>PALAZZO CHIGI, INVECE, SAREBBE IRREMOVIBILE SUI DUE NOMI<\/span> \u2013 EPISODIO PITTORESCO NEL MEZZO DELLA RIUNIONE: UN GIORNALISTA DI UNA PRESTIGIOSA TESTATA DELLA RAI SAREBBE STATO <span>BECCATO A ORIGLIARE DA UN BAGNO VICINO ALLA SALA\u2026<\/span><\/p>\n<\/div>\n<p><\/a><\/article>\n<article><a href=\"https:\/\/www.dagospia.com\/politica\/dagoreport-grazie-trump-mondo-verso-de-americanizzazione-oggi-si-485332\"><\/p>\n<div class=\"img-wrapper\"><img decoding=\"async\" src=\"https:\/\/static.dagospia.com\/img\/patch\/09-2026\/trump-modi-xi-jinping-putin-2301524_600_q50.webp\" alt=\"trump modi xi jinping putin\" loading=\"lazy\"><time class=\"data-ora\">1 set 19:59<\/time><\/div>\n<div class=\"excerpt\">\n<p>DAGOREPORT \u2013<span> GRAZIE A TRUMP, IL DOLLARO RISCHIA DI DIVENTARE CARTA STRACCIA \u2013<\/span>\u00a0IL PIATTO FORTE AL SUMMIT IN KIRGHIZISTAN DI XI JINPING, VLADIMIR PUTIN E NARENDRA MODI, HA FATTO STRA-INCAZZARE IL CALIGOLA DELLA CASA BIANCA: SUL TAVOLO,\u00a0<span>IL PROGETTO DEI &#8221;BRICS&#8221; (BRASILE, RUSSIA, INDIA, CINA, SUDAFRICA) DI DAR VITA A UNA \u201cMONETA UNICA&#8221;, PER FAR FUORI IL DOLLARO NEGLI SCAMBI INTERNAZIONALI<\/span>\u00a0&#8211; CON UN DEBITO PUBBLICO MONSTRE DI 40MILA MILIARDI, LA DE-DOLLARIZZAZIONE SAREBBE LA FINE DELL&#8217;IMPERO AMERICANO: IL VERDONE&#8221; VIENE UTILIZZATO IN OLTRE L&#8217;80% DELLE TRANSAZIONI COMMERCIALI E IN PI\u00d9 DELLA MET\u00c0 DEI PAGAMENTI INTERNAZIONALI DELLE MATERIE PRIME, COME IL PETROLIO\u00a0&#8211; <span>LA DECISIONE E&#8217; NELLE MANI DELLA CINA: RINUNCERA&#8217; ALLO MONETA NAZIONALE, LO YUAN, PER DIVENTARE LA LOCOMOTIVA DEI &#8221;BRICS&#8221;?<\/span>\u00a0&#8211;\u00a0SUL MAGGIORE IMPEGNO A FAVORE DELL\u2019IRAN, PESANO I DUBBI\u00a0DI MODI (GLI USA SONO IL PRIMO PARTNER COMMERCIALE DELL\u2019INDIA)\u00a0&#8211; PROSSIMO ROUND: IL VERTICE DI XI JIN PING DEL 24 SETTEMBRE CON IL &#8220;DERAGLIATO MENTALE&#8221; DELLA CASA BIANCA&#8230;<\/p>\n<\/div>\n<p><\/a><\/article>\n<article><a href=\"https:\/\/www.dagospia.com\/politica\/elly-ascolta-gli-amici-i-big-pd-scesi-in-campo-cosi-pesantemente-per-485354\"><\/p>\n<div class=\"img-wrapper\"><img decoding=\"async\" src=\"https:\/\/static.dagospia.com\/img\/patch\/08-2026\/giuseppe-conte-elly-schlein-franceschini-bonaccini-nardella-2301098_600_q50.webp\" alt=\"giuseppe conte elly schlein franceschini bonaccini nardella\" loading=\"lazy\"><time class=\"data-ora\">31 ago 20:17<\/time><\/div>\n<div class=\"excerpt\">\n<p>DAGOREPORT &#8211; <span>ELLY, ASCOLTA GLI AMICI!<\/span> I CAPOCCIONI E LE MEZZECALZE DEL PD, CHE SONO SCESI COS\u00cc PESANTEMENTE IN CAMPO PER SCONGIURARE LA JATTURA DELLE PRIMARIE, NON CE L&#8217;HANNO CON TE, LO FANNO SOLO PER IL TUO BENE &#8211; CERTO, TEMONO (A RAGIONE) ANCHE PER LA LORO SOPRAVVIVENZA PARLAMENTARE: <span>SE ELLY, COME PROBABILE, PERDESSE AI GAZEBO IL DUELLO CON CONTE, TRASCINEREBBE IL PARTITO NEL BARATRO <\/span>&#8211; \u00c8 PER QUESTO CHE DA QUALCHE SETTIMANA SONO PARTITI GLI AVVERTIMENTI VIA STAMPA, ANCHE DI ESPONENTI PD NON OSTILI ALLA SCHLEIN COME DARIO NARDELLA, DI FARE UN PASSO INDIETRO \u2013 <span>LA TRAGEDIA \u00c8 CHE L\u2019AMBIZIOSA DUCETTA DEL NAZARENO, NONOSTANTE I SONDAGGI HORROR, SI VEDE GI\u00c0 A PALAZZO CHIGI, VALUTANDOLI COME ATTACCHI ALLA SUA LEADERSHIP<\/span>: \u201cLE INTERVISTE SULLE PRIMARIE? SONO SOLO ESERCIZI INTELLETTUALI, ALLA FESTA DELL\u2019UNITA\u2019 PARLO IO\u201d &#8211; SE ELLY CONTINUA COS\u00cc, RISCHIA CHE LA SUA PROSSIMA OCCUPAZIONE SARA&#8217; DI BALLARE SUI CARRI DEL GAY PRIDE&#8230;<\/p>\n<\/div>\n<p><\/a><\/article>\n<article><a href=\"https:\/\/www.dagospia.com\/politica\/l-ingaggio-fedorov-fa-incazzare-zelensky-mette-in-allarme-agenzie-485343\"><\/p>\n<div class=\"img-wrapper\"><img decoding=\"async\" src=\"https:\/\/static.dagospia.com\/img\/patch\/08-2026\/fedorov-musk-thiel-zelensky-crosetto-2301168_600_q50.webp\" alt=\"fedorov musk thiel zelensky crosetto\" loading=\"lazy\"><time class=\"data-ora\">31 ago 18:41<\/time><\/div>\n<div class=\"excerpt\">\n<p>DAGOREPORT &#8211; <span>A QUALCUNO NON PIACE &#8216;STO FEDOROV<\/span> &#8211;\u00a0PIU&#8217; CHE A INDIGNARE I NEURONI ALLA VODKA DI VANNACCI E DI TRAVAGLIO, L\u2019INGAGGIO DEL GOVERNO ITALIANO DELL&#8217;EX MINISTRO DELLA DIFESA UCRAINO<span> FA INCAZZARE ZELENSKY E METTE IN ALLARME LE AGENZIE DI INTELLIGENCE EUROPEE &#8211; <\/span>IL DINAMISMO DEL NOVELLO CONSULENTE DEL MINISTRO CROSETTO NON POTEVA NON FINIRE &#8220;ATTENZIONATO&#8221;, VISTO E CONFERMATO <span>IL RAPPORTO STRETTISSIMO CON L&#8217;EMINENZA GRIGIA DELLA TECNO-DESTRA PETER THIEL E CON IL CAVALIERE NERO DELLA GALASSIA MAGA, ELON MUSK<\/span> &#8211; \u00c8 STATO FEDOROV A OTTENERE LO SBLOCCO DEL SISTEMA STARLINK E A COLTIVARE RAPPORTI CON PALANTIR, CHE FORNISCE A KIEV I SOFTWARE PER LA DIFESA &#8211; <span>CHE STA COMBINANDO IN QUESTI GIORNI FEDOROV NEGLI STATI UNITI? <\/span>COSA VOGLIONO MUSK E THIEL DA LUI? LE ELEZIONI A KIEV, MAGARI PER SOSTITUIRE ZELENSKY E ARRIVARE A QUALUNQUE \u2018PACE\u2019\u201d?<\/p>\n<\/div>\n<p><\/a><\/article>\n<article><a href=\"https:\/\/www.dagospia.com\/politica\/flash-c-e-grande-perplessita-i-draghi-boys-per-presenza-andrea-485336\"><\/p>\n<div class=\"img-wrapper\"><img decoding=\"async\" src=\"https:\/\/static.dagospia.com\/img\/patch\/08-2026\/xavier-niel-draghi-pignataro-2301175_600_q50.webp\" alt=\"xavier niel draghi pignataro\" loading=\"lazy\"><time class=\"data-ora\">31 ago 18:19<\/time><\/div>\n<div class=\"excerpt\">\n<p>FLASH! \u2013 <span>I \u201cDRAGHI BOYS\u201d DEL POTERE ECONOMICO ITALIANO AVREBBERO ESPRESSO QUALCHE PERPLESSITA&#8217; ALL\u2019EX PREMIER<\/span> SULLA PRESENZA DEL MISTERIOSO MILIARDARIO <span>ANDREA PIGNATARO E DEL FONDATORE DI ILIAD, IL FRANCESE XAVIER NIEL, <\/span>CHE NEL 2004 FU CONDANNATO A DUE ANNI DI GALERA (CON LA CONDIZIONALE), NEL \u201cRHINE GROUP\u201d, IL THINK TANK FONDATO DA \u201cMARIOPIO\u201d PER DARE UNA SFERZATA ALL\u2019UNIONE EUROPEA, COMPOSTO DA 54 MANAGER, ECONOMISTI, ACCADEMICI E IMPRENDITORI TECNOLOGICI&#8230;.<\/p>\n<\/div>\n<p><\/a><\/article>\n<article><a href=\"https:\/\/www.dagospia.com\/politica\/quale-episodio-giulia-presutti-era-habitue-cefalu-bistro-dove-piu-e-485248\"><\/p>\n<div class=\"img-wrapper\"><img decoding=\"async\" src=\"https:\/\/static.dagospia.com\/img\/patch\/08-2026\/ranucci-presutti-cianfoni-floridia-2300757_600_q50.webp\" alt=\"ranucci presutti cianfoni floridia\" loading=\"lazy\"><time class=\"data-ora\">30 ago 19:14<\/time><\/div>\n<div class=\"excerpt\">\n<p>DAGOREPORT &#8211;<span>\u00a0MA QUALE &#8220;EPISODIO&#8221;! GIULIA PRESUTTI ERA UN HABITU\u00c8 DEL \u201cCEFAL\u00d9 BISTR\u00d2\u201d<\/span> DOVE PI\u00d9 VOLTE \u00c8 STATA VISTA INSIEME ALL\u2019AMICA LAURA CIANFONI, CHE A SUA VOLTA \u00c8 LEGATISSIMA A RANUCCI E CARISSIMA A LAVITOLA (COME \u00c8 TESTIMONIATO DALLE FOTO DI DAGOSPIA IN OCCASIONE DEL PREMIO COLALUCCI, SETTEMBRE 2020) &#8211; <span>NELLA DECISIONE DI SCEGLIERE GIULIA PRESUTTI, ACCREDITATA COME ESPRESSIONE DI M5S E AVS, <\/span>PER DARE UN CONTENTINO ALL\u2019OPPOSIZIONE, SAREBBE AVVENUTA UNA INTERLOCUZIONE TRA L\u2019AD RAI, GIAMPAOLO ROSSI, E L\u2019EX PRESIDENTE DELLA VIGILANZA RAI, LA GRILLINA BARBARA FLORIDIA, CHE AVREBBE DATO IL SUO PLACET &#8211; <span>ANCHE SULLA SCELTA DI PIERVINCENZI ALLA CONDUZIONE DI &#8220;REPORT&#8221;, CHE VA A BILANCIARE LA PRESUTTI DI SINISTRA, SI ADDENSANO ALCUNE DOMANDINE<\/span>: A PARTIRE DALLA PASSIONE PER IL RUGBY\u2026<\/p>\n<\/div>\n<p><\/a><\/article>\n<article><a href=\"https:\/\/www.dagospia.com\/cronache\/come-sta-alessandro-battista-condizioni-salute-dell-ex-deputato-485182\"><\/p>\n<div class=\"img-wrapper\"><img decoding=\"async\" src=\"https:\/\/static.dagospia.com\/img\/patch\/08-2026\/di-battista-grillo-di-maio-alessandro-2300529_600_q50.webp\" alt=\"di battista grillo di maio alessandro\" loading=\"lazy\"><\/div>\n<div class=\"excerpt\">COME STA ALESSANDRO DI BATTISTA? &#8211; LE CONDIZIONI DI SALUTE DELL&#8217;EX DEPUTATO DEL MOVIMENTO 5 STELLE,\u2026<\/div>\n<p><\/a><\/article>\n<article><a href=\"https:\/\/www.dagospia.com\/sport\/pennellone-frou-frou-mole-juve-acquistato-l-attaccante-nick-woltemade-485601\"><\/p>\n<div class=\"img-wrapper\"><img decoding=\"async\" src=\"https:\/\/static.dagospia.com\/img\/patch\/09-2026\/nick-woltemade-2301780_600_q50.webp\" alt loading=\"lazy\"><\/div>\n<div class=\"excerpt\">UN PENNELLONE &#8220;FROU FROU&#8221; SOTTO LA MOLE? \u2013 LA JUVE HA ACQUISTATO IN PRESTITO DAL NEWCASTLE\u2026<\/div>\n<p><\/a><\/article>\n<article><a href=\"https:\/\/www.dagospia.com\/cronache\/42enne-abusa-13enne-gip-scarcera-ha-capito-aver-sbagliato-era-485509\"><\/p>\n<div class=\"img-wrapper\"><img decoding=\"async\" src=\"https:\/\/static.dagospia.com\/img\/patch\/09-2026\/carlo-nordio-violenza-sessuale-2301509_600_q50.webp\" alt=\"carlo nordio violenza sessuale \" loading=\"lazy\"><\/div>\n<div class=\"excerpt\">QUESTI GIUDICI FANNO UN REGALO ALLA PROPAGANDA DEL GOVERNO! ALLA PERIFERIA DI TORINO UN 42ENNE\u2026<\/div>\n<p><\/a><\/article>\n<article><a href=\"https:\/\/www.dagospia.com\/media-tv\/pillole-gossip-leonardo-lini-noemi-bocchi-pitt-jolie-pamela-anderson-la-485460\"><\/p>\n<div class=\"img-wrapper\"><img decoding=\"async\" src=\"https:\/\/static.dagospia.com\/img\/patch\/09-2026\/pillole-avanti-gossip-2301347_600_q50.webp\" alt=\"pillole avanti gossip\" loading=\"lazy\"><\/div>\n<div class=\"excerpt\">AVANTI, C\u2019\u00c8 GOSSIP! SARA\u2019 IL BELLOCCIO LEONARDO LINI IL MAESTRO DI NOEMI BOCCHI A &#8220;BALLANDO CON LE\u2026<\/div>\n<p><\/a><\/article>\n<article><a href=\"https:\/\/www.dagospia.com\/media-tv\/gallina-vecchia-arrapa-ancora-riconoscete-bonissima-attrice-oggi-485609\"><\/p>\n<div class=\"img-wrapper\"><img decoding=\"async\" src=\"https:\/\/static.dagospia.com\/img\/patch\/09-2026\/salma-hayek-2301808_600_q50.webp\" alt=\"salma hayek \" loading=\"lazy\"><\/div>\n<div class=\"excerpt\">GALLINA VECCHIA\u2026 ARRAPA ANCORA! LA RICONOSCETE? \u2013 LA BONISSIMA ATTRICE OGGI COMPIE 60 ANNI, MA \u00c8\u2026<\/div>\n<p><\/a><\/article>\n<article><a href=\"https:\/\/www.dagospia.com\/media-tv\/dagoreport-riunione-interlocutoria-qualche-piccola-apertura-caso-report-485651\"><\/p>\n<div class=\"img-wrapper\"><img decoding=\"async\" src=\"https:\/\/static.dagospia.com\/img\/patch\/09-2026\/rai-via-teulada-paolo-corsini-giulia-innocenzi-presutti-daniele-piervincenzi-dan-2301944_600_q50.webp\" alt=\"rai via teulada paolo corsini giulia innocenzi presutti daniele piervincenzi danilo procaccianti report sigfrido ranucci \" loading=\"lazy\"><\/div>\n<div class=\"excerpt\">DAGOREPORT \u2013 RIUNIONE INTERLOCUTORIA MA CON QUALCHE PICCOLA APERTURA TRA IL DIRETTORE\u2026<\/div>\n<p><\/a><\/article>\n<article><a href=\"https:\/\/www.dagospia.com\/politica\/dagoreport-grazie-trump-mondo-verso-de-americanizzazione-oggi-si-485332\"><\/p>\n<div class=\"img-wrapper\"><img decoding=\"async\" src=\"https:\/\/static.dagospia.com\/img\/patch\/09-2026\/trump-modi-xi-jinping-putin-2301524_600_q50.webp\" alt=\"trump modi xi jinping putin\" loading=\"lazy\"><\/div>\n<div class=\"excerpt\">DAGOREPORT \u2013 GRAZIE A TRUMP, IL DOLLARO RISCHIA DI DIVENTARE CARTA STRACCIA \u2013\u00a0IL PIATTO FORTE AL\u2026<\/div>\n<p><\/a><\/article>\n<article><a href=\"https:\/\/www.dagospia.com\/politica\/elly-ascolta-gli-amici-i-big-pd-scesi-in-campo-cosi-pesantemente-per-485354\"><\/p>\n<div class=\"img-wrapper\"><img decoding=\"async\" src=\"https:\/\/static.dagospia.com\/img\/patch\/08-2026\/giuseppe-conte-elly-schlein-franceschini-bonaccini-nardella-2301098_600_q50.webp\" alt=\"giuseppe conte elly schlein franceschini bonaccini nardella\" loading=\"lazy\"><\/div>\n<div class=\"excerpt\">DAGOREPORT &#8211; ELLY, ASCOLTA GLI AMICI! I CAPOCCIONI E LE MEZZECALZE DEL PD, CHE SONO SCESI COS\u00cc\u2026<\/div>\n<p><\/a><\/article>\n<article><a href=\"https:\/\/www.dagospia.com\/politica\/l-ingaggio-fedorov-fa-incazzare-zelensky-mette-in-allarme-agenzie-485343\"><\/p>\n<div class=\"img-wrapper\"><img decoding=\"async\" src=\"https:\/\/static.dagospia.com\/img\/patch\/08-2026\/fedorov-musk-thiel-zelensky-crosetto-2301168_600_q50.webp\" alt=\"fedorov musk thiel zelensky crosetto\" loading=\"lazy\"><\/div>\n<div class=\"excerpt\">DAGOREPORT &#8211; A QUALCUNO NON PIACE &#8216;STO FEDOROV &#8211;\u00a0PIU&#8217; CHE A INDIGNARE I NEURONI ALLA VODKA DI\u2026<\/div>\n<p><\/a><\/article>\n<article><a href=\"https:\/\/www.dagospia.com\/politica\/flash-c-e-grande-perplessita-i-draghi-boys-per-presenza-andrea-485336\"><\/p>\n<div class=\"img-wrapper\"><img decoding=\"async\" src=\"https:\/\/static.dagospia.com\/img\/patch\/08-2026\/xavier-niel-draghi-pignataro-2301175_600_q50.webp\" alt=\"xavier niel draghi pignataro\" loading=\"lazy\"><\/div>\n<div class=\"excerpt\">FLASH! \u2013 I \u201cDRAGHI BOYS\u201d DEL POTERE ECONOMICO ITALIANO AVREBBERO ESPRESSO QUALCHE PERPLESSITA&#8217;\u2026<\/div>\n<p><\/a><\/article>\n<article><a href=\"https:\/\/www.dagospia.com\/politica\/quale-episodio-giulia-presutti-era-habitue-cefalu-bistro-dove-piu-e-485248\"><\/p>\n<div class=\"img-wrapper\"><img decoding=\"async\" src=\"https:\/\/static.dagospia.com\/img\/patch\/08-2026\/ranucci-presutti-cianfoni-floridia-2300757_600_q50.webp\" alt=\"ranucci presutti cianfoni floridia\" loading=\"lazy\"><\/div>\n<div class=\"excerpt\">DAGOREPORT &#8211;\u00a0MA QUALE &#8220;EPISODIO&#8221;! GIULIA PRESUTTI ERA UN HABITU\u00c8 DEL \u201cCEFAL\u00d9 BISTR\u00d2\u201d DOVE PI\u00d9 VOLTE\u2026<\/div>\n<p><\/a><\/article>\n<article><a href=\"https:\/\/www.dagospia.com\/politica\/risiko-s-ingrossa-l-apertura-assicurazioni-generali-valutare-l-offerta-484996\"><\/p>\n<div class=\"img-wrapper\"><img decoding=\"async\" src=\"https:\/\/static.dagospia.com\/img\/patch\/08-2026\/generali-philippe-donnet-luigi-lovaglio-carlo-messina-2292458_600_q50.webp\" alt=\"generali philippe donnet luigi lovaglio carlo messina \" loading=\"lazy\"><\/div>\n<div class=\"excerpt\">DAGOREPORT &#8211; IL RISIKO S&#8217;INGROSSA! L\u2019APERTURA DI ASSICURAZIONI GENERALI A VALUTARE L&#8217;OFFERTA\u201d DI\u2026<\/div>\n<p><\/a><\/article>\n<article><a href=\"https:\/\/www.dagospia.com\/cronache\/voluto-trump-t-attacchi-scorta-i-leader-silicon-valley-484985\"><\/p>\n<div class=\"img-wrapper\"><img decoding=\"async\" src=\"https:\/\/static.dagospia.com\/img\/patch\/08-2026\/mark-zuckerberg-proteste-2299936_600_q50.webp\" alt=\"mark zuckerberg proteste \" loading=\"lazy\"><\/div>\n<div class=\"excerpt\">HAI VOLUTO TRUMP? E ORA T\u2019ATTACCHI ALLA SCORTA! \u2013 I LEADER DELLA SILICON VALLEY SONO OSSESSIONATI\u2026<\/div>\n<p><\/a><\/article>\n<article><a href=\"https:\/\/www.dagospia.com\/politica\/flash-giorgia-meloni-manda-armi-sottobanco-all-ucraina-per-non-spaccare-484982\"><\/p>\n<div class=\"img-wrapper\"><img decoding=\"async\" src=\"https:\/\/static.dagospia.com\/img\/patch\/08-2026\/giorgia-meloni-volodymyr-zelensky-mario-draghi-2299913_600_q50.webp\" alt=\"giorgia meloni volodymyr zelensky mario draghi \" loading=\"lazy\"><\/div>\n<div class=\"excerpt\">FLASH \u2013 GIORGIA MELONI MANDA LE ARMI SOTTOBANCO ALL\u2019UCRAINA PER NON SPACCARE LA SUA MAGGIORANZA. IL\u2026<\/div>\n<p><\/a><\/article>\n<article><a href=\"https:\/\/www.dagospia.com\/politica\/qual-era-scopo-blitz-capo-cia-mosca-i-beninformati-washington-484881\"><\/p>\n<div class=\"img-wrapper\"><img decoding=\"async\" src=\"https:\/\/static.dagospia.com\/img\/patch\/12-2025\/vladimir-putin-donald-trump-volodymyr-zelensky-2214409_600_q50.webp\" alt=\"vladimir putin donald trump volodymyr zelensky\" loading=\"lazy\"><\/div>\n<div class=\"excerpt\">FLASH! \u2013 QUANDO LE COSE GIRANO SUL PEGGIO, INTERVENGONO I SERVIZI SEGRETI &#8211;\u00a0IL BENINFORMATO\u00a0CAPO\u2026<\/div>\n<p><\/a><\/article>\n<article><a href=\"https:\/\/www.dagospia.com\/cafonal\/cafonalino-roma-proiezione-documentario-marco-bellocchio-marco-travaglio-485081\"><\/p>\n<div class=\"img-wrapper\"><img decoding=\"async\" src=\"https:\/\/static.dagospia.com\/img\/patch\/08-2026\/2026bellocchio-anteprima-film-di-marco-bellocchio-2300339_600_q50.webp\" alt=\"2026bellocchio anteprima film di marco bellocchio\" loading=\"lazy\"><\/div>\n<div class=\"excerpt\">CAFONALINO! AL CINEMA QUATTRO FONTANE DI ROMA LA PROIEZIONE SPECIALE DEL DOCUMENTARIO \u201cMARCO\u2026<\/div>\n<p><\/a><\/article>\n<article><a href=\"https:\/\/www.dagospia.com\/cafonal\/cafonal-show-ranucci-cerveteri-freni-ho-fatto-scoop-nazionali-484807\"><\/p>\n<div class=\"img-wrapper\"><img decoding=\"async\" src=\"https:\/\/static.dagospia.com\/img\/patch\/08-2026\/2026ranucci-sigfrido-ranucci-2299409_600_q50.webp\" alt=\"2026ranucci sigfrido ranucci\" loading=\"lazy\"><\/div>\n<div class=\"excerpt\">SIGFRIDO, IL MASANIELLO DE NOANTRI \u2013 RANUCCI HA PERSO OGNI FRENO E, ALLA PRESENTAZIONE DEL SUO\u2026<\/div>\n<p><\/a><\/article>\n<article><a href=\"https:\/\/www.dagospia.com\/cafonal\/funeralino-l-ultimo-saluto-mitico-produttore-cinematografico-fulvio-484127\"><\/p>\n<div class=\"img-wrapper\"><img decoding=\"async\" src=\"https:\/\/static.dagospia.com\/img\/patch\/08-2026\/2026lucisano-2297424_600_q50.webp\" alt=\"2026lucisano\" loading=\"lazy\"><\/div>\n<div class=\"excerpt\">FUNERALINO \u2013 NELLA CALLARA ROMANA D\u2019AGOSTO, L\u2019ULTIMO SALUTO AL MITICO PRODUTTORE CINEMATOGRAFICO\u2026<\/div>\n<p><\/a><\/article>\n<article><a href=\"https:\/\/www.dagospia.com\/cafonal\/cafonalino-pizza-riformista-matteo-renzi-raduna-i-suoi-prima-delle-480816\"><\/p>\n<div class=\"img-wrapper\"><img decoding=\"async\" src=\"https:\/\/static.dagospia.com\/img\/patch\/07-2026\/2026kraken-matteo-renzi-2286047_600_q50.webp\" alt=\"2026kraken matteo renzi \" loading=\"lazy\"><\/div>\n<div class=\"excerpt\">CAFONALINO DELLA PIZZA RIFORMISTA \u2013 RENZI RADUNA I SUOI PRIMA DELLE VACANZE ESTIVE AL SATYRUS DI\u2026<\/div>\n<p><\/a><\/article>\n<article><a href=\"https:\/\/www.dagospia.com\/cafonal\/cafonalino-moreno-party-roma-manuela-moreno-festeggia-i-60-anni-480777\"><\/p>\n<div class=\"img-wrapper\"><img decoding=\"async\" src=\"https:\/\/static.dagospia.com\/img\/patch\/07-2026\/manuela-moreno-festa-60-anni-2285871_600_q50.webp\" alt=\"manuela moreno festa 60 anni \" loading=\"lazy\"><\/div>\n<div class=\"excerpt\">CAFONALINO! NO MORENO, NO PARTY \u2013 A ROMA, AL LOVE BAR DI PONTE MILVIO, MANUELA MORENO, CONDUTTRICE\u2026<\/div>\n<p><\/a><\/article>\n<article><a href=\"https:\/\/www.dagospia.com\/cafonal\/cafonalino-firenze-tevere-direttori-redattori-forchettoni-scrocconi-480745\"><\/p>\n<div class=\"img-wrapper\"><img decoding=\"async\" src=\"https:\/\/static.dagospia.com\/img\/patch\/07-2026\/2026agno-marco-agnoletti-2285763_600_q50.webp\" alt=\"2026agno marco agnoletti \" loading=\"lazy\"><\/div>\n<div class=\"excerpt\">CAFONALINO DEGLI AGNOLETTI IN BRODO &#8211; DIRETTORI, REDATTORI, FORCHETTONI E SCROCCONI SFIDANO\u2026<\/div>\n<p><\/a><\/article>\n<p>[analyse_source url=&#8221;https:\/\/www.dagospia.com\/politica\/europa-tanti-guai-scoppia-rivolta-interna-europa-segretario-riccardo-485558&#8243;]<\/p>\n","protected":false},"excerpt":{"rendered":"<p>[analyse_image type=&#8221;featured&#8221; src=&#8221;https:\/\/static.dagospia.com\/img\/patch\/09-2026\/riccardo-magi-benedetto-della-vedova-matteo-renzi-carlo-calenda-2301586_600_q50.webp&#8221;] 2 set 2026 16:14 LA SCISSIONE DELL&#8217;ATOMO &#8211; SCOPPIA LA RIVOLTA INTERNA A &#8220;+ EUROPA&#8221;: IL SEGRETARIO RICCARDO MAGI RISCHIA DI PERDERE IL POSTO &#8211; TRA GLI EX RADICALI \u00c8 IN ATTO UNA LOTTA DI POTERE FRATRICIDA: L\u2019EX SEGRETARIO BENEDETTO DELLA VEDOVA VUOLE L\u2019INGRESSO NELLA CASA RIFORMISTA DI RENZI, IL PRESIDENTE MATTEO [&hellip;]<\/p>\n","protected":false},"author":1,"featured_media":0,"comment_status":"open","ping_status":"","sticky":false,"template":"","format":"standard","meta":{"footnotes":""},"categories":[87],"tags":[226,149],"class_list":["post-2124837","post","type-post","status-publish","format-standard","hentry","category-italy","tag-crawlmanager","tag-dagospia-com"],"_links":{"self":[{"href":"https:\/\/analyse.optim.biz\/index.php?rest_route=\/wp\/v2\/posts\/2124837","targetHints":{"allow":["GET"]}}],"collection":[{"href":"https:\/\/analyse.optim.biz\/index.php?rest_route=\/wp\/v2\/posts"}],"about":[{"href":"https:\/\/analyse.optim.biz\/index.php?rest_route=\/wp\/v2\/types\/post"}],"author":[{"embeddable":true,"href":"https:\/\/analyse.optim.biz\/index.php?rest_route=\/wp\/v2\/users\/1"}],"replies":[{"embeddable":true,"href":"https:\/\/analyse.optim.biz\/index.php?rest_route=%2Fwp%2Fv2%2Fcomments&post=2124837"}],"version-history":[{"count":0,"href":"https:\/\/analyse.optim.biz\/index.php?rest_route=\/wp\/v2\/posts\/2124837\/revisions"}],"wp:attachment":[{"href":"https:\/\/analyse.optim.biz\/index.php?rest_route=%2Fwp%2Fv2%2Fmedia&parent=2124837"}],"wp:term":[{"taxonomy":"category","embeddable":true,"href":"https:\/\/analyse.optim.biz\/index.php?rest_route=%2Fwp%2Fv2%2Fcategories&post=2124837"},{"taxonomy":"post_tag","embeddable":true,"href":"https:\/\/analyse.optim.biz\/index.php?rest_route=%2Fwp%2Fv2%2Ftags&post=2124837"}],"curies":[{"name":"wp","href":"https:\/\/api.w.org\/{rel}","templated":true}]}}