{"id":2124790,"date":"2026-09-02T14:51:14","date_gmt":"2026-09-02T11:51:14","guid":{"rendered":"https:\/\/analyse.optim.biz\/?p=2124790"},"modified":"2026-09-02T14:51:14","modified_gmt":"2026-09-02T11:51:14","slug":"compania-de-apa-buzau-comunicat-de-presa-02-septembrie-2026","status":"publish","type":"post","link":"https:\/\/analyse.optim.biz\/?p=2124790","title":{"rendered":"Compania de Ap\u0103 Buz\u0103u: COMUNICAT DE PRES\u0102 \u2013 02 septembrie 2026"},"content":{"rendered":"<p>[analyse_image type=&#8221;featured&#8221; src=&#8221;https:\/\/buzaumedia.ro\/wp-content\/uploads\/2026\/09\/Compania-de-Apa-Buzau-INFORMARE.jpghttps:\/\/buzaumedia.ro\/wp-content\/uploads\/2026\/09\/Compania-de-Apa-Buzau-INFORMARE.jpg&#8221;]<\/p>\n<div class=\"entry-content rbct clearfix is-highlight-shares\">\n<p>\u00a0<\/p>\n<p>Compania de Ap\u0103 SA Buz\u0103u preia \u00een operare serviciile publice de alimentare cu ap\u0103 \u0219i de canalizare-epurare din comuna St\u00e2lpu.<\/p>\n<p>\u00cencep\u00e2nd cu data de 02.09.2026, Compania de Ap\u0103 SA Buz\u0103u preia operarea serviciilor publice de alimentare cu ap\u0103 \u0219i de canalizare-epurare din comuna St\u00e2lpu, care devine parte contractant\u0103 a Contractului de delegare a gestiunii serviciilor publice de alimentare cu ap\u0103 \u0219i de canalizare.<\/p>\n<p>Preluarea continu\u0103 direc\u021bia strategic\u0103 asumat\u0103 de Companie \u00een calitatea sa de operator regional.<\/p>\n<p>Obiectivul principal r\u0103m\u00e2ne dezvoltarea regional\u0103 a serviciilor de ap\u0103 \u0219i de canalizare, respect\u00e2nd acelea\u0219i standarde de calitate, acelea\u0219i proceduri tehnice \u0219i aceea\u0219i capacitate de interven\u021bie \u00een toate unit\u0103\u021bile administrativ teritoriale din aria de operare, indiferent de dimensiunea acestora.<\/p>\n<p>\u00cen perioada urm\u0103toare, Compania va derula \u00een comuna St\u00e2lpu un program de activit\u0103\u021bi prioritare, destinat asigur\u0103rii calit\u0103\u021bii \u0219i continuit\u0103\u021bii serviciilor, \u00een conformitate cu legisla\u021bia \u00een vigoare.<\/p>\n<p>Programul vizeaz\u0103 verificarea \u0219i punerea \u00een siguran\u021b\u0103 a infrastructurii preluate, monitorizarea calit\u0103\u021bii apei prin laborator acreditat, asigurarea interven\u021biei operative prin dispecerat \u0219i echipe proprii, precum \u0219i organizarea rela\u021biei cu utilizatorii.<\/p>\n<p>Pentru ca serviciile s\u0103 fie prestate \u00een condi\u021bii legale \u0219i \u00een parametrii asuma\u021bi, Compania de Ap\u0103 SA Buz\u0103u invit\u0103 utilizatorii din comuna St\u00e2lpu s\u0103 coopereze cu reprezentan\u021bii s\u0103i \u00een vederea \u00eencheierii contractelor de furnizare\/prestare a serviciilor.<\/p>\n<p>Date de contact Compania de Ap\u0103 SA Buz\u0103u<br \/>\nTelefon: 0238.938<br \/>\nEmail: call.center@cabuzau.ro<\/p>\n<p>Compania de Ap\u0103 Buz\u0103u<\/p>\n<\/div>\n<p>[analyse_source url=&#8221;https:\/\/buzaumedia.ro\/stiri-buzau\/compania-de-apa-buzau-comunicat-de-presa-02-septembrie-2026\/&#8221;]<\/p>\n","protected":false},"excerpt":{"rendered":"<p>[analyse_image type=&#8221;featured&#8221; src=&#8221;https:\/\/buzaumedia.ro\/wp-content\/uploads\/2026\/09\/Compania-de-Apa-Buzau-INFORMARE.jpghttps:\/\/buzaumedia.ro\/wp-content\/uploads\/2026\/09\/Compania-de-Apa-Buzau-INFORMARE.jpg&#8221;] \u00a0 Compania de Ap\u0103 SA Buz\u0103u preia \u00een operare serviciile publice de alimentare cu ap\u0103 \u0219i de canalizare-epurare din comuna St\u00e2lpu. \u00cencep\u00e2nd cu data de 02.09.2026, Compania de Ap\u0103 SA Buz\u0103u preia operarea serviciilor publice de alimentare cu ap\u0103 \u0219i de canalizare-epurare din comuna St\u00e2lpu, care devine parte contractant\u0103 a Contractului de [&hellip;]<\/p>\n","protected":false},"author":1,"featured_media":0,"comment_status":"open","ping_status":"","sticky":false,"template":"","format":"standard","meta":{"footnotes":""},"categories":[2],"tags":[66,226],"class_list":["post-2124790","post","type-post","status-publish","format-standard","hentry","category-politics","tag-buzaumedia-ro","tag-crawlmanager"],"_links":{"self":[{"href":"https:\/\/analyse.optim.biz\/index.php?rest_route=\/wp\/v2\/posts\/2124790","targetHints":{"allow":["GET"]}}],"collection":[{"href":"https:\/\/analyse.optim.biz\/index.php?rest_route=\/wp\/v2\/posts"}],"about":[{"href":"https:\/\/analyse.optim.biz\/index.php?rest_route=\/wp\/v2\/types\/post"}],"author":[{"embeddable":true,"href":"https:\/\/analyse.optim.biz\/index.php?rest_route=\/wp\/v2\/users\/1"}],"replies":[{"embeddable":true,"href":"https:\/\/analyse.optim.biz\/index.php?rest_route=%2Fwp%2Fv2%2Fcomments&post=2124790"}],"version-history":[{"count":0,"href":"https:\/\/analyse.optim.biz\/index.php?rest_route=\/wp\/v2\/posts\/2124790\/revisions"}],"wp:attachment":[{"href":"https:\/\/analyse.optim.biz\/index.php?rest_route=%2Fwp%2Fv2%2Fmedia&parent=2124790"}],"wp:term":[{"taxonomy":"category","embeddable":true,"href":"https:\/\/analyse.optim.biz\/index.php?rest_route=%2Fwp%2Fv2%2Fcategories&post=2124790"},{"taxonomy":"post_tag","embeddable":true,"href":"https:\/\/analyse.optim.biz\/index.php?rest_route=%2Fwp%2Fv2%2Ftags&post=2124790"}],"curies":[{"name":"wp","href":"https:\/\/api.w.org\/{rel}","templated":true}]}}