{"id":2124788,"date":"2026-09-02T11:05:58","date_gmt":"2026-09-02T08:05:58","guid":{"rendered":"https:\/\/analyse.optim.biz\/?p=2124788"},"modified":"2026-09-02T11:05:58","modified_gmt":"2026-09-02T08:05:58","slug":"scolile-si-gradinitele-din-judetul-buzau-luate-la-control","status":"publish","type":"post","link":"https:\/\/analyse.optim.biz\/?p=2124788","title":{"rendered":"\u0218colile \u0219i gr\u0103dini\u021bele, din jude\u021bul Buz\u0103u, luate la control!"},"content":{"rendered":"<p>[analyse_image type=&#8221;featured&#8221; src=&#8221;https:\/\/buzaumedia.ro\/wp-content\/uploads\/2026\/09\/scoli-1.jpghttps:\/\/buzaumedia.ro\/wp-content\/uploads\/2026\/09\/scoli-1.jpg&#8221;]<\/p>\n<div class=\"entry-content rbct clearfix is-highlight-shares\">\n<p>Autorit\u0103\u021bile buzoiene au demarat controale \u00een \u0219colile \u0219i gr\u0103dini\u021bele,<br \/>\ndin jude\u021bul Buz\u0103u, \u00eenainte de debutul noului an \u0219colar. Comisii mixte<br \/>\nformate din reprezentan\u021bi ai<br \/>\nPrefecturii, Direc\u021biei de S\u0103n\u0103tate Public\u0103, Inspectoratului pentru<br \/>\nSitua\u021bii de Urgen\u021b\u0103, Inspectoratului \u0218colar \u0219i Inspectoratului de<br \/>\nPoli\u021bie verific\u0103, prin sondaj, p\u00e2n\u0103 pe 7 septembrie, mai multe unit\u0103\u021bi<br \/>\nde \u00eenv\u0103\u021b\u0103m\u00e2nt, \u00een special din mediul rural.<br \/>\nPotrivit reprezentan\u021bilor Inspectoratului \u0218colar Buz\u0103u, \u00een cadrul<br \/>\ncontroalelor, o aten\u021bie deosebit\u0103 va fi acordat\u0103 semnaliz\u0103rilor<br \/>\nrutiere din apropierea \u0219colilor, siguran\u021bei elevilor, condi\u021biilor<br \/>\nsanitare, precum \u0219i prevenirii \u0219i gestion\u0103ri situa\u021biilor de urgen\u021b\u0103.<br \/>\nDe asemenea, vor fi inspectate \u0219i unit\u0103\u021bile de \u00eenv\u0103\u021b\u0103m\u00e2nt unde au fost<br \/>\nsemnalate nereguli \u00een anii trecu\u021bi.<br \/>\nVerific\u0103rile vor viza \u0219coli din municipiile Buz\u0103u \u0219i R\u00e2mnicu S\u0103rat,<br \/>\ndin ora\u0219ul Nehoiu, dar \u0219i unit\u0103\u021bi de \u00eenv\u0103\u021b\u0103m\u00e2nt din comunele<br \/>\nM\u00e2nz\u0103le\u0219ti, P\u00e2rscov, Vadu Pa\u0219ii, St\u00e2lpu, \u021ainte\u0219ti, N\u0103eni, Breaza,<br \/>\nBeceni, Cern\u0103te\u0219ti, Vintil\u0103 Vod\u0103, M\u0103gura, S\u0103geata, Gura Teghii,<br \/>\nCalvini, Verne\u0219ti, Ziduri, B\u0103l\u0103ceanu, Greb\u0103nu, R\u00e2mnicelu, Po\u0219ta<br \/>\nC\u00e2ln\u0103u, Cochirleanca, Br\u0103e\u0219ti, Od\u0103ile, Cilibia \u0219i C.A. Rosetti.<br \/>\nSitua\u021bia exact\u0103 din \u0219colile \u0219i gr\u0103dini\u021bele, din jude\u021bul Buz\u0103u, la<br \/>\ndebutul \u00een noul an \u0219colar, va fi cunoscut\u0103 dup\u0103 finalizarea<br \/>\nverific\u0103rilor comisiilor multidisciplinare, care efectueaz\u0103 controale<br \/>\n\u00een unit\u0103\u021bile de \u00eenv\u0103\u021b\u0103m\u00e2nt.<\/p>\n<div id=\"gallery-1\" class=\"gallery galleryid-189628 gallery-columns-3 gallery-size-thumbnail\">\n<figure class=\"gallery-item\">\n<div class=\"gallery-icon landscape\"><a href=\"https:\/\/buzaumedia.ro\/stiri-buzau\/fwd-scolile-si-gradinitele-din-judetul-buzau-luate-la-control\/attachment\/scoli-1\/\"><img loading=\"lazy\" decoding=\"async\" width=\"128\" height=\"72\" src=\"https:\/\/buzaumedia.ro\/wp-content\/uploads\/2026\/09\/scoli-1.jpg\" class=\"attachment-thumbnail size-thumbnail\" alt><img decoding=\"async\" loading=\"lazy\" width=\"128\" height=\"72\" src=\"https:\/\/buzaumedia.ro\/wp-content\/uploads\/2026\/09\/scoli-1.jpg\" class=\"attachment-thumbnail size-thumbnail\" alt><\/a><\/div>\n<\/figure>\n<\/div>\n<\/div>\n<p>[analyse_source url=&#8221;https:\/\/buzaumedia.ro\/stiri-buzau\/fwd-scolile-si-gradinitele-din-judetul-buzau-luate-la-control\/&#8221;]<\/p>\n","protected":false},"excerpt":{"rendered":"<p>[analyse_image type=&#8221;featured&#8221; src=&#8221;https:\/\/buzaumedia.ro\/wp-content\/uploads\/2026\/09\/scoli-1.jpghttps:\/\/buzaumedia.ro\/wp-content\/uploads\/2026\/09\/scoli-1.jpg&#8221;] Autorit\u0103\u021bile buzoiene au demarat controale \u00een \u0219colile \u0219i gr\u0103dini\u021bele, din jude\u021bul Buz\u0103u, \u00eenainte de debutul noului an \u0219colar. Comisii mixte formate din reprezentan\u021bi ai Prefecturii, Direc\u021biei de S\u0103n\u0103tate Public\u0103, Inspectoratului pentru Situa\u021bii de Urgen\u021b\u0103, Inspectoratului \u0218colar \u0219i Inspectoratului de Poli\u021bie verific\u0103, prin sondaj, p\u00e2n\u0103 pe 7 septembrie, mai multe unit\u0103\u021bi de \u00eenv\u0103\u021b\u0103m\u00e2nt, [&hellip;]<\/p>\n","protected":false},"author":1,"featured_media":0,"comment_status":"open","ping_status":"","sticky":false,"template":"","format":"standard","meta":{"footnotes":""},"categories":[2],"tags":[66,226],"class_list":["post-2124788","post","type-post","status-publish","format-standard","hentry","category-politics","tag-buzaumedia-ro","tag-crawlmanager"],"_links":{"self":[{"href":"https:\/\/analyse.optim.biz\/index.php?rest_route=\/wp\/v2\/posts\/2124788","targetHints":{"allow":["GET"]}}],"collection":[{"href":"https:\/\/analyse.optim.biz\/index.php?rest_route=\/wp\/v2\/posts"}],"about":[{"href":"https:\/\/analyse.optim.biz\/index.php?rest_route=\/wp\/v2\/types\/post"}],"author":[{"embeddable":true,"href":"https:\/\/analyse.optim.biz\/index.php?rest_route=\/wp\/v2\/users\/1"}],"replies":[{"embeddable":true,"href":"https:\/\/analyse.optim.biz\/index.php?rest_route=%2Fwp%2Fv2%2Fcomments&post=2124788"}],"version-history":[{"count":0,"href":"https:\/\/analyse.optim.biz\/index.php?rest_route=\/wp\/v2\/posts\/2124788\/revisions"}],"wp:attachment":[{"href":"https:\/\/analyse.optim.biz\/index.php?rest_route=%2Fwp%2Fv2%2Fmedia&parent=2124788"}],"wp:term":[{"taxonomy":"category","embeddable":true,"href":"https:\/\/analyse.optim.biz\/index.php?rest_route=%2Fwp%2Fv2%2Fcategories&post=2124788"},{"taxonomy":"post_tag","embeddable":true,"href":"https:\/\/analyse.optim.biz\/index.php?rest_route=%2Fwp%2Fv2%2Ftags&post=2124788"}],"curies":[{"name":"wp","href":"https:\/\/api.w.org\/{rel}","templated":true}]}}