{"id":2124787,"date":"2026-09-02T11:05:49","date_gmt":"2026-09-02T08:05:49","guid":{"rendered":"https:\/\/analyse.optim.biz\/?p=2124787"},"modified":"2026-09-02T11:05:49","modified_gmt":"2026-09-02T08:05:49","slug":"schimbari-oficiale-la-varful-inspectoratului-scolar-buzau","status":"publish","type":"post","link":"https:\/\/analyse.optim.biz\/?p=2124787","title":{"rendered":"Schimb\u0103ri oficiale la v\u00e2rful Inspectoratului \u0218colar Buz\u0103u!"},"content":{"rendered":"<p>[analyse_image type=&#8221;featured&#8221; src=&#8221;https:\/\/buzaumedia.ro\/wp-content\/uploads\/2026\/09\/inspectorat-1.jpghttps:\/\/buzaumedia.ro\/wp-content\/uploads\/2026\/09\/inspectorat-1.jpg&#8221;]<\/p>\n<div class=\"entry-content rbct clearfix is-highlight-shares\">\n<p>Noul an \u0219colar \u00eencepe, la Buz\u0103u, cu o nou\u0103 echip\u0103 de conducere a<br \/>\nInspectoratului \u0218colar Jude\u021bean. Deciziile de numire a noilor<br \/>\ninspectori care vor asigura bunul mers al \u00eenv\u0103\u021b\u0103m\u00e2ntului buzoian au<br \/>\najuns la Inspectoratul \u0218colar, dup\u0103 ce Danielei Palc\u0103u, cea care a<br \/>\nde\u021binut func\u021bia de inspector \u0219colar general, i-a expirat contractul.<br \/>\n\u00cen func\u021bia de inspector \u0219colar general a fost numit\u0103 Gina Manea, cea<br \/>\ncare p\u00e2n\u0103 acum a de\u021binut func\u021bia de inspector \u0219colar general adjunct.<br \/>\nPentru posturile de adjunc\u021bi au primit decizii de numire Felicia<br \/>\nBo\u0219codeal\u0103, so\u021bia fostului primar Constantin Bo\u0219codeal\u0103, care de\u021binea<br \/>\nfunc\u021bia de inspector de specialitate, \u0219i Liliana \u0218erb\u0103nic\u0103, care<br \/>\nprovine din \u00eenv\u0103\u021b\u0103m\u00e2ntul special. Toate cele trei numiri la v\u00e2rful I\u0218J<br \/>\nBuz\u0103u sunt valabilabile p\u00e2n\u0103 la organizarea concursului de c\u0103tre<br \/>\nMinisterul Educa\u021biei \u0219i Cercet\u0103rii, dar nu mai t\u00e2rziu de \u00eencheierea<br \/>\nanului \u0219colar 2026-2027.<br \/>\nPotrivit unor surse, nu este exclus ca, \u00een perioada urm\u0103toare s\u0103 fie<br \/>\noperate unele schimbari \u0219i \u00een echipa de inspectori \u0219colari. Deja mul\u021bi<br \/>\ndirectori ai unor unit\u0103\u021bi de \u00eenv\u0103\u021b\u0103m\u00e2nt din jude\u021b au fost schimba\u021bi,<br \/>\ncei noi fiind numi\u021bi interimar p\u00e2n\u0103 la finalizarea concursului<br \/>\norganizat \u00een aceast\u0103 toamn\u0103.<\/p>\n<div id=\"gallery-1\" class=\"gallery galleryid-189624 gallery-columns-3 gallery-size-thumbnail\">\n<figure class=\"gallery-item\">\n<div class=\"gallery-icon landscape\"><a href=\"https:\/\/buzaumedia.ro\/stiri-buzau\/fwd-schimbari-oficiale-la-varful-inspectoratului-scolar-buzau\/attachment\/inspectorat-1\/\"><img loading=\"lazy\" decoding=\"async\" width=\"128\" height=\"96\" src=\"https:\/\/buzaumedia.ro\/wp-content\/uploads\/2026\/09\/inspectorat-1.jpg\" class=\"attachment-thumbnail size-thumbnail\" alt><img decoding=\"async\" loading=\"lazy\" width=\"128\" height=\"96\" src=\"https:\/\/buzaumedia.ro\/wp-content\/uploads\/2026\/09\/inspectorat-1.jpg\" class=\"attachment-thumbnail size-thumbnail\" alt><\/a><\/div>\n<\/figure>\n<\/div>\n<\/div>\n<p>[analyse_source url=&#8221;https:\/\/buzaumedia.ro\/stiri-buzau\/fwd-schimbari-oficiale-la-varful-inspectoratului-scolar-buzau\/&#8221;]<\/p>\n","protected":false},"excerpt":{"rendered":"<p>[analyse_image type=&#8221;featured&#8221; src=&#8221;https:\/\/buzaumedia.ro\/wp-content\/uploads\/2026\/09\/inspectorat-1.jpghttps:\/\/buzaumedia.ro\/wp-content\/uploads\/2026\/09\/inspectorat-1.jpg&#8221;] Noul an \u0219colar \u00eencepe, la Buz\u0103u, cu o nou\u0103 echip\u0103 de conducere a Inspectoratului \u0218colar Jude\u021bean. Deciziile de numire a noilor inspectori care vor asigura bunul mers al \u00eenv\u0103\u021b\u0103m\u00e2ntului buzoian au ajuns la Inspectoratul \u0218colar, dup\u0103 ce Danielei Palc\u0103u, cea care a de\u021binut func\u021bia de inspector \u0219colar general, i-a expirat contractul. \u00cen [&hellip;]<\/p>\n","protected":false},"author":1,"featured_media":0,"comment_status":"open","ping_status":"","sticky":false,"template":"","format":"standard","meta":{"footnotes":""},"categories":[2],"tags":[66,226],"class_list":["post-2124787","post","type-post","status-publish","format-standard","hentry","category-politics","tag-buzaumedia-ro","tag-crawlmanager"],"_links":{"self":[{"href":"https:\/\/analyse.optim.biz\/index.php?rest_route=\/wp\/v2\/posts\/2124787","targetHints":{"allow":["GET"]}}],"collection":[{"href":"https:\/\/analyse.optim.biz\/index.php?rest_route=\/wp\/v2\/posts"}],"about":[{"href":"https:\/\/analyse.optim.biz\/index.php?rest_route=\/wp\/v2\/types\/post"}],"author":[{"embeddable":true,"href":"https:\/\/analyse.optim.biz\/index.php?rest_route=\/wp\/v2\/users\/1"}],"replies":[{"embeddable":true,"href":"https:\/\/analyse.optim.biz\/index.php?rest_route=%2Fwp%2Fv2%2Fcomments&post=2124787"}],"version-history":[{"count":0,"href":"https:\/\/analyse.optim.biz\/index.php?rest_route=\/wp\/v2\/posts\/2124787\/revisions"}],"wp:attachment":[{"href":"https:\/\/analyse.optim.biz\/index.php?rest_route=%2Fwp%2Fv2%2Fmedia&parent=2124787"}],"wp:term":[{"taxonomy":"category","embeddable":true,"href":"https:\/\/analyse.optim.biz\/index.php?rest_route=%2Fwp%2Fv2%2Fcategories&post=2124787"},{"taxonomy":"post_tag","embeddable":true,"href":"https:\/\/analyse.optim.biz\/index.php?rest_route=%2Fwp%2Fv2%2Ftags&post=2124787"}],"curies":[{"name":"wp","href":"https:\/\/api.w.org\/{rel}","templated":true}]}}