{"id":2124785,"date":"2026-09-02T00:00:00","date_gmt":"2026-09-01T21:00:00","guid":{"rendered":"https:\/\/analyse.optim.biz\/?p=2124785"},"modified":"2026-09-02T00:00:00","modified_gmt":"2026-09-01T21:00:00","slug":"ministrul-indian-de-externe-la-kiev-dupa-ce-modi-i-a-cerut-lui-putin-sa-puna-capat-razboiului","status":"publish","type":"post","link":"https:\/\/analyse.optim.biz\/?p=2124785","title":{"rendered":"Ministrul indian de externe la Kiev dup\u0103 ce Modi i-a cerut lui Putin s\u0103 pun\u0103 cap\u0103t r\u0103zboiului"},"content":{"rendered":"<p>[analyse_image type=&#8221;featured&#8221; src=&#8221;https:\/\/agerpres.ro\/data\/202609\/20260902200109_494104.jpg&#8221;]<\/p>\n<div class=\"mx-auto pt-3\">\n<p><strong>Ministrul indian de externe Subrahmanyam Jaishankar se va deplasa joi \u00een Ucraina \u0219i Polonia \u00eentr-o vizit\u0103 oficial\u0103 de trei zile care \u00eencepe la scurt timp dup\u0103 ce prim-ministrul indian Narendra Modi i-a cerut pre\u0219edintelui rus Vladimir Putin s\u0103 pun\u0103 cap\u0103t r\u0103zboiului, transmite EFE.<\/strong><\/p>\n<p>&#8216;\u00cen timpul c\u0103l\u0103toriei sale, ministrul va avea consult\u0103ri bilaterale cu omologii s\u0103i, ministrul de externe al Ucrainei, Andrii S\u00eebiga, \u0219i viceprim-ministrul \u0219i ministrul de externe al Poloniei, Radoslaw Sikorski&#8217;, se arat\u0103 \u00eentr-un comunicat emis miercuri de Ministerul de Externe al Indiei.<\/p>\n<p>Aceast\u0103 vizit\u0103 oficial\u0103, care va avea loc \u00een perioada 3 &#8211; 5 septembrie, se va concentra pe consolidarea rela\u021biilor bilaterale \u0219i va oferi, de asemenea, oportunitatea de a schimba puncte de vedere asupra evenimentelor regionale \u0219i a chestiunilor de interes comun, conform sursei citate.<\/p>\n<p>Deplasarea la Kiev a lui Jaishankar face parte din eforturile Indiei de a men\u021bine un echilibru diplomatic delicat \u0219i are loc dup\u0103 \u00eent\u00e2lnirea pe care premierul Modi \u0219i pre\u0219edintele Putin au avut-o luni \u00een cadrul summitului Organiza\u021biei de Cooperare de la Shanghai (OCS) organizat la Bi\u0219kek (K\u00e2rg\u00e2zstan).<\/p>\n<p>La Bi\u0219kek, liderul indian a f\u0103cut un apel ferm la \u00eencetarea ostilit\u0103\u021bilor, avertiz\u00e2nd c\u0103 prelungirea conflictului &#8216;face ca umanitatea s\u0103 regreseze&#8217;.<\/p>\n<p>&#8216;Trebuie s\u0103 trecem de la un r\u0103zboi interminabil la a pune cap\u0103t r\u0103zboiului&#8217;, a subliniat premierul Modi \u00een fa\u021ba \u0219efului de la Kremlin, reiter\u00e2nd c\u0103 mesajul Indiei, &#8216;o \u021bar\u0103 a p\u0103cii \u0219i \u021bara lui Buddha&#8217;, este de a g\u0103si o solu\u021bie pa\u0219nic\u0103 c\u00e2t mai cur\u00e2nd posibil.<\/p>\n<p>\u00cen pofida apelurilor pentru convenirea unui armisti\u021biu, pe care pre\u0219edintele Putin le-a respins \u00een mod repetat, India \u0219i Rusia continu\u0103 s\u0103 \u00ee\u0219i consolideze parteneriatul strategic.<\/p>\n<p>Ca urmare a r\u0103zboiului, India a devenit principalul importator de petrol rusesc, iar comer\u021bul bilateral a crescut cu 2,6% \u00een primul semestru al acestui an.<\/p>\n<p>Se a\u0219teapt\u0103 ca cei doi lideri s\u0103 se \u00eent\u00e2lneasc\u0103 din nou la summitul grupului BRICS, care va avea loc la New Delhi peste dou\u0103 s\u0103pt\u0103m\u00e2ni. AGERPRES\/(AS &#8211; redactor: Raluca-Elena Anghel, editor online: Simona Aru\u015ftei)<\/p>\n<\/div>\n<div class=\"mx-auto pt-3\">\n                                Afisari: 386\n                            <\/div>\n<p>[analyse_source url=&#8221;https:\/\/agerpres.ro\/politic-extern\/2026\/09\/02\/ministrul-indian-de-externe-la-kiev-dupa-ce-modi-i-a-cerut-lui-putin-sa-puna-capat-razboiului&#8211;1590166&#8243;]<\/p>\n","protected":false},"excerpt":{"rendered":"<p>[analyse_image type=&#8221;featured&#8221; src=&#8221;https:\/\/agerpres.ro\/data\/202609\/20260902200109_494104.jpg&#8221;] Ministrul indian de externe Subrahmanyam Jaishankar se va deplasa joi \u00een Ucraina \u0219i Polonia \u00eentr-o vizit\u0103 oficial\u0103 de trei zile care \u00eencepe la scurt timp dup\u0103 ce prim-ministrul indian Narendra Modi i-a cerut pre\u0219edintelui rus Vladimir Putin s\u0103 pun\u0103 cap\u0103t r\u0103zboiului, transmite EFE. &#8216;\u00cen timpul c\u0103l\u0103toriei sale, ministrul va avea consult\u0103ri bilaterale [&hellip;]<\/p>\n","protected":false},"author":1,"featured_media":0,"comment_status":"open","ping_status":"","sticky":false,"template":"","format":"standard","meta":{"footnotes":""},"categories":[2],"tags":[37,226],"class_list":["post-2124785","post","type-post","status-publish","format-standard","hentry","category-politics","tag-agerpres-ro","tag-crawlmanager"],"_links":{"self":[{"href":"https:\/\/analyse.optim.biz\/index.php?rest_route=\/wp\/v2\/posts\/2124785","targetHints":{"allow":["GET"]}}],"collection":[{"href":"https:\/\/analyse.optim.biz\/index.php?rest_route=\/wp\/v2\/posts"}],"about":[{"href":"https:\/\/analyse.optim.biz\/index.php?rest_route=\/wp\/v2\/types\/post"}],"author":[{"embeddable":true,"href":"https:\/\/analyse.optim.biz\/index.php?rest_route=\/wp\/v2\/users\/1"}],"replies":[{"embeddable":true,"href":"https:\/\/analyse.optim.biz\/index.php?rest_route=%2Fwp%2Fv2%2Fcomments&post=2124785"}],"version-history":[{"count":0,"href":"https:\/\/analyse.optim.biz\/index.php?rest_route=\/wp\/v2\/posts\/2124785\/revisions"}],"wp:attachment":[{"href":"https:\/\/analyse.optim.biz\/index.php?rest_route=%2Fwp%2Fv2%2Fmedia&parent=2124785"}],"wp:term":[{"taxonomy":"category","embeddable":true,"href":"https:\/\/analyse.optim.biz\/index.php?rest_route=%2Fwp%2Fv2%2Fcategories&post=2124785"},{"taxonomy":"post_tag","embeddable":true,"href":"https:\/\/analyse.optim.biz\/index.php?rest_route=%2Fwp%2Fv2%2Ftags&post=2124785"}],"curies":[{"name":"wp","href":"https:\/\/api.w.org\/{rel}","templated":true}]}}