{"id":2124784,"date":"2026-09-02T11:05:33","date_gmt":"2026-09-02T08:05:33","guid":{"rendered":"https:\/\/analyse.optim.biz\/?p=2124784"},"modified":"2026-09-02T11:05:33","modified_gmt":"2026-09-02T08:05:33","slug":"cms-sef-stefan-doloiu-comandant-al-i-p-j-buzau-cu-acte-n-regula","status":"publish","type":"post","link":"https:\/\/analyse.optim.biz\/?p=2124784","title":{"rendered":"Cms. \u0219ef \u0218tefan Doloiu, comandant al I.P.J. Buz\u0103u cu acte-n regul\u0103!"},"content":{"rendered":"<p>[analyse_image type=&#8221;featured&#8221; src=&#8221;https:\/\/buzaumedia.ro\/wp-content\/uploads\/2026\/09\/sef.jpghttps:\/\/buzaumedia.ro\/wp-content\/uploads\/2026\/09\/sef.jpg&#8221;]<\/p>\n<div class=\"entry-content rbct clearfix is-highlight-shares\">\n<p>Inspectoratul de Poli\u021bie al Jude\u021bului Buz\u0103u are un comandant cu postul<br \/>\nob\u021binut prin concurs. Func\u021bia de \u0219ef al Inspectoratului de Poli\u021bie<br \/>\nJude\u021bean Buz\u0103u a fost scoas\u0103 la concurs, dup\u0103 doi ani de interimat,<br \/>\niar singurul candidat a fost chiar comandantul Poli\u021biei buzoiene, cms.<br \/>\n\u0219ef \u0218tefan Doloiu. Acesta a fost \u00eemputernicit, ini\u021bial, pe acest post<br \/>\ndoar 3 luni, \u00eens\u0103, ulterior, mandatul i s-a prelungit. La concursul<br \/>\norganizat, mar\u021bi, de Inspectoratul General de Poli\u021bie, cms. \u0219ef<br \/>\n\u0218tefan Doloiu a ob\u021binut nota 7,61, fiind declarat admis, nota minim\u0103<br \/>\nnecesar\u0103 pentru a promova fiind 7.<br \/>\nDe c\u00e2nd se afl\u0103 la \u0219efia Inspectoratului de Poli\u021bie Buz\u0103u, Doloiu s-a<br \/>\nconcentrat pe aplicarea m\u0103surilor preventive \u0219i combaterea<br \/>\ncriminalit\u0103\u021bii. Spre exemplu, doar \u00een primele cinci luni ale acestui<br \/>\nan, poli\u021bi\u0219tii buzoieni au re\u021binut aproape 200 de persoane, un num\u0103r<br \/>\nconsiderabil mai mare dec\u00e2t \u00een anii anteriori. Aten\u021bia sportit\u0103<br \/>\nacordat\u0103 combaterii criminalit\u0103\u021bii nu este deloc \u00eent\u00e2mpl\u0103toare, av\u00e2nd<br \/>\n\u00een vedere c\u0103 \u0218tefan Doloiu este specializat \u00een combaterea crimei<br \/>\norganizate \u0219i traficul de droguri.<br \/>\nCms. \u0219ef \u0218tefan Doloiu are 56 de ani \u0219i, \u00een ultimii ani, a ocupat mai<br \/>\nmulte posturi de conducere \u00een cadrul Poli\u021biei Rom\u00e2ne. Odat\u0103 cu<br \/>\npromovarea concursului de la Buz\u0103u, Doloiu va pierde postul din cadrul<br \/>\nBrig\u0103zii de Combatere a Criminalit\u0103\u021bii Organizate Bucure\u0219ti, o<br \/>\nstructur\u0103 teritorial\u0103 de elit\u0103 din cadrul Poli\u021biei Rom\u00e2ne unde este<br \/>\ntitular pe func\u021bie.<br \/>\nCms. \u0219ef \u0218tefan Doloiu a fost numit, la v\u00e2rful Poli\u021biei buzoiene prin<br \/>\n\u00eemputernicire, la finele lunii august 2024. El \u00eei lua locul atunci<br \/>\nfostului comandant Lauren\u021biu Pantazi, care s-a pensionat. \u0218tefan<br \/>\nDoloiu face echip\u0103 la \u0219efia IPJ Buz\u0103u, cu comisar-\u0219ef de poli\u021bie<br \/>\nValentin Dorin Miric\u0103, care ocup\u0103 func\u021bia de adjunct al \u0219efului<br \/>\nInspectoratului de Poli\u021bie Jude\u021bean Buz\u0103u.<\/p>\n<div id=\"gallery-1\" class=\"gallery galleryid-189619 gallery-columns-3 gallery-size-thumbnail\">\n<figure class=\"gallery-item\">\n<div class=\"gallery-icon landscape\"><a href=\"https:\/\/buzaumedia.ro\/stiri-buzau\/fwd-cms-sef-stefan-doloiu-comandant-al-i-p-j-buzau-cu-acte-n-regula\/attachment\/sef-3\/\"><img loading=\"lazy\" decoding=\"async\" width=\"128\" height=\"77\" src=\"https:\/\/buzaumedia.ro\/wp-content\/uploads\/2026\/09\/sef.jpg\" class=\"attachment-thumbnail size-thumbnail\" alt><img decoding=\"async\" loading=\"lazy\" width=\"128\" height=\"77\" src=\"https:\/\/buzaumedia.ro\/wp-content\/uploads\/2026\/09\/sef.jpg\" class=\"attachment-thumbnail size-thumbnail\" alt><\/a><\/div>\n<\/figure>\n<\/div>\n<\/div>\n<p>[analyse_source url=&#8221;https:\/\/buzaumedia.ro\/stiri-buzau\/fwd-cms-sef-stefan-doloiu-comandant-al-i-p-j-buzau-cu-acte-n-regula\/&#8221;]<\/p>\n","protected":false},"excerpt":{"rendered":"<p>[analyse_image type=&#8221;featured&#8221; src=&#8221;https:\/\/buzaumedia.ro\/wp-content\/uploads\/2026\/09\/sef.jpghttps:\/\/buzaumedia.ro\/wp-content\/uploads\/2026\/09\/sef.jpg&#8221;] Inspectoratul de Poli\u021bie al Jude\u021bului Buz\u0103u are un comandant cu postul ob\u021binut prin concurs. Func\u021bia de \u0219ef al Inspectoratului de Poli\u021bie Jude\u021bean Buz\u0103u a fost scoas\u0103 la concurs, dup\u0103 doi ani de interimat, iar singurul candidat a fost chiar comandantul Poli\u021biei buzoiene, cms. \u0219ef \u0218tefan Doloiu. Acesta a fost \u00eemputernicit, ini\u021bial, pe [&hellip;]<\/p>\n","protected":false},"author":1,"featured_media":0,"comment_status":"open","ping_status":"","sticky":false,"template":"","format":"standard","meta":{"footnotes":""},"categories":[2],"tags":[66,226],"class_list":["post-2124784","post","type-post","status-publish","format-standard","hentry","category-politics","tag-buzaumedia-ro","tag-crawlmanager"],"_links":{"self":[{"href":"https:\/\/analyse.optim.biz\/index.php?rest_route=\/wp\/v2\/posts\/2124784","targetHints":{"allow":["GET"]}}],"collection":[{"href":"https:\/\/analyse.optim.biz\/index.php?rest_route=\/wp\/v2\/posts"}],"about":[{"href":"https:\/\/analyse.optim.biz\/index.php?rest_route=\/wp\/v2\/types\/post"}],"author":[{"embeddable":true,"href":"https:\/\/analyse.optim.biz\/index.php?rest_route=\/wp\/v2\/users\/1"}],"replies":[{"embeddable":true,"href":"https:\/\/analyse.optim.biz\/index.php?rest_route=%2Fwp%2Fv2%2Fcomments&post=2124784"}],"version-history":[{"count":0,"href":"https:\/\/analyse.optim.biz\/index.php?rest_route=\/wp\/v2\/posts\/2124784\/revisions"}],"wp:attachment":[{"href":"https:\/\/analyse.optim.biz\/index.php?rest_route=%2Fwp%2Fv2%2Fmedia&parent=2124784"}],"wp:term":[{"taxonomy":"category","embeddable":true,"href":"https:\/\/analyse.optim.biz\/index.php?rest_route=%2Fwp%2Fv2%2Fcategories&post=2124784"},{"taxonomy":"post_tag","embeddable":true,"href":"https:\/\/analyse.optim.biz\/index.php?rest_route=%2Fwp%2Fv2%2Ftags&post=2124784"}],"curies":[{"name":"wp","href":"https:\/\/api.w.org\/{rel}","templated":true}]}}