{"id":2124783,"date":"2026-09-02T14:50:52","date_gmt":"2026-09-02T11:50:52","guid":{"rendered":"https:\/\/analyse.optim.biz\/?p=2124783"},"modified":"2026-09-02T14:50:52","modified_gmt":"2026-09-02T11:50:52","slug":"primaria-nehoiu-sambata-5-septembrie-veniti-sa-ne-distram-la-casa-de-cultura","status":"publish","type":"post","link":"https:\/\/analyse.optim.biz\/?p=2124783","title":{"rendered":"Prim\u0103ria Nehoiu: S\u00e2mb\u0103t\u0103, 5 Septembrie, veni\u021bi s\u0103 ne distr\u0103m la Casa de Cultur\u0103!"},"content":{"rendered":"<p>[analyse_image type=&#8221;featured&#8221; src=&#8221;https:\/\/buzaumedia.ro\/wp-content\/uploads\/2026\/09\/Primaria-Nehoiu-INFORMARE.jpghttps:\/\/buzaumedia.ro\/wp-content\/uploads\/2026\/09\/Primaria-Nehoiu-INFORMARE.jpg&#8221;]<\/p>\n<div class=\"entry-content rbct clearfix is-highlight-shares\">\n<p>Suntem parteneri \u00een cadrul BIAF \u2013 Buz\u0103u International Arts Festival, edi\u021bia a 6-a.<br \/>\nEvenimentul este organizat de: Asocia\u021bia Culturall \u0219i Asocia\u021bia Bulevardul Culturii, av\u00e2nd ca partener oficial Consiliul Jude\u021bean Buz\u0103u, al\u0103turi de alte institu\u021bii administrative \u0219i culturale.<br \/>\nConform datelor de pe afi\u0219, activit\u0103\u021bile zilei vor fi:<br \/>\nOra 11:00 \u2013 Film pentru copii \u201dCel Mai tare Din Parcare\u201d \u2013 anima\u021bie 2026 \u2013 Cinematograful Casei de Cultur\u0103<br \/>\nOra 16:00 \u2013 Distrac\u021bie pentru copii, muzic\u0103, dans, baloane, pictur\u0103 pe piele \u2013 eveniment outdoor, pe esplanada Casei de Cultur\u0103<br \/>\nOra 18:00 \u2013 \u201dCol\u021bi\u0219or, dragonul educator\u201d \u2013 Spectacol de teatru pentru copii \u00een Sala mare de spectacole a Casei de Cultur\u0103<br \/>\nOra 19:30 \u2013 Film \u201dDeadpool &amp; Wolverine\u201d 2024 \u2013 Cinematograful Casei de Cultur\u0103<br \/>\nDe\u0219i este s\u00e2mb\u0103t\u0103, iar noi, nehoienii, am mo\u0219tenit \u0219i p\u0103strat obiceiul s\u0103 nu ie\u0219im din cas\u0103 indiferent ce eveniment se desf\u0103\u0219oar\u0103, merit\u0103 s\u0103 stric\u0103m tradi\u021bia \u0219i s\u0103 ie\u0219im cu copiii la distrac\u021bie \u0219i relaxare.<br \/>\nEste ultimul week-end adev\u0103rat de vacan\u021b\u0103, merit\u0103 s\u0103-l s\u0103rb\u0103torim c\u00e2t mai frumos!<\/p>\n<p>Ionu\u021b Milea, primarul ora\u0219ului Nehoiu<\/p>\n<\/div>\n<p>[analyse_source url=&#8221;https:\/\/buzaumedia.ro\/stiri-buzau\/__trashed-19\/&#8221;]<\/p>\n","protected":false},"excerpt":{"rendered":"<p>[analyse_image type=&#8221;featured&#8221; src=&#8221;https:\/\/buzaumedia.ro\/wp-content\/uploads\/2026\/09\/Primaria-Nehoiu-INFORMARE.jpghttps:\/\/buzaumedia.ro\/wp-content\/uploads\/2026\/09\/Primaria-Nehoiu-INFORMARE.jpg&#8221;] Suntem parteneri \u00een cadrul BIAF \u2013 Buz\u0103u International Arts Festival, edi\u021bia a 6-a. Evenimentul este organizat de: Asocia\u021bia Culturall \u0219i Asocia\u021bia Bulevardul Culturii, av\u00e2nd ca partener oficial Consiliul Jude\u021bean Buz\u0103u, al\u0103turi de alte institu\u021bii administrative \u0219i culturale. Conform datelor de pe afi\u0219, activit\u0103\u021bile zilei vor fi: Ora 11:00 \u2013 Film pentru copii [&hellip;]<\/p>\n","protected":false},"author":1,"featured_media":0,"comment_status":"open","ping_status":"","sticky":false,"template":"","format":"standard","meta":{"footnotes":""},"categories":[2],"tags":[66,226],"class_list":["post-2124783","post","type-post","status-publish","format-standard","hentry","category-politics","tag-buzaumedia-ro","tag-crawlmanager"],"_links":{"self":[{"href":"https:\/\/analyse.optim.biz\/index.php?rest_route=\/wp\/v2\/posts\/2124783","targetHints":{"allow":["GET"]}}],"collection":[{"href":"https:\/\/analyse.optim.biz\/index.php?rest_route=\/wp\/v2\/posts"}],"about":[{"href":"https:\/\/analyse.optim.biz\/index.php?rest_route=\/wp\/v2\/types\/post"}],"author":[{"embeddable":true,"href":"https:\/\/analyse.optim.biz\/index.php?rest_route=\/wp\/v2\/users\/1"}],"replies":[{"embeddable":true,"href":"https:\/\/analyse.optim.biz\/index.php?rest_route=%2Fwp%2Fv2%2Fcomments&post=2124783"}],"version-history":[{"count":0,"href":"https:\/\/analyse.optim.biz\/index.php?rest_route=\/wp\/v2\/posts\/2124783\/revisions"}],"wp:attachment":[{"href":"https:\/\/analyse.optim.biz\/index.php?rest_route=%2Fwp%2Fv2%2Fmedia&parent=2124783"}],"wp:term":[{"taxonomy":"category","embeddable":true,"href":"https:\/\/analyse.optim.biz\/index.php?rest_route=%2Fwp%2Fv2%2Fcategories&post=2124783"},{"taxonomy":"post_tag","embeddable":true,"href":"https:\/\/analyse.optim.biz\/index.php?rest_route=%2Fwp%2Fv2%2Ftags&post=2124783"}],"curies":[{"name":"wp","href":"https:\/\/api.w.org\/{rel}","templated":true}]}}