{"id":2124780,"date":"2026-09-02T00:00:00","date_gmt":"2026-09-01T21:00:00","guid":{"rendered":"https:\/\/analyse.optim.biz\/?p=2124780"},"modified":"2026-09-02T00:00:00","modified_gmt":"2026-09-01T21:00:00","slug":"ucraina-va-introduce-un-nou-sistem-de-alerta-aeriana","status":"publish","type":"post","link":"https:\/\/analyse.optim.biz\/?p=2124780","title":{"rendered":"#Ucraina va introduce un nou sistem de alert\u0103 aerian\u0103"},"content":{"rendered":"<p>[analyse_image type=&#8221;featured&#8221; src=&#8221;https:\/\/agerpres.ro\/data\/202609\/20260902194231_277634.jpg&#8221;]<\/p>\n<div class=\"mx-auto pt-3\">\n<p><strong>Pre\u0219edintele ucrainean Volodimir Zelenski a anun\u021bat miercuri instituirea unui nou sistem de sirene aeriene \u00een Ucraina, care distinge atacurile cu rachete de cele cu drone, pentru a limita perturb\u0103rile provocate de intensificarea bombardamentelor ruse\u0219ti, relateaz\u0103 AFP.<\/strong><\/p>\n<p>\u00centr-un mesaj postat pe re\u021belele sociale, Zelenski a indicat c\u0103 dou\u0103 niveluri de alert\u0103, ro\u0219ie \u0219i galben\u0103, cu semnale sonore diferite, vor fi introduse.<\/p>\n<p>&#8216;Ca regul\u0103 general\u0103, nivelul galben va semnala un atac cu drone, \u00een timp ce nivelul ro\u0219u va indica o amenin\u021bare cu rachete&#8217;, a explicat el. \u00cen fiecare s\u0103pt\u0103m\u00e2n\u0103, armata \u0219i autorit\u0103\u021bile vor stabili totu\u0219i ce &#8216;indicatori&#8217; preci\u0219i vor antrena o alert\u0103 galben\u0103 sau ro\u0219ie, a explicat Zelenski.<\/p>\n<p>Potrivit lui, aceste noi m\u0103suri vizeaz\u0103 intensificarea, \u00een ultimele luni, a bombardamentelor ruse\u0219ti care vizeaz\u0103 &#8216;epuizarea popula\u021biei civile&#8217; \u0219i &#8216;perturbarea activit\u0103\u021bii economice&#8217;.<\/p>\n<p>\u021aara se confrunt\u0103 aproape cotidian cu multiple alerte aeriene, noapte \u0219i zi, care oblig\u0103 numeroase administra\u021bii \u0219i cl\u0103diri publice s\u0103 \u00eenchid\u0103 temporar pe durata alertei.<\/p>\n<p>&#8216;Obiectivul principal al acestor schimb\u0103ri este de a le oferi particularilor \u0219i firmelor din Ucraina mai mult\u0103 previzibilitate \u0219i o mai bun\u0103 \u00een\u021belegere a manierei de a reac\u021biona \u00een fiecare situa\u021bie specific\u0103&#8217;, a afirmat Zelenski.<\/p>\n<p>El a mai spus c\u0103 autorit\u0103\u021bile ucrainene ar trebui &#8216;s\u0103 stabileasc\u0103 criterii clare care le permit institu\u021biilor guvernamentale, autorit\u0103\u021bilor locale, firmelor \u0219i altor infrastructuri economice \u0219i sociale&#8217; de a-\u0219i continua activit\u0103\u021bile \u00een caz de amenin\u021bare &#8216;de nivel galben&#8217;.<\/p>\n<p>\u00cen plus, el a afirmat c\u0103 una dintre liniile de metrou care deservesc malul drept al Kievului va continua s\u0103 func\u021bioneze &#8216;deplin&#8217; \u00een timpul alertelor galbene. \u00cen prezent, circula\u021bia metroului pe malul drept este cu regularitate suspendat\u0103 \u00een timpul alertelor.<\/p>\n<p>Interdic\u021bia de circula\u021bie \u00een capitala ucrainean\u0103, \u00een vigoare \u00eentre 00:00 \u0219i 05:00, va fi de asemenea redus\u0103, a anun\u021bat Zelenski \u0219i alte ora\u0219e sunt \u00eencurajate s\u0103 fac\u0103 acest lucru, \u021bin\u00e2nd cont de &#8216;nevoile reale ale persoanelor \u00een materie de securitate \u0219i necesitatea pentru companii de a-\u0219i continua activit\u0103\u021bile&#8217;. AGERPRES\/(AS &#8211; redactor: Florin \u0218tefan, editor online: Simona Aru\u015ftei)<\/p>\n<\/div>\n<div class=\"mx-auto pt-3\">\n                                Afisari: 149\n                            <\/div>\n<p>[analyse_source url=&#8221;https:\/\/agerpres.ro\/politic-extern\/2026\/09\/02\/ucraina-va-introduce-un-nou-sistem-de-alerta-aeriana&#8211;1590161&#8243;]<\/p>\n","protected":false},"excerpt":{"rendered":"<p>[analyse_image type=&#8221;featured&#8221; src=&#8221;https:\/\/agerpres.ro\/data\/202609\/20260902194231_277634.jpg&#8221;] Pre\u0219edintele ucrainean Volodimir Zelenski a anun\u021bat miercuri instituirea unui nou sistem de sirene aeriene \u00een Ucraina, care distinge atacurile cu rachete de cele cu drone, pentru a limita perturb\u0103rile provocate de intensificarea bombardamentelor ruse\u0219ti, relateaz\u0103 AFP. \u00centr-un mesaj postat pe re\u021belele sociale, Zelenski a indicat c\u0103 dou\u0103 niveluri de alert\u0103, ro\u0219ie \u0219i [&hellip;]<\/p>\n","protected":false},"author":1,"featured_media":0,"comment_status":"open","ping_status":"","sticky":false,"template":"","format":"standard","meta":{"footnotes":""},"categories":[2],"tags":[37,226],"class_list":["post-2124780","post","type-post","status-publish","format-standard","hentry","category-politics","tag-agerpres-ro","tag-crawlmanager"],"_links":{"self":[{"href":"https:\/\/analyse.optim.biz\/index.php?rest_route=\/wp\/v2\/posts\/2124780","targetHints":{"allow":["GET"]}}],"collection":[{"href":"https:\/\/analyse.optim.biz\/index.php?rest_route=\/wp\/v2\/posts"}],"about":[{"href":"https:\/\/analyse.optim.biz\/index.php?rest_route=\/wp\/v2\/types\/post"}],"author":[{"embeddable":true,"href":"https:\/\/analyse.optim.biz\/index.php?rest_route=\/wp\/v2\/users\/1"}],"replies":[{"embeddable":true,"href":"https:\/\/analyse.optim.biz\/index.php?rest_route=%2Fwp%2Fv2%2Fcomments&post=2124780"}],"version-history":[{"count":0,"href":"https:\/\/analyse.optim.biz\/index.php?rest_route=\/wp\/v2\/posts\/2124780\/revisions"}],"wp:attachment":[{"href":"https:\/\/analyse.optim.biz\/index.php?rest_route=%2Fwp%2Fv2%2Fmedia&parent=2124780"}],"wp:term":[{"taxonomy":"category","embeddable":true,"href":"https:\/\/analyse.optim.biz\/index.php?rest_route=%2Fwp%2Fv2%2Fcategories&post=2124780"},{"taxonomy":"post_tag","embeddable":true,"href":"https:\/\/analyse.optim.biz\/index.php?rest_route=%2Fwp%2Fv2%2Ftags&post=2124780"}],"curies":[{"name":"wp","href":"https:\/\/api.w.org\/{rel}","templated":true}]}}