{"id":2124778,"date":"2026-09-02T15:51:23","date_gmt":"2026-09-02T12:51:23","guid":{"rendered":"https:\/\/analyse.optim.biz\/?p=2124778"},"modified":"2026-09-02T15:51:23","modified_gmt":"2026-09-02T12:51:23","slug":"comedia-amara-din-parlament-deputatul-r-lungu-psd-chestor-al-camerei-deputatilor-isi-acuza-public-colegii-de-la-usr-si-pnl-pentru-absenta-de-azi-din-plen-dar-sustine-ca-au-semnat-ca-sa-si-incas","status":"publish","type":"post","link":"https:\/\/analyse.optim.biz\/?p=2124778","title":{"rendered":"Comedia amar\u0103 din Parlament! Deputatul R. Lungu (PSD), chestor al Camerei Deputa\u021bilor, \u00ee\u0219i acuz\u0103 public colegii de la USR \u0219i PNL pentru absen\u021ba de azi din plen, dar sus\u021bine c\u0103 au semnat ca s\u0103-\u0219i \u00eencaseze indemniza\u021biile. Replica r\u0103zvr\u0103ti\u021bilor"},"content":{"rendered":"<p>[analyse_image type=&#8221;featured&#8221; src=&#8221;https:\/\/sansanews.ro\/wp-content\/uploads\/2022\/05\/camera-deputatilor.jpghttps:\/\/sansanews.ro\/wp-content\/uploads\/2022\/05\/camera-deputatilor.jpg&#8221;]<\/p>\n<div class=\"entry-content herald-entry-content\">\n<div class=\"herald-ad herald-ad-above-single\"><a href=\"https:\/\/buzau.21k.ro\/\"><img loading=\"lazy\" decoding=\"async\" src=\"https:\/\/sansanews.ro\/wp-content\/uploads\/2026\/08\/300x300-k21.gif\" alt width=\"300\" height=\"300\" class=\"aligncenter size-full wp-image-124436\"><\/a><\/div>\n<p>Dup\u0103 o vacan\u021b\u0103 lung\u0103 \u0219i \u00een plin\u0103 perioad\u0103 de negocieri pentru formarea unui Guvern care s\u0103 treac\u0103 \u00een Parlament, ar fi fost de a\u0219teptat ca fream\u0103tul politic s\u0103 fie intens, at\u00e2t pe hourile Parlamentului, c\u00e2t \u0219i \u00een s\u0103lile de \u0219edin\u021be, unde s-a reluat procesul de legiferare. Doar c\u0103 realitatea arat\u0103 diferit, iar o privire aruncat\u0103 asupra activit\u0103\u021bii de azi a Camerei Deputa\u021bilor arat\u0103 o absen\u021b\u0103 \u201din corpore\u201d a parlamentarilor de la PNL \u0219i USR. Culmea este c\u0103, pe ordinea de zi a \u0219edin\u021bei de plen, erau unele proiecte ini\u021biate chiar de reprezentan\u021bii acestor forma\u021biuni, cum ar fi, de pild\u0103, modific\u0103ri la legile justi\u021biei. <\/p>\n<p>Deputa\u021bii PNL \u0219i USR au anun\u021bat c\u0103 vor boicota lucr\u0103rile Camerei dup\u0103 ce, ieri, la alegerea conducerii forului, \u00een noua sesiune, au pierdut dou\u0103 posturi din conducere. Reprezentan\u021bii celor dou\u0103 forma\u021biuni au subliniat c\u0103 nu vor participa la \u0219edin\u021bele de plen, la vot, la \u0219edin\u021bele comisiilor de specialitate sau la cele ale Biroului Permanent \u0219i vor fi prezen\u021bi la activit\u0103\u021bile de la grupuri. <\/p>\n<p>Dup\u0103 aceast\u0103 zi, au ap\u0103rut acuza\u021biile. Social-democra\u021bii i-au acuzat pe parlamentarii celor dou\u0103 forma\u021biuni c\u0103 au semnat pentru diurn\u0103, cu toate c\u0103 nu au avut activitate. Deputatul Romeo Lungu (PSD Buz\u0103u), chestor al Camerei Deputa\u021bilor, \u0219i-a acuzat colegii absen\u021bi, \u00eentr-un video transmis pe re\u021bele de socializare: <\/p>\n<blockquote class=\"wp-block-quote\">\n<p>\u201dPNL \u0219i USR au lipsit azi din Parlament. Dar au semnat condica, s\u0103 nu piard\u0103 diurna. Austeritate, dar nu pentru toat\u0103 lumea.La fel \u0219i cu PNRR-ul: c\u00e2nd sunt realiz\u0103ri, sunt ale lor. C\u00e2nd se pierd bani, sunt de vin\u0103 ceilal\u021bi.La \u00eencasat \u2013 prezen\u021bi. La responsabilitate \u2013 absen\u021bi. \u201d a scris Lungu. <\/p>\n<\/blockquote>\n<iframe loading=\"lazy\" src=\"https:\/\/www.facebook.com\/plugins\/video.php?height=476&amp;href=https%3A%2F%2Fwww.facebook.com%2Freel%2F3327587664091417%2F&amp;show_text=false&amp;width=267&amp;t=0\" width=\"267\" height=\"476\" scrolling=\"no\" frameborder allowfullscreen=\"true\" allow=\"autoplay; clipboard-write; encrypted-media; picture-in-picture; web-share\"><\/iframe>\n<p>Printre absen\u021bi au fost \u0219i cei doi deputa\u021bi PNL \u0219i USR de la Buz\u0103u. Marius Alecsandru (USR) \u0219i Adrian Mocanu (PNL) figureaz\u0103 ca absen\u021bi de la lucr\u0103ri, at\u00e2t ieri c\u00e2t \u0219i azi, dup\u0103 cum se poate observa de pe rapoartele online ale camerei Deputa\u021bilor. <\/p>\n<ul class=\"wp-block-gallery columns-2 is-cropped\">\n<li class=\"blocks-gallery-item\">\n<figure><img decoding=\"async\" src=\"https:\/\/sansanews.ro\/wp-content\/uploads\/2026\/09\/absente-M.-Alecsandru.jpg\" alt data-id=\"125761\" data-link=\"https:\/\/sansanews.ro\/?attachment_id=125761\" class=\"wp-image-125761\"><\/figure>\n<\/li>\n<li class=\"blocks-gallery-item\">\n<figure><img decoding=\"async\" src=\"https:\/\/sansanews.ro\/wp-content\/uploads\/2026\/09\/absente-Mocanu-.jpg\" alt data-id=\"125762\" data-link=\"https:\/\/sansanews.ro\/?attachment_id=125762\" class=\"wp-image-125762\"><\/figure>\n<\/li>\n<\/ul>\n<p>Redac\u021bia SansaNews a \u00eencercat s\u0103-i contacteze pe cei doi parlamentari pentru a-i \u00eentreba dac\u0103 au semnat sau nu ca s\u0103 beneficieze de diurn\u0103 \u00een condi\u021biile \u00een care au lipsit de la lucr\u0103ri. <\/p>\n<p>Dup\u0103 ce, ini\u021bial, nu a r\u0103spuns solicit\u0103rii, Marius Alecsandru (USR) a revenit cu un mesaj, dup\u0103 publicarea materialului, prin care a precizat c\u0103: <\/p>\n<blockquote class=\"wp-block-quote\">\n<p>\u201dNu am facut prezen\u021ba pentru a nu \u00eencasa diurna \u0219i am refuzat s\u0103 particip\u0103m la \u0219edin\u021ba de plen de ast\u0103zi \u0219i noi, \u0219i PNL, pentru a protesta \u00eempotriva abuzului f\u0103cut de PSD, AUR si SOS prin faptul c\u0103 au luat func\u021biile de secretar de la USR si PNL care erau negociate conform protocolului si regulamentului, conform procentelor, \u0219i le-au dat abuziv la AUR \u0219i SOS, probabil ca plat\u0103 pentru a vota noul Guvern ce va fi propus. Mai mult decat atat, PSD si AUR au schimbat abuziv, peste noapte, ordinea de zi, \u00eenc\u0103lc\u00e2nd \u00eentelegerea pe acest subiect a liderilor de grup \u0219i introduc\u00e2nd \u00een \u0219edin\u021b\u0103 cele 10 proiecte ale noastre care veneau s\u0103 reformeze justi\u021bia, s\u0103 pre\u00eent\u00e2mpine prescrip\u021biile \u0219i s\u0103 aduc\u0103 o mai bun\u0103 reprezentativitate, la nivel de judec\u0103tori, \u00een CSM . Cam din aceste motive, s\u0103 nu mai amintesc \u0219i faptul c\u0103 PSD, \u00een ultimul timp, a demonstrat c\u0103 \u00ee\u0219i dore\u0219te s\u0103 acapareze \u0219i mai tare sistemul juridic \u0219i s\u0103-l foloseasc\u0103 \u00een lupta politic\u0103.<\/p>\n<\/blockquote>\n<p>\u00cen schimb, deputatul Adrian Mocanu (PNL) ne-a trimis la site -ul Camerei. Red\u0103m, mai jos, o parte din dialog care arat\u0103 lipsa de disponibilitate pentru a stabili exactitatea situa\u021biei:<\/p>\n<p>Reporter: A\u021bi fost ast\u0103zi la \u0219edin\u021ba de plen? A\u021bi votat? Sau, dac\u0103 nu, a\u021bi semnat pentru a \u00eencasa diurn\u0103 pentru ast\u0103zi? <\/p>\n<blockquote class=\"wp-block-quote\">\n<p>Adrian Mocanu (dep PNL): Pute\u021bi verifica pe pagina Camerei Deputa\u021bilor. <\/p>\n<\/blockquote>\n<p><strong>Reporter:<\/strong> Am verificat \u0219i, la vot, figura\u021bi ca fiind absent! Dar, sunt acuza\u021bii c\u0103 a\u021bi semnat pentru prezen\u021b\u0103 pentru diurn\u0103. La vot am v\u0103zut c\u0103 a\u021bi lipsit. Dar a\u021bi semnat pentru prezen\u021b\u0103?<\/p>\n<blockquote class=\"wp-block-quote\">\n<p><strong>Adrian Mocanu (dep PNL): Uita\u021bi-v\u0103 pe site-ul Camerei! Mai ave\u021bi \u00eentreb\u0103ri?<\/strong><\/p>\n<\/blockquote>\n<p><strong>Reporter: Mai am, dar nu mi-a\u021bi r\u0103spuns la precdentele dou\u0103\u2026<\/strong><\/p>\n<blockquote class=\"wp-block-quote\">\n<p><strong>Adrian Mocanu (dep PNL): Altceva! V-am spus unde s\u0103 verifica\u021bi!<\/strong><\/p>\n<\/blockquote>\n<p>Reporter: Acolo am verificat. Nu a\u021bi votat!<\/p>\n<blockquote class=\"wp-block-quote\">\n<p><strong>Adrian Mocanu (dep PNL): Le-a\u021bi g\u0103sit acolo, a\u0219a e!<\/strong><\/p>\n<\/blockquote>\n<p><strong>Reporter: Nu a\u021bi votat. Dar, pentru dumneavoastr\u0103 a \u00eenceput activitatea parlamentar\u0103? Merge\u021bi la serviciu?<\/strong><\/p>\n<blockquote class=\"wp-block-quote\">\n<p><strong>Adrian Mocanu (dep PNL): Bine\u00een\u021beles!<\/strong><\/p>\n<\/blockquote>\n<p><strong>Reporter: \u0218i nu considera\u021bi c\u0103 era o obliga\u021bie profesional\u0103 s\u0103 participa\u021bi la \u0219edin\u021ba de plen?<\/strong><\/p>\n<blockquote class=\"wp-block-quote\">\n<p><strong>Adrian Mocanu (dep PNL): Doamn\u0103, eu am fost azi la Camera Deputa\u021bilor!<\/strong><\/p>\n<\/blockquote>\n<p><strong>Reporter: Poate a\u021bi fost pe hol sau \u00een alt\u0103 parte, dar la vot nu a\u021bi fost! <\/strong><\/p>\n<blockquote class=\"wp-block-quote\">\n<p>Adrian Mocanu (dep PNL) Eu v\u0103 r\u0103spund cu mare pl\u0103cere, dac\u0103 m\u0103 \u00eentreba\u021bi.<\/p>\n<\/blockquote>\n<p>Reporter: V-am \u00eentrebat, repetat, dar nu dori\u021bi s\u0103 r\u0103spunde\u021bi. <\/p>\n<p>N.R. Din dialogul de mai sus fiecare poate \u00een\u021belege ce vrea. Dar, pentru stabilirea adev\u0103rului, am publicat, mai sus, lista cu absen\u021ba la vot, iar, pentru exactitate, redac\u021bia a solicitat Biroului Permanent al Camerei r\u0103spunsuri care s\u0103 clarifice dac\u0103 cei doi au semnat pentru a \u00eencasa diurnele pentru zilele de ieri \u0219i de azi. <\/p>\n<div class=\"meta-tags\"><span>Etichete<\/span><a href=\"https:\/\/sansanews.ro\/tag\/absenta-plen\/\" rel=\"tag\">absen\u021b\u0103 plen<\/a><a href=\"https:\/\/sansanews.ro\/tag\/acuzatii\/\" rel=\"tag\">acuza\u021bii<\/a><a href=\"https:\/\/sansanews.ro\/tag\/adrian-mocanu\/\" rel=\"tag\">adrian mocanu<\/a><a href=\"https:\/\/sansanews.ro\/tag\/marius-alecsandru\/\" rel=\"tag\">Marius Alecsandru<\/a><a href=\"https:\/\/sansanews.ro\/tag\/parlamentari-de-buzau\/\" rel=\"tag\">parlamentari de Buzau<\/a><\/div>\n<div class=\"herald-share-content\">\n<div class=\"meks_ess rectangle no-labels outline\"><a class=\"meks_ess-item socicon-facebook\" data-url=\"http:\/\/www.facebook.com\/sharer\/sharer.php?u=https%3A%2F%2Fsansanews.ro%2Fcomedia-amara-din-parlament-deputatul-r-lungu-psd-chestor-al-camerei-deputatilor-isi-acuza-public-colegii-de-la-usr-si-pnl-pentru-absenta-de-azi-din-plen-dar-sustine-ca-au-semnat-ca-sa-si-incas%2F&amp;t=Comedia%20amar%C4%83%20din%20Parlament%21%20Deputatul%20R.%20Lungu%20%28PSD%29%2C%20chestor%20al%20Camerei%20Deputa%C8%9Bilor%2C%20%C3%AE%C8%99i%20acuz%C4%83%20public%20colegii%20de%20la%20USR%20%C8%99i%20PNL%20pentru%20absen%C8%9Ba%20de%20azi%20din%20plen%2C%20dar%20sus%C8%9Bine%20c%C4%83%20au%20semnat%20ca%20s%C4%83-%C8%99i%20%C3%AEncaseze%20indemniza%C8%9Biile.%20Replica%20r%C4%83zvr%C4%83ti%C8%9Bilor\"><span>Facebook<\/span><\/a><a href=\"https:\/\/api.whatsapp.com\/send?text=Comedia%20amar%C4%83%20din%20Parlament%21%20Deputatul%20R.%20Lungu%20%28PSD%29%2C%20chestor%20al%20Camerei%20Deputa%C8%9Bilor%2C%20%C3%AE%C8%99i%20acuz%C4%83%20public%20colegii%20de%20la%20USR%20%C8%99i%20PNL%20pentru%20absen%C8%9Ba%20de%20azi%20din%20plen%2C%20dar%20sus%C8%9Bine%20c%C4%83%20au%20semnat%20ca%20s%C4%83-%C8%99i%20%C3%AEncaseze%20indemniza%C8%9Biile.%20Replica%20r%C4%83zvr%C4%83ti%C8%9Bilor%20https%3A%2F%2Fsansanews.ro%2Fcomedia-amara-din-parlament-deputatul-r-lungu-psd-chestor-al-camerei-deputatilor-isi-acuza-public-colegii-de-la-usr-si-pnl-pentru-absenta-de-azi-din-plen-dar-sustine-ca-au-semnat-ca-sa-si-incas%2F\" class=\"meks_ess-item socicon-whatsapp prevent-share-popup\"><span>WhatsApp<\/span><\/a><a class=\"meks_ess-item socicon-twitter\" data-url=\"http:\/\/twitter.com\/intent\/tweet?url=https%3A%2F%2Fsansanews.ro%2Fcomedia-amara-din-parlament-deputatul-r-lungu-psd-chestor-al-camerei-deputatilor-isi-acuza-public-colegii-de-la-usr-si-pnl-pentru-absenta-de-azi-din-plen-dar-sustine-ca-au-semnat-ca-sa-si-incas%2F&amp;text=Comedia%20amar%C4%83%20din%20Parlament%21%20Deputatul%20R.%20Lungu%20%28PSD%29%2C%20chestor%20al%20Camerei%20Deputa%C8%9Bilor%2C%20%C3%AE%C8%99i%20acuz%C4%83%20public%20colegii%20de%20la%20USR%20%C8%99i%20PNL%20pentru%20absen%C8%9Ba%20de%20azi%20din%20plen%2C%20dar%20sus%C8%9Bine%20c%C4%83%20au%20semnat%20ca%20s%C4%83-%C8%99i%20%C3%AEncaseze%20indemniza%C8%9Biile.%20Replica%20r%C4%83zvr%C4%83ti%C8%9Bilor\"><span>Twitter<\/span><\/a><a class=\"meks_ess-item socicon-pinterest\" data-url=\"http:\/\/pinterest.com\/pin\/create\/button\/?url=https%3A%2F%2Fsansanews.ro%2Fcomedia-amara-din-parlament-deputatul-r-lungu-psd-chestor-al-camerei-deputatilor-isi-acuza-public-colegii-de-la-usr-si-pnl-pentru-absenta-de-azi-din-plen-dar-sustine-ca-au-semnat-ca-sa-si-incas%2F&amp;media=https%3A%2F%2Fsansanews.ro%2Fwp-content%2Fuploads%2F2022%2F05%2Fcamera-deputatilor.jpg&amp;description=Comedia%20amar%C4%83%20din%20Parlament%21%20Deputatul%20R.%20Lungu%20%28PSD%29%2C%20chestor%20al%20Camerei%20Deputa%C8%9Bilor%2C%20%C3%AE%C8%99i%20acuz%C4%83%20public%20colegii%20de%20la%20USR%20%C8%99i%20PNL%20pentru%20absen%C8%9Ba%20de%20azi%20din%20plen%2C%20dar%20sus%C8%9Bine%20c%C4%83%20au%20semnat%20ca%20s%C4%83-%C8%99i%20%C3%AEncaseze%20indemniza%C8%9Biile.%20Replica%20r%C4%83zvr%C4%83ti%C8%9Bilor\"><span>Pinterest<\/span><\/a><\/div>\n<\/div>\n<\/div>\n<div class=\"entry-content herald-entry-content\">\n<div class=\"herald-ad herald-ad-above-single\"><a href=\"https:\/\/buzau.21k.ro\/\"><img loading=\"lazy\" decoding=\"async\" src=\"https:\/\/sansanews.ro\/wp-content\/uploads\/2026\/08\/300x300-k21.gif\" alt width=\"300\" height=\"300\" class=\"aligncenter size-full wp-image-124436\"><\/a><\/div>\n<p>Dup\u0103 o vacan\u021b\u0103 lung\u0103 \u0219i \u00een plin\u0103 perioad\u0103 de negocieri pentru formarea unui Guvern care s\u0103 treac\u0103 \u00een Parlament, ar fi fost de a\u0219teptat ca fream\u0103tul politic s\u0103 fie intens, at\u00e2t pe hourile Parlamentului, c\u00e2t \u0219i \u00een s\u0103lile de \u0219edin\u021be, unde s-a reluat procesul de legiferare. Doar c\u0103 realitatea arat\u0103 diferit, iar o privire aruncat\u0103 asupra activit\u0103\u021bii de azi a Camerei Deputa\u021bilor arat\u0103 o absen\u021b\u0103 \u201din corpore\u201d a parlamentarilor de la PNL \u0219i USR. Culmea este c\u0103, pe ordinea de zi a \u0219edin\u021bei de plen, erau unele proiecte ini\u021biate chiar de reprezentan\u021bii acestor forma\u021biuni, cum ar fi, de pild\u0103, modific\u0103ri la legile justi\u021biei. <\/p>\n<p>Deputa\u021bii PNL \u0219i USR au anun\u021bat c\u0103 vor boicota lucr\u0103rile Camerei dup\u0103 ce, ieri, la alegerea conducerii forului, \u00een noua sesiune, au pierdut dou\u0103 posturi din conducere. Reprezentan\u021bii celor dou\u0103 forma\u021biuni au subliniat c\u0103 nu vor participa la \u0219edin\u021bele de plen, la vot, la \u0219edin\u021bele comisiilor de specialitate sau la cele ale Biroului Permanent \u0219i vor fi prezen\u021bi la activit\u0103\u021bile de la grupuri. <\/p>\n<p>Dup\u0103 aceast\u0103 zi, au ap\u0103rut acuza\u021biile. Social-democra\u021bii i-au acuzat pe parlamentarii celor dou\u0103 forma\u021biuni c\u0103 au semnat pentru diurn\u0103, cu toate c\u0103 nu au avut activitate. Deputatul Romeo Lungu (PSD Buz\u0103u), chestor al Camerei Deputa\u021bilor, \u0219i-a acuzat colegii absen\u021bi, \u00eentr-un video transmis pe re\u021bele de socializare: <\/p>\n<blockquote class=\"wp-block-quote\">\n<p>\u201dPNL \u0219i USR au lipsit azi din Parlament. Dar au semnat condica, s\u0103 nu piard\u0103 diurna. Austeritate, dar nu pentru toat\u0103 lumea.La fel \u0219i cu PNRR-ul: c\u00e2nd sunt realiz\u0103ri, sunt ale lor. C\u00e2nd se pierd bani, sunt de vin\u0103 ceilal\u021bi.La \u00eencasat \u2013 prezen\u021bi. La responsabilitate \u2013 absen\u021bi. \u201d a scris Lungu. <\/p>\n<\/blockquote>\n<iframe loading=\"lazy\" src=\"https:\/\/www.facebook.com\/plugins\/video.php?height=476&amp;href=https%3A%2F%2Fwww.facebook.com%2Freel%2F3327587664091417%2F&amp;show_text=false&amp;width=267&amp;t=0\" width=\"267\" height=\"476\" scrolling=\"no\" frameborder allowfullscreen=\"true\" allow=\"autoplay; clipboard-write; encrypted-media; picture-in-picture; web-share\"><\/iframe>\n<p>Printre absen\u021bi au fost \u0219i cei doi deputa\u021bi PNL \u0219i USR de la Buz\u0103u. Marius Alecsandru (USR) \u0219i Adrian Mocanu (PNL) figureaz\u0103 ca absen\u021bi de la lucr\u0103ri, at\u00e2t ieri c\u00e2t \u0219i azi, dup\u0103 cum se poate observa de pe rapoartele online ale camerei Deputa\u021bilor. <\/p>\n<ul class=\"wp-block-gallery columns-2 is-cropped\">\n<li class=\"blocks-gallery-item\">\n<figure><img decoding=\"async\" src=\"https:\/\/sansanews.ro\/wp-content\/uploads\/2026\/09\/absente-M.-Alecsandru.jpg\" alt data-id=\"125761\" data-link=\"https:\/\/sansanews.ro\/?attachment_id=125761\" class=\"wp-image-125761\"><\/figure>\n<\/li>\n<li class=\"blocks-gallery-item\">\n<figure><img decoding=\"async\" src=\"https:\/\/sansanews.ro\/wp-content\/uploads\/2026\/09\/absente-Mocanu-.jpg\" alt data-id=\"125762\" data-link=\"https:\/\/sansanews.ro\/?attachment_id=125762\" class=\"wp-image-125762\"><\/figure>\n<\/li>\n<\/ul>\n<p>Redac\u021bia SansaNews a \u00eencercat s\u0103-i contacteze pe cei doi parlamentari pentru a-i \u00eentreba dac\u0103 au semnat sau nu ca s\u0103 beneficieze de diurn\u0103 \u00een condi\u021biile \u00een care au lipsit de la lucr\u0103ri. <\/p>\n<p>Dup\u0103 ce, ini\u021bial, nu a r\u0103spuns solicit\u0103rii, Marius Alecsandru (USR) a revenit cu un mesaj, dup\u0103 publicarea materialului, prin care a precizat c\u0103: <\/p>\n<blockquote class=\"wp-block-quote\">\n<p>\u201dNu am facut prezen\u021ba pentru a nu \u00eencasa diurna \u0219i am refuzat s\u0103 particip\u0103m la \u0219edin\u021ba de plen de ast\u0103zi \u0219i noi, \u0219i PNL, pentru a protesta \u00eempotriva abuzului f\u0103cut de PSD, AUR si SOS prin faptul c\u0103 au luat func\u021biile de secretar de la USR si PNL care erau negociate conform protocolului si regulamentului, conform procentelor, \u0219i le-au dat abuziv la AUR \u0219i SOS, probabil ca plat\u0103 pentru a vota noul Guvern ce va fi propus. Mai mult decat atat, PSD si AUR au schimbat abuziv, peste noapte, ordinea de zi, \u00eenc\u0103lc\u00e2nd \u00eentelegerea pe acest subiect a liderilor de grup \u0219i introduc\u00e2nd \u00een \u0219edin\u021b\u0103 cele 10 proiecte ale noastre care veneau s\u0103 reformeze justi\u021bia, s\u0103 pre\u00eent\u00e2mpine prescrip\u021biile \u0219i s\u0103 aduc\u0103 o mai bun\u0103 reprezentativitate, la nivel de judec\u0103tori, \u00een CSM . Cam din aceste motive, s\u0103 nu mai amintesc \u0219i faptul c\u0103 PSD, \u00een ultimul timp, a demonstrat c\u0103 \u00ee\u0219i dore\u0219te s\u0103 acapareze \u0219i mai tare sistemul juridic \u0219i s\u0103-l foloseasc\u0103 \u00een lupta politic\u0103.<\/p>\n<\/blockquote>\n<p>\u00cen schimb, deputatul Adrian Mocanu (PNL) ne-a trimis la site -ul Camerei. Red\u0103m, mai jos, o parte din dialog care arat\u0103 lipsa de disponibilitate pentru a stabili exactitatea situa\u021biei:<\/p>\n<p>Reporter: A\u021bi fost ast\u0103zi la \u0219edin\u021ba de plen? A\u021bi votat? Sau, dac\u0103 nu, a\u021bi semnat pentru a \u00eencasa diurn\u0103 pentru ast\u0103zi? <\/p>\n<blockquote class=\"wp-block-quote\">\n<p>Adrian Mocanu (dep PNL): Pute\u021bi verifica pe pagina Camerei Deputa\u021bilor. <\/p>\n<\/blockquote>\n<p><strong>Reporter:<\/strong> Am verificat \u0219i, la vot, figura\u021bi ca fiind absent! Dar, sunt acuza\u021bii c\u0103 a\u021bi semnat pentru prezen\u021b\u0103 pentru diurn\u0103. La vot am v\u0103zut c\u0103 a\u021bi lipsit. Dar a\u021bi semnat pentru prezen\u021b\u0103?<\/p>\n<blockquote class=\"wp-block-quote\">\n<p><strong>Adrian Mocanu (dep PNL): Uita\u021bi-v\u0103 pe site-ul Camerei! Mai ave\u021bi \u00eentreb\u0103ri?<\/strong><\/p>\n<\/blockquote>\n<p><strong>Reporter: Mai am, dar nu mi-a\u021bi r\u0103spuns la precdentele dou\u0103\u2026<\/strong><\/p>\n<blockquote class=\"wp-block-quote\">\n<p><strong>Adrian Mocanu (dep PNL): Altceva! V-am spus unde s\u0103 verifica\u021bi!<\/strong><\/p>\n<\/blockquote>\n<p>Reporter: Acolo am verificat. Nu a\u021bi votat!<\/p>\n<blockquote class=\"wp-block-quote\">\n<p><strong>Adrian Mocanu (dep PNL): Le-a\u021bi g\u0103sit acolo, a\u0219a e!<\/strong><\/p>\n<\/blockquote>\n<p><strong>Reporter: Nu a\u021bi votat. Dar, pentru dumneavoastr\u0103 a \u00eenceput activitatea parlamentar\u0103? Merge\u021bi la serviciu?<\/strong><\/p>\n<blockquote class=\"wp-block-quote\">\n<p><strong>Adrian Mocanu (dep PNL): Bine\u00een\u021beles!<\/strong><\/p>\n<\/blockquote>\n<p><strong>Reporter: \u0218i nu considera\u021bi c\u0103 era o obliga\u021bie profesional\u0103 s\u0103 participa\u021bi la \u0219edin\u021ba de plen?<\/strong><\/p>\n<blockquote class=\"wp-block-quote\">\n<p><strong>Adrian Mocanu (dep PNL): Doamn\u0103, eu am fost azi la Camera Deputa\u021bilor!<\/strong><\/p>\n<\/blockquote>\n<p><strong>Reporter: Poate a\u021bi fost pe hol sau \u00een alt\u0103 parte, dar la vot nu a\u021bi fost! <\/strong><\/p>\n<blockquote class=\"wp-block-quote\">\n<p>Adrian Mocanu (dep PNL) Eu v\u0103 r\u0103spund cu mare pl\u0103cere, dac\u0103 m\u0103 \u00eentreba\u021bi.<\/p>\n<\/blockquote>\n<p>Reporter: V-am \u00eentrebat, repetat, dar nu dori\u021bi s\u0103 r\u0103spunde\u021bi. <\/p>\n<p>N.R. Din dialogul de mai sus fiecare poate \u00een\u021belege ce vrea. Dar, pentru stabilirea adev\u0103rului, am publicat, mai sus, lista cu absen\u021ba la vot, iar, pentru exactitate, redac\u021bia a solicitat Biroului Permanent al Camerei r\u0103spunsuri care s\u0103 clarifice dac\u0103 cei doi au semnat pentru a \u00eencasa diurnele pentru zilele de ieri \u0219i de azi. <\/p>\n<div class=\"meta-tags\"><span>Etichete<\/span><a href=\"https:\/\/sansanews.ro\/tag\/absenta-plen\/\" rel=\"tag\">absen\u021b\u0103 plen<\/a><a href=\"https:\/\/sansanews.ro\/tag\/acuzatii\/\" rel=\"tag\">acuza\u021bii<\/a><a href=\"https:\/\/sansanews.ro\/tag\/adrian-mocanu\/\" rel=\"tag\">adrian mocanu<\/a><a href=\"https:\/\/sansanews.ro\/tag\/marius-alecsandru\/\" rel=\"tag\">Marius Alecsandru<\/a><a href=\"https:\/\/sansanews.ro\/tag\/parlamentari-de-buzau\/\" rel=\"tag\">parlamentari de Buzau<\/a><\/div>\n<div class=\"herald-share-content\">\n<div class=\"meks_ess rectangle no-labels outline\"><a class=\"meks_ess-item socicon-facebook\" data-url=\"http:\/\/www.facebook.com\/sharer\/sharer.php?u=https%3A%2F%2Fsansanews.ro%2Fcomedia-amara-din-parlament-deputatul-r-lungu-psd-chestor-al-camerei-deputatilor-isi-acuza-public-colegii-de-la-usr-si-pnl-pentru-absenta-de-azi-din-plen-dar-sustine-ca-au-semnat-ca-sa-si-incas%2F&amp;t=Comedia%20amar%C4%83%20din%20Parlament%21%20Deputatul%20R.%20Lungu%20%28PSD%29%2C%20chestor%20al%20Camerei%20Deputa%C8%9Bilor%2C%20%C3%AE%C8%99i%20acuz%C4%83%20public%20colegii%20de%20la%20USR%20%C8%99i%20PNL%20pentru%20absen%C8%9Ba%20de%20azi%20din%20plen%2C%20dar%20sus%C8%9Bine%20c%C4%83%20au%20semnat%20ca%20s%C4%83-%C8%99i%20%C3%AEncaseze%20indemniza%C8%9Biile.%20Replica%20r%C4%83zvr%C4%83ti%C8%9Bilor\"><span>Facebook<\/span><\/a><a href=\"https:\/\/api.whatsapp.com\/send?text=Comedia%20amar%C4%83%20din%20Parlament%21%20Deputatul%20R.%20Lungu%20%28PSD%29%2C%20chestor%20al%20Camerei%20Deputa%C8%9Bilor%2C%20%C3%AE%C8%99i%20acuz%C4%83%20public%20colegii%20de%20la%20USR%20%C8%99i%20PNL%20pentru%20absen%C8%9Ba%20de%20azi%20din%20plen%2C%20dar%20sus%C8%9Bine%20c%C4%83%20au%20semnat%20ca%20s%C4%83-%C8%99i%20%C3%AEncaseze%20indemniza%C8%9Biile.%20Replica%20r%C4%83zvr%C4%83ti%C8%9Bilor%20https%3A%2F%2Fsansanews.ro%2Fcomedia-amara-din-parlament-deputatul-r-lungu-psd-chestor-al-camerei-deputatilor-isi-acuza-public-colegii-de-la-usr-si-pnl-pentru-absenta-de-azi-din-plen-dar-sustine-ca-au-semnat-ca-sa-si-incas%2F\" class=\"meks_ess-item socicon-whatsapp prevent-share-popup\"><span>WhatsApp<\/span><\/a><a class=\"meks_ess-item socicon-twitter\" data-url=\"http:\/\/twitter.com\/intent\/tweet?url=https%3A%2F%2Fsansanews.ro%2Fcomedia-amara-din-parlament-deputatul-r-lungu-psd-chestor-al-camerei-deputatilor-isi-acuza-public-colegii-de-la-usr-si-pnl-pentru-absenta-de-azi-din-plen-dar-sustine-ca-au-semnat-ca-sa-si-incas%2F&amp;text=Comedia%20amar%C4%83%20din%20Parlament%21%20Deputatul%20R.%20Lungu%20%28PSD%29%2C%20chestor%20al%20Camerei%20Deputa%C8%9Bilor%2C%20%C3%AE%C8%99i%20acuz%C4%83%20public%20colegii%20de%20la%20USR%20%C8%99i%20PNL%20pentru%20absen%C8%9Ba%20de%20azi%20din%20plen%2C%20dar%20sus%C8%9Bine%20c%C4%83%20au%20semnat%20ca%20s%C4%83-%C8%99i%20%C3%AEncaseze%20indemniza%C8%9Biile.%20Replica%20r%C4%83zvr%C4%83ti%C8%9Bilor\"><span>Twitter<\/span><\/a><a class=\"meks_ess-item socicon-pinterest\" data-url=\"http:\/\/pinterest.com\/pin\/create\/button\/?url=https%3A%2F%2Fsansanews.ro%2Fcomedia-amara-din-parlament-deputatul-r-lungu-psd-chestor-al-camerei-deputatilor-isi-acuza-public-colegii-de-la-usr-si-pnl-pentru-absenta-de-azi-din-plen-dar-sustine-ca-au-semnat-ca-sa-si-incas%2F&amp;media=https%3A%2F%2Fsansanews.ro%2Fwp-content%2Fuploads%2F2022%2F05%2Fcamera-deputatilor.jpg&amp;description=Comedia%20amar%C4%83%20din%20Parlament%21%20Deputatul%20R.%20Lungu%20%28PSD%29%2C%20chestor%20al%20Camerei%20Deputa%C8%9Bilor%2C%20%C3%AE%C8%99i%20acuz%C4%83%20public%20colegii%20de%20la%20USR%20%C8%99i%20PNL%20pentru%20absen%C8%9Ba%20de%20azi%20din%20plen%2C%20dar%20sus%C8%9Bine%20c%C4%83%20au%20semnat%20ca%20s%C4%83-%C8%99i%20%C3%AEncaseze%20indemniza%C8%9Biile.%20Replica%20r%C4%83zvr%C4%83ti%C8%9Bilor\"><span>Pinterest<\/span><\/a><\/div>\n<\/div>\n<\/div>\n<p>[analyse_source url=&#8221;https:\/\/sansanews.ro\/comedia-amara-din-parlament-deputatul-r-lungu-psd-chestor-al-camerei-deputatilor-isi-acuza-public-colegii-de-la-usr-si-pnl-pentru-absenta-de-azi-din-plen-dar-sustine-ca-au-semnat-ca-sa-si-incas\/&#8221;]<\/p>\n","protected":false},"excerpt":{"rendered":"<p>[analyse_image type=&#8221;featured&#8221; src=&#8221;https:\/\/sansanews.ro\/wp-content\/uploads\/2022\/05\/camera-deputatilor.jpghttps:\/\/sansanews.ro\/wp-content\/uploads\/2022\/05\/camera-deputatilor.jpg&#8221;] Dup\u0103 o vacan\u021b\u0103 lung\u0103 \u0219i \u00een plin\u0103 perioad\u0103 de negocieri pentru formarea unui Guvern care s\u0103 treac\u0103 \u00een Parlament, ar fi fost de a\u0219teptat ca fream\u0103tul politic s\u0103 fie intens, at\u00e2t pe hourile Parlamentului, c\u00e2t \u0219i \u00een s\u0103lile de \u0219edin\u021be, unde s-a reluat procesul de legiferare. Doar c\u0103 realitatea arat\u0103 diferit, iar [&hellip;]<\/p>\n","protected":false},"author":1,"featured_media":0,"comment_status":"open","ping_status":"","sticky":false,"template":"","format":"standard","meta":{"footnotes":""},"categories":[2],"tags":[226,51],"class_list":["post-2124778","post","type-post","status-publish","format-standard","hentry","category-politics","tag-crawlmanager","tag-sansanews-ro"],"_links":{"self":[{"href":"https:\/\/analyse.optim.biz\/index.php?rest_route=\/wp\/v2\/posts\/2124778","targetHints":{"allow":["GET"]}}],"collection":[{"href":"https:\/\/analyse.optim.biz\/index.php?rest_route=\/wp\/v2\/posts"}],"about":[{"href":"https:\/\/analyse.optim.biz\/index.php?rest_route=\/wp\/v2\/types\/post"}],"author":[{"embeddable":true,"href":"https:\/\/analyse.optim.biz\/index.php?rest_route=\/wp\/v2\/users\/1"}],"replies":[{"embeddable":true,"href":"https:\/\/analyse.optim.biz\/index.php?rest_route=%2Fwp%2Fv2%2Fcomments&post=2124778"}],"version-history":[{"count":0,"href":"https:\/\/analyse.optim.biz\/index.php?rest_route=\/wp\/v2\/posts\/2124778\/revisions"}],"wp:attachment":[{"href":"https:\/\/analyse.optim.biz\/index.php?rest_route=%2Fwp%2Fv2%2Fmedia&parent=2124778"}],"wp:term":[{"taxonomy":"category","embeddable":true,"href":"https:\/\/analyse.optim.biz\/index.php?rest_route=%2Fwp%2Fv2%2Fcategories&post=2124778"},{"taxonomy":"post_tag","embeddable":true,"href":"https:\/\/analyse.optim.biz\/index.php?rest_route=%2Fwp%2Fv2%2Ftags&post=2124778"}],"curies":[{"name":"wp","href":"https:\/\/api.w.org\/{rel}","templated":true}]}}