{"id":2124776,"date":"2026-09-02T17:24:18","date_gmt":"2026-09-02T14:24:18","guid":{"rendered":"https:\/\/analyse.optim.biz\/?p=2124776"},"modified":"2026-09-02T17:24:18","modified_gmt":"2026-09-02T14:24:18","slug":"scandal-in-serviciile-de-informatii-ale-ucrainei-sbu-si-gur-confruntare-armata-pe-strazile-kievului","status":"publish","type":"post","link":"https:\/\/analyse.optim.biz\/?p=2124776","title":{"rendered":"Scandal \u00een serviciile de informa\u021bii ale Ucrainei: SBU \u0219i GUR, confruntare armat\u0103 pe str\u0103zile Kievului&#8230;."},"content":{"rendered":"<p>[analyse_image type=&#8221;featured&#8221; src=&#8221;https:\/\/cdn.adh.reperio.news\/image-2\/2c2fe086-b6c4-4859-9cd1-6eae2fb66896\/index.jpeg?p=f%3Djpeg%26w%3D1200%26h%3D630%26r%3Dcover&#8221;]<\/p>\n<article class=\"svelte-x63bga\">\n<nav>\n<ul class=\"breadcrump svelte-1pk9a69\">\n<li class=\"svelte-1pk9a69\"><a href=\"https:\/\/adevarul.ro\/\" title=\"Adev\u0103rul\" class=\"svelte-1pk9a69\">Home<\/a><\/li>\n<li class=\"svelte-1pk9a69\"><a href=\"https:\/\/adevarul.ro\/stiri-externe\" class=\"svelte-1pk9a69\">\u0218tiri Externe<\/a><\/li>\n<li class=\"svelte-1pk9a69\"><a href=\"https:\/\/adevarul.ro\/stiri-externe\/europa\" class=\"svelte-1pk9a69\">Europa<\/a><\/li>\n<li class=\"svelte-1pk9a69\"><a href=\"https:\/\/adevarul.ro\/stiri-externe\/europa\/scandal-in-serviciile-de-informatii-ale-ucrainei-2553728.html\" class=\"svelte-1pk9a69\"> Scandal \u00een serviciile de informa\u021bii ale Ucrainei: SBU \u0219i GUR, confruntare armat\u0103 pe str\u0103zile Kievului. Kirilo Budanov cere o anchet\u0103 \u201ecomplet\u0103 \u0219i impar\u021bial\u0103\u201d<\/a><\/li>\n<\/ul>\n<\/nav>\n<p><main class=\"svelte-x63bga\"><\/p>\n<p>Un schimb de focuri \u00eentre membri activi ai principalelor dou\u0103 servicii de informa\u021bii ale Ucrainei a avut loc miercuri diminea\u021b\u0103, la Kiev.<\/p>\n<div class=\"container-image  svelte-1xbw4f3\"><source type=\"image\/webp\" srcset=\"https:\/\/cdn.adh.reperio.news\/image-2\/2c2fe086-b6c4-4859-9cd1-6eae2fb66896\/index.jpeg?p=a%3D1%26co%3D1.05%26w%3D1400%26h%3D750%26r%3Dcontain%26f%3Dwebp 1400w\" media=\"(min-width: 1400px)\" \/><\/p>\n<div class=\"caption svelte-1xbw4f3\"><span class=\"captionText svelte-1xbw4f3\">Schimb de focuri \u00eentre membri SBU \u0219i GRU\/FOTO:X@PopularFront_ <span class=\"source svelte-1xbw4f3\">Foto: X@PopularFront_<\/span><\/span><\/div>\n<\/div>\n<p>Incidentul s-a produs pe strada Iurii \u0218umskoho, \u00een cartierul Dniprovsk\u00eei, pe malul st\u00e2ng al capitalei. Zona a fost izolat\u0103 de autorit\u0103\u021bi \u00eencep\u00e2nd de miercuri dup\u0103-amiaz\u0103.<\/p>\n<p>Potrivit informa\u021biilor preliminare, ofi\u021beri ai Serviciului de Securitate al Ucrainei (SBU) s-au confruntat cu militari ai Direc\u021biei Principale de Informa\u021bii a Ministerului Ap\u0103r\u0103rii (GUR) \u00een timpul unei opera\u021biuni care viza dejucarea unei ac\u021biuni atribuite serviciului rus de securitate FSB.<\/p>\n<p>Cazul ar avea leg\u0103tur\u0103 cu dispari\u021bia lui Stepan Kaplunov, adjunctul comandantului Corpului Voluntarilor Ru\u0219i (RDK), o forma\u021biune alc\u0103tuit\u0103 din cet\u0103\u021beni ru\u0219i care lupt\u0103 de partea Ucrainei \u00eempotriva Moscovei.<\/p>\n<p>SBU este responsabil \u00een principal de securitatea intern\u0103, contrainforma\u021bii \u0219i combaterea terorismului, \u00een timp ce GUR, structur\u0103 a armatei ucrainene, se ocup\u0103 \u00een principal de informa\u021bii externe \u0219i opera\u021biuni de recunoa\u0219tere.<\/p>\n<h2>Ce spun autorit\u0103\u021bile ucrainene<\/h2>\n<p>Dup\u0103 apari\u021bia informa\u021biilor despre schimbul de focuri, Parchetul General al Ucrainei a anun\u021bat, la ora 12:10, deschiderea unei anchete penale.<\/p>\n<p>Potrivit institu\u021biei, ofi\u021berii SBU primiser\u0103 ordin s\u0103 \u00eempiedice comiterea unui \u201eact terorist\u201d preg\u0103tit de Serviciul Federal de Securitate al Rusiei, FSB.<\/p>\n<p>\u00cen timpul opera\u021biunii, un grup de b\u0103rba\u021bi \u00eenarma\u021bi ar fi atacat echipa SBU.<\/p>\n<p><i>\u201e\u00cen timpul unei perchezi\u021bii la una dintre adrese, un grup de persoane a efectuat un atac armat asupra grupului operativ de anchet\u0103 al SBU<\/i>\u201d, a transmis Parchetul General.<\/p>\n<p>Potrivit aceleia\u0219i surse, atacatorii ar fi \u00eencercat s\u0103 \u00eempiedice desf\u0103\u0219urarea ac\u021biunilor de anchet\u0103 \u0219i s\u0103 blocheze cu ma\u0219ini accesul for\u021belor de ordine.<\/p>\n<p>Unitatea de for\u021be speciale Alpha a SBU a fost trimis\u0103 ulterior pentru a-\u0219i sprijini colegii, iar persoanele implicate \u00een atac au fost re\u021binute, potrivit autorit\u0103\u021bilor.<\/p>\n<p>Parchetul General a precizat c\u0103 suspec\u021bii fac parte din \u201euna dintre unit\u0103\u021bile For\u021belor de Ap\u0103rare ale Ucrainei\u201d. Relat\u0103rile din presa ucrainean\u0103 \u00eei identific\u0103 drept membri ai GUR.<\/p>\n<p>Publica\u021bia Ukrainska Pravda a relatat c\u0103 la fa\u021ba locului au ajuns \u0219i reprezentan\u021bi ai Biroului de Investiga\u021bii de Stat (DBR), o alt\u0103 institu\u021bie ucrainean\u0103 de anchet\u0103. Potrivit publica\u021biei, ace\u0219tia au intervenit pentru a calma situa\u021bia \u0219i le-ar fi cerut ambelor p\u0103r\u021bi s\u0103-\u0219i descarce armele.<\/p>\n<h2>Leg\u0103tura cu dispari\u021bia unui comandant al RDK<\/h2>\n<p>Presa ucrainean\u0103 leag\u0103 schimbul de focuri de o opera\u021biune care ar fi vizat protejarea lui Stepan Kaplunov, adjunctul comandantului Corpului Voluntarilor Ru\u0219i.<\/p>\n<p>SBU anun\u021base miercuri diminea\u021b\u0103 c\u0103, \u00eempreun\u0103 cu GUR, a dejucat un atac preg\u0103tit de FSB \u00eempotriva unui lider al opozi\u021biei ruse care venise \u00een Ucraina cu ocazia Zilei Independen\u021bei.<\/p>\n<p>Publica\u021bia rus\u0103 independent\u0103 Astra a relatat ulterior c\u0103 GUR \u0219i-ar fi retras comunicatul referitor la opera\u021biune.<\/p>\n<p>\u00cen acela\u0219i timp, RDK a anun\u021bat c\u0103 Kaplunov a disp\u0103rut \u00een apropierea locuin\u021bei sale cu c\u00e2teva zile \u00eenainte. Forma\u021biunea sus\u021bine c\u0103 a sesizat mai multe institu\u021bii ucrainene, inclusiv GUR \u0219i SBU.<\/p>\n<p>Autorit\u0103\u021bile ucrainene nu au confirmat public c\u0103 Stepan Kaplunov ar fi fost r\u0103pit. Dispari\u021bia sa \u0219i locul \u00een care se afl\u0103 \u00een prezent nu au fost stabilite oficial.<\/p>\n<p>Mai multe relat\u0103ri din pres\u0103 sugereaz\u0103 \u00eens\u0103 c\u0103 dispari\u021bia sa ar putea avea leg\u0103tur\u0103 cu incidentul de miercuri. Circumstan\u021bele exacte nu sunt deocamdat\u0103 clare.<\/p>\n<h2>Kirilo Budanov cere o anchet\u0103 \u201ecomplet\u0103 \u0219i impar\u021bial\u0103\u201d<\/h2>\n<p>Kirilo Budanov, \u0219eful Biroului preziden\u021bial al Ucrainei \u0219i fost \u0219ef al GUR, a cerut o anchet\u0103 \u201ecomplet\u0103 \u0219i impar\u021bial\u0103\u201d \u00een urma incidentului.<\/p>\n<p>Budanov a declarat pentru RBC Ukraine c\u0103 dosarul este investigat de Parchetul General \u00eempreun\u0103 cu Biroul de Investiga\u021bii de Stat.<\/p>\n<p><i>\u201eEste important s\u0103 se asigure o anchet\u0103 complet\u0103 \u0219i impar\u021bial\u0103, dar nimeni nu are dreptul s\u0103 r\u0103peasc\u0103 militari cu impunitate, s\u0103 deschid\u0103 focul pe str\u0103zile ora\u0219elor noastre, s\u0103 dea \u0219i s\u0103 execute ordine criminale\u201d<\/i>, a declarat Budanov.<\/p>\n<p>Ancheta urmeaz\u0103 s\u0103 stabileasc\u0103 circumstan\u021bele exacte ale schimbului de focuri, motivul confrunt\u0103rii dintre cele dou\u0103 structuri \u0219i eventuala leg\u0103tur\u0103 cu dispari\u021bia lui Stepan Kaplunov.<\/p>\n<p><\/main><\/p>\n<footer class=\"svelte-x63bga\">\n<div class=\"related-wrap related-footer svelte-78g0vl\"><span class=\"related-label svelte-78g0vl\">Cite\u0219te \u0219i<\/span><a class=\"related svelte-78g0vl\" data-gtrack=\"{&quot;event&quot;:&quot;utm_click&quot;,&quot;data&quot;:{&quot;event_category&quot;:&quot;article_related&quot;}}\" href=\"https:\/\/adevarul.ro\/stiri-externe\/europa\/cand-se-va-incheia-cu-adevarat-lupta-pentru-2553455.html\" title=\"Alt articol de interes pentru tine\"><img decoding=\"async\" class=\"thumb svelte-78g0vl\" src=\"https:\/\/cdn.adh.reperio.news\/image-c\/c92964be-166e-4be1-8645-376e53441f12\/index.jpeg?p=f%3Dwebp%26w%3D120%26h%3D80%26r%3Dcover%26a%3D0\" alt loading=\"lazy\" width=\"80\" height=\"54\"><span class=\"title svelte-78g0vl\">C\u00e2nd se va \u00eencheia cu adev\u0103rat lupta pentru Donbas? Ce spun serviciile de informa\u021bii \u0219i exper\u021bii militari<\/span><\/a><a class=\"related svelte-78g0vl\" data-gtrack=\"{&quot;event&quot;:&quot;utm_click&quot;,&quot;data&quot;:{&quot;event_category&quot;:&quot;article_related&quot;}}\" href=\"https:\/\/adevarul.ro\/stiri-externe\/europa\/zboruri-spre-moscova-oprite-in-aer-dupa-2553631.html\" title=\"Alt articol de interes pentru tine\"><img decoding=\"async\" class=\"thumb svelte-78g0vl\" src=\"https:\/\/cdn.adh.reperio.news\/image-d\/d54865e3-32c1-4843-825a-8749bb87435d\/index.jpeg?p=f%3Dwebp%26w%3D120%26h%3D80%26r%3Dcover%26a%3D0\" alt loading=\"lazy\" width=\"80\" height=\"54\"><span class=\"title svelte-78g0vl\">Zboruri spre Moscova, oprite \u00een aer dup\u0103 avertismentul lui Zelenski<\/span><\/a><a class=\"related svelte-78g0vl\" data-gtrack=\"{&quot;event&quot;:&quot;utm_click&quot;,&quot;data&quot;:{&quot;event_category&quot;:&quot;article_related&quot;}}\" href=\"https:\/\/adevarul.ro\/stiri-externe\/europa\/germania-pregateste-noi-livrari-de-arme-pentru-2553706.html\" title=\"Alt articol de interes pentru tine\"><img decoding=\"async\" class=\"thumb svelte-78g0vl\" src=\"https:\/\/cdn.adh.reperio.news\/image-7\/7e8b9782-6c55-4732-be5a-9df3734b0a89\/index.jpeg?p=f%3Dwebp%26w%3D120%26h%3D80%26r%3Dcover%26a%3D0\" alt loading=\"lazy\" width=\"80\" height=\"54\"><span class=\"title svelte-78g0vl\">Germania preg\u0103te\u0219te noi livr\u0103ri de arme pentru Ucraina dup\u0103 incidentul de la Leipzig. Dmitri Medvedev amenin\u021b\u0103 Berlinul<\/span><\/a><\/div>\n<div class=\"meta svelte-x63bga\">\n<div class=\"authors svelte-x63bga\"><span class=\"names svelte-x63bga\"><a href=\"https:\/\/adevarul.ro\/author\/647\" rel=\"author\" class=\"svelte-x63bga\">Viorica Marin<\/a><\/span><\/p>\n<div class=\"_hydratable\" data-props=\"%7B%22showLive%22%3Atrue%7D\" data-context=\"%7B%22parentBlockColumnCount%22%3A%7B%22value%22%3A0%2C%22type%22%3A%22store%2Freadable%22%7D%2C%22parentBlockBackgroundColor%22%3A%7B%22type%22%3A%22store%2Freadable%22%7D%7D\" data-component=\"ShareButton\">\n<div class=\"shareButtons svelte-itwbrr\">\n<div class=\"liveSessions metaFont svelte-1maxmbf\"><span class=\"value svelte-1maxmbf\">1<\/span> live <\/div>\n<\/div>\n<\/div>\n<\/div>\n<div class=\"tags svelte-1l3vwp1\"><span class=\"tags-label metaFont svelte-1l3vwp1\">Cite\u0219te mai multe despre<\/span><\/p>\n<div class=\"tags-list svelte-1l3vwp1\"><a href=\"https:\/\/adevarul.ro\/tag\/ucraina\" title=\"Ultimele \u0219tiri despre ucraina\" class=\"tag-pill svelte-1l3vwp1\">ucraina<\/a><a href=\"https:\/\/adevarul.ro\/tag\/kiev\" title=\"Ultimele \u0219tiri despre kiev\" class=\"tag-pill svelte-1l3vwp1\">kiev<\/a><a href=\"https:\/\/adevarul.ro\/tag\/sbu\" title=\"Ultimele \u0219tiri despre sbu\" class=\"tag-pill svelte-1l3vwp1\">sbu<\/a><a href=\"https:\/\/adevarul.ro\/tag\/gur\" title=\"Ultimele \u0219tiri despre gur\" class=\"tag-pill svelte-1l3vwp1\">gur<\/a><\/div>\n<\/div>\n<\/div>\n<p><a class=\"moreFromCategory svelte-x63bga\" href=\"https:\/\/adevarul.ro\/stiri-externe\/europa\" title=\"Europa\">Mai multe din <strong class=\"svelte-x63bga\">Europa<\/strong> \u203a<\/a><\/footer>\n<\/article>\n<p>[analyse_source url=&#8221;https:\/\/adevarul.ro\/stiri-externe\/europa\/scandal-in-serviciile-de-informatii-ale-ucrainei-2553728.html&#8221;]<\/p>\n","protected":false},"excerpt":{"rendered":"<p>[analyse_image type=&#8221;featured&#8221; src=&#8221;https:\/\/cdn.adh.reperio.news\/image-2\/2c2fe086-b6c4-4859-9cd1-6eae2fb66896\/index.jpeg?p=f%3Djpeg%26w%3D1200%26h%3D630%26r%3Dcover&#8221;] Home \u0218tiri Externe Europa Scandal \u00een serviciile de informa\u021bii ale Ucrainei: SBU \u0219i GUR, confruntare armat\u0103 pe str\u0103zile Kievului. Kirilo Budanov cere o anchet\u0103 \u201ecomplet\u0103 \u0219i impar\u021bial\u0103\u201d Un schimb de focuri \u00eentre membri activi ai principalelor dou\u0103 servicii de informa\u021bii ale Ucrainei a avut loc miercuri diminea\u021b\u0103, la Kiev. Schimb de focuri [&hellip;]<\/p>\n","protected":false},"author":1,"featured_media":0,"comment_status":"open","ping_status":"","sticky":false,"template":"","format":"standard","meta":{"footnotes":""},"categories":[89],"tags":[19,226],"class_list":["post-2124776","post","type-post","status-publish","format-standard","hentry","category-romania","tag-adevarul","tag-crawlmanager"],"_links":{"self":[{"href":"https:\/\/analyse.optim.biz\/index.php?rest_route=\/wp\/v2\/posts\/2124776","targetHints":{"allow":["GET"]}}],"collection":[{"href":"https:\/\/analyse.optim.biz\/index.php?rest_route=\/wp\/v2\/posts"}],"about":[{"href":"https:\/\/analyse.optim.biz\/index.php?rest_route=\/wp\/v2\/types\/post"}],"author":[{"embeddable":true,"href":"https:\/\/analyse.optim.biz\/index.php?rest_route=\/wp\/v2\/users\/1"}],"replies":[{"embeddable":true,"href":"https:\/\/analyse.optim.biz\/index.php?rest_route=%2Fwp%2Fv2%2Fcomments&post=2124776"}],"version-history":[{"count":0,"href":"https:\/\/analyse.optim.biz\/index.php?rest_route=\/wp\/v2\/posts\/2124776\/revisions"}],"wp:attachment":[{"href":"https:\/\/analyse.optim.biz\/index.php?rest_route=%2Fwp%2Fv2%2Fmedia&parent=2124776"}],"wp:term":[{"taxonomy":"category","embeddable":true,"href":"https:\/\/analyse.optim.biz\/index.php?rest_route=%2Fwp%2Fv2%2Fcategories&post=2124776"},{"taxonomy":"post_tag","embeddable":true,"href":"https:\/\/analyse.optim.biz\/index.php?rest_route=%2Fwp%2Fv2%2Ftags&post=2124776"}],"curies":[{"name":"wp","href":"https:\/\/api.w.org\/{rel}","templated":true}]}}