{"id":2124774,"date":"2026-09-02T17:05:18","date_gmt":"2026-09-02T14:05:18","guid":{"rendered":"https:\/\/analyse.optim.biz\/?p=2124774"},"modified":"2026-09-02T17:05:18","modified_gmt":"2026-09-02T14:05:18","slug":"cand-se-va-incheia-cu-adevarat-lupta-pentru-donbas-ce-spun-serviciile-de-informatii-si-expertii-militari","status":"publish","type":"post","link":"https:\/\/analyse.optim.biz\/?p=2124774","title":{"rendered":"C\u00e2nd se va \u00eencheia cu adev\u0103rat lupta pentru Donbas? Ce spun serviciile de informa\u021bii \u0219i exper\u021bii militari"},"content":{"rendered":"<p>[analyse_image type=&#8221;featured&#8221; src=&#8221;https:\/\/cdn.adh.reperio.news\/image-c\/c92964be-166e-4be1-8645-376e53441f12\/index.jpeg?p=f%3Djpeg%26w%3D1200%26h%3D630%26r%3Dcover&#8221;]<\/p>\n<article class=\"svelte-x63bga\">\n<nav>\n<ul class=\"breadcrump svelte-1pk9a69\">\n<li class=\"svelte-1pk9a69\"><a href=\"https:\/\/adevarul.ro\/\" title=\"Adev\u0103rul\" class=\"svelte-1pk9a69\">Home<\/a><\/li>\n<li class=\"svelte-1pk9a69\"><a href=\"https:\/\/adevarul.ro\/stiri-externe\" class=\"svelte-1pk9a69\">\u0218tiri Externe<\/a><\/li>\n<li class=\"svelte-1pk9a69\"><a href=\"https:\/\/adevarul.ro\/stiri-externe\/europa\" class=\"svelte-1pk9a69\">Europa<\/a><\/li>\n<li class=\"svelte-1pk9a69\"><a href=\"https:\/\/adevarul.ro\/stiri-externe\/europa\/cand-se-va-incheia-cu-adevarat-lupta-pentru-2553455.html\" class=\"svelte-1pk9a69\">C\u00e2nd se va \u00eencheia cu adev\u0103rat lupta pentru Donbas? Ce spun serviciile de informa\u021bii \u0219i exper\u021bii militari<\/a><\/li>\n<\/ul>\n<\/nav>\n<p><main class=\"svelte-x63bga\"><\/p>\n<p>\u00cen timp ce trupele ruse avanseaz\u0103 treptat \u00een regiunea Donbas, armata ucrainean\u0103 se preg\u0103te\u0219te pentru o rezisten\u021b\u0103 dificil\u0103 \u00een fa\u021ba unei noi campanii de uzur\u0103, conform estim\u0103rilor exper\u021bilor militari \u0219i oficialilor din serviciile de informa\u021bii.<\/p>\n<div class=\"container-image  svelte-1xbw4f3\"><source type=\"image\/webp\" srcset=\"https:\/\/cdn.adh.reperio.news\/image-c\/c92964be-166e-4be1-8645-376e53441f12\/index.jpeg?p=a%3D1%26co%3D1.05%26w%3D1400%26h%3D750%26r%3Dcontain%26f%3Dwebp 1400w\" media=\"(min-width: 1400px)\" \/><\/p>\n<div class=\"caption svelte-1xbw4f3\"><span class=\"captionText svelte-1xbw4f3\">Lupte grele \u00een Donbas\/FOTO:EPA\/EFE <\/span><\/div>\n<\/div>\n<p>\u00centr-un sat din estul Ucrainei, aflat la doar treizeci de minute distan\u021b\u0103 de primele linii ale frontului, comandan\u021bii ucraineni de drone coordoneaz\u0103 opera\u021biunile de ap\u0103rare. La 24 \u0219i, respectiv, 26 de ani, tineri ofi\u021beri precum cei cunoscu\u021bi sub indicativele \u201eFle\u0219ka\u201d \u0219i \u201eSa\u0219a\u201d conduc unit\u0103\u021bi mixte de infanterie \u0219i operatori de drone, gestion\u00e2nd ap\u0103rarea ultimelor bastioane din regiune.<\/p>\n<h2>Situa\u021bia strategic\u0103 din Donbas<\/h2>\n<p>Regiunea Donbas cuprinde teritoriile Lugansk \u0219i Done\u021bk. \u00cen timp ce for\u021bele ruse au preluat controlul asupra celei mai mari p\u0103r\u021bi din Lugansk, Ucraina controleaz\u0103 \u00een prezent mai pu\u021bin de o cincime din regiunea Done\u021bk, o suprafa\u021b\u0103 estimat\u0103 la aproximativ 5.000 de kilometri p\u0103tra\u021bi.<\/p>\n<p>Potrivit evalu\u0103rilor unor reprezentan\u021bi ai serviciilor de informa\u021bii europene, trupele ruse ar putea ajunge la periferia ora\u0219elor Kramatorsk \u0219i Sloviansk p\u00e2n\u0103 la \u00eenceputul anului 2027. Aceste dou\u0103 localit\u0103\u021bi reprezint\u0103 nucleul ultimei mari centuri defensive ucrainene din regiune.<\/p>\n<p>Cu toate acestea, costul uman al unei astfel de ofensive r\u0103m\u00e2ne extrem de ridicat. Anali\u0219tii militari subliniaz\u0103 c\u0103 ritmul avansului rus este \u00een prezent extrem de lent, ritm care ar putea prelungi luptele pentru controlul total al regiunii Done\u021bk p\u00e2n\u0103 la \u00eenceputul urm\u0103torului deceniu, \u00een absen\u021ba unor schimb\u0103ri majore de resurse sau a unei noi mobiliz\u0103ri la scar\u0103 larg\u0103.<\/p>\n<h2>Schimb\u0103rile de pe linia frontului<\/h2>\n<p>Situa\u021bia tactic\u0103 r\u0103m\u00e2ne tensionat\u0103 pe mai multe sectoare. For\u021bele ucrainene se confrunt\u0103 cu o superioritate local\u0103 a Rusiei \u00een ceea ce prive\u0219te dronele de tip FPV \u0219i cu utilizarea intensiv\u0103 a bombelor ghidate, care continu\u0103 s\u0103 afecteze infrastructura \u0219i pozi\u021biile defensive.<\/p>\n<p>\u00cen acela\u0219i timp, capacitatea de logistic\u0103 \u0219i aprovizionare a ap\u0103r\u0103torilor din Kramatorsk \u0219i Sloviansk este considerat\u0103 de exper\u021bi drept factorul decisiv pentru men\u021binerea liniilor defensive. Colonelul Markus Reisner, din cadrul For\u021belor Armate austriece, subliniaz\u0103 c\u0103 men\u021binerea rutelor de aprovizionare r\u0103m\u00e2ne vital\u0103 pentru ca trupele ucrainene s\u0103 poat\u0103 continua rezisten\u021ba.<\/p>\n<h2>Rusia avanseaz\u0103, dar ritmul este lent<\/h2>\n<p>Analistul militar Franz-Stefan Gady, autorul c\u0103r\u021bii Attack: When War Comes to Us, are o evaluare ceva mai favorabil\u0103 Ucrainei.<\/p>\n<p>El spune c\u0103 \u00eenaintarea rus\u0103 se desf\u0103\u0219oar\u0103 \u00een prezent \u00een cel mai lent ritm \u00eenregistrat din timpul iernii.<\/p>\n<p><i>\u201e\u00cen ritmul actual, regiunea Done\u021bk nu ar fi ocupat\u0103 \u00een \u00eentregime dec\u00e2t la \u00eenceputul anilor 2030\u201d<\/i>, afirm\u0103 Gady.<\/p>\n<p>O \u00eencetinire a ofensivei nu trebuie \u00eens\u0103 confundat\u0103 cu stabilizarea frontului.<\/p>\n<p>\u00cen anumite sectoare, situa\u021bia militar\u0103 a Ucrainei se deterioreaz\u0103.<\/p>\n<p>Rusia beneficiaz\u0103, pe unele por\u021biuni ale frontului, de o superioritate local\u0103 semnificativ\u0103 \u00een ceea ce prive\u0219te dronele FPV, \u00een unele cazuri de p\u00e2n\u0103 la zece la unu.<\/p>\n<p>\u00cen acela\u0219i timp, bombele planante ghidate, cu o greutate de aproximativ trei tone, continu\u0103 s\u0103 provoace pierderi importante for\u021belor ucrainene din zonele de front.<\/p>\n<p>Gady consider\u0103 posibil ca trupele ruse s\u0103 ajung\u0103 la Kramatorsk \u0219i Sloviansk \u00een prim\u0103vara sau vara lui 2027, dar numai \u00een anumite condi\u021bii.<\/p>\n<p>\u201eRusia are nevoie de mobilizare dac\u0103 vrea s\u0103 men\u021bin\u0103 sau s\u0103 creasc\u0103 ritmul actual\u201d, spune el.<\/p>\n<p>\u00cen opinia sa, Moscova este pu\u021bin probabil s\u0103 recurg\u0103 la o nou\u0103 mobilizare \u00eenaintea alegerilor, iar dac\u0103 o va face, Ucraina nu dispune de un r\u0103spuns echivalent.<\/p>\n<p>Potrivit lui Gady, Statul Major rus estimeaz\u0103 c\u0103 militarii nou mobiliza\u021bi au nevoie de aproximativ patru luni \u00eenainte de a putea avea un impact semnificativ pe front.<\/p>\n<p>O mobilizare \u00een aceast\u0103 toamn\u0103 ar putea, prin urmare, s\u0103 \u00eenceap\u0103 s\u0103 influen\u021beze situa\u021bia militar\u0103 \u00een prima jum\u0103tate a anului 2027.<\/p>\n<p>Colonelul Markus Reisner, din cadrul For\u021belor Armate austriece, spune c\u0103 ofensiva rus\u0103 de var\u0103 nu a atins p\u00e2n\u0103 acum obiectivele pe care Kremlinul \u0219i le-ar fi stabilit.<\/p>\n<p>Cu toate acestea, trupele ruse continu\u0103 s\u0103 \u00eenainteze \u201elent, dar constant\u201d.<\/p>\n<h2>Logistica ar putea decide soarta Donbasului<\/h2>\n<p>Potrivit lui Reisner, factorul decisiv \u00een b\u0103t\u0103lia pentru Donbas va fi logistica ucrainean\u0103.<\/p>\n<p><i>\u201eCea mai important\u0103 capacitate care va influen\u021ba lupta pentru centura defensiv\u0103 ucrainean\u0103 din jurul Kramatorskului \u0219i Slovianskului este capacitatea de a-i aproviziona pe ap\u0103r\u0103torii din aceste ora\u0219e.\u201d<\/i><\/p>\n<p><a class=\"related-inline svelte-78g0vl\" data-gtrack=\"{&quot;event&quot;:&quot;utm_click&quot;,&quot;data&quot;:{&quot;event_category&quot;:&quot;article_related&quot;}}\" href=\"https:\/\/adevarul.ro\/stiri-externe\/europa\/rusii-sunt-furiosi-pe-noul-comandant-sef-al-2545315.html\" title=\"Alt articol de interes pentru tine\"><span class=\"inline-title svelte-78g0vl\">Ru\u0219ii sunt furio\u0219i pe noul comandant-\u0219ef al armatei Ucrainei: \u201eNe ur\u0103\u0219te\u201d<\/span><\/a><\/p>\n<p>Dac\u0103 Rusia reu\u0219e\u0219te s\u0103 \u00eentrerup\u0103 rutele de aprovizionare, spune el, ap\u0103r\u0103torii ucraineni vor putea rezista doar o perioad\u0103 limitat\u0103.<\/p>\n<p>O mare parte din aprovizionarea trupelor se bazeaz\u0103 deja pe drone grele de tip multicopter \u0219i pe vehicule terestre f\u0103r\u0103 pilot.<\/p>\n<p>For\u021bele ruse \u00eencearc\u0103 sistematic s\u0103 distrug\u0103 aceste sisteme \u0219i, \u00een acela\u0219i timp, s\u0103 \u00eempiedice aducerea de \u00eent\u0103riri \u0219i rota\u021bia trupelor ucrainene.<\/p>\n<p>Avertismentul lui Reisner este direct:\u201e<i>Dac\u0103 ucrainenii nu reu\u0219esc s\u0103 rup\u0103 acest cerc vicios, centura defensiv\u0103 va c\u0103dea.\u201d<\/i><\/p>\n<p>Comandan\u021bii brig\u0103zilor ucrainene recunosc, de altfel, c\u0103 Rusia dispune \u00een cele din urm\u0103 de resursele necesare pentru a cuceri Donbasul.<\/p>\n<p><i>\u201eDesigur, Rusia are acest poten\u021bial<\/i>\u201d, declara Vad\u00eem Krikun, comandantul Brig\u0103zii Lubart, \u00eentr-un interviu acordat WELT la \u00eenceputul acestui an.<\/p>\n<p>\u201eEste \u00een continuare a doua armat\u0103 din lume. \u00centrebarea este c\u00e2t de departe este Rusia dispus\u0103 s\u0103 mearg\u0103 \u0219i c\u00e2t de mult este preg\u0103tit\u0103 s\u0103 \u00ee\u0219i mobilizeze economia \u0219i popula\u021bia.\u201d<\/p>\n<p>Krikun lupt\u0103 \u00een Donbas de peste un deceniu.<\/p>\n<p>Trupele ruse au intrat pentru prima dat\u0103 \u00een regiune \u00een 2014, iar luptele au continuat, sub diferite forme, de atunci.<\/p>\n<h2>Perspective \u0219i eforturi diplomatice<\/h2>\n<p>De\u0219i au existat discu\u021bii \u0219i propuneri anterioare privind o poten\u021bial\u0103 \u00eencetare a focului sau crearea unor zone demilitarizate, negocierile nu au condus la un acord concret. Exper\u021bii consider\u0103 c\u0103 obiectivele strategice ale Moscovei dep\u0103\u0219esc simpla cucerire a Donbasului, \u00een timp ce for\u021bele ucrainene continu\u0103 s\u0103 \u00ee\u0219i adapteze tacticile pentru a contracara opera\u021biunile ofensive ale inamicului.<\/p>\n<h2>Sloviansk \u0219i Kramatorsk, urm\u0103toarele obiective<\/h2>\n<p>Fleshka se teme c\u0103 Drujkivka ar putea fi urm\u0103torul ora\u0219 care va ajunge sub o presiune serioas\u0103.<\/p>\n<p><i>\u201e\u0218i-au mutat aten\u021bia spre Sloviansk. Deja se lupt\u0103 \u00een Mikolaivka.\u201d<\/i><\/p>\n<p>Sa\u0219a se a\u0219teapt\u0103, la r\u00e2ndul s\u0103u, la o b\u0103t\u0103lie extrem de dur\u0103 pentru Sloviansk.<\/p>\n<p>El spune c\u0103 oamenii s\u0103i sunt preg\u0103ti\u021bi.\u00a0\u201eVa fi ca la Ceasiv Iar. Dar c\u00e2t timp au atacat Ceasiv Iarul? Aproximativ un an, dac\u0103 \u00eemi amintesc bine.\u201d<\/p>\n<p><i>\u201eVa fi ca la Ceasiv Iar. Dar c\u00e2t timp au atacat Ceasiv Iarul? Aproximativ un an, dac\u0103 \u00eemi amintesc bine.\u201d<\/i><\/p>\n<p>El indic\u0103 terenul din jurul Kramatorskului \u0219i Slovianskului.<\/p>\n<p><i>\u201ePeisajul de aici lucreaz\u0103 \u00een favoarea noastr\u0103 \u0219i \u00eempotriva lor. Noi de\u021binem \u00een\u0103l\u021bimile \u0219i avem acoperire. Va fi o ma\u0219in\u0103rie de m\u0103cinat oameni.\u201d<\/i><\/p>\n<h2>Cucerirea Donbasului nu ar \u00eensemna neap\u0103rat sf\u00e2r\u0219itul r\u0103zboiului<\/h2>\n<p>Exper\u021bii se \u00eendoiesc c\u0103 o eventual\u0103 cucerire complet\u0103 a Donbasului ar determina automat Kremlinul s\u0103 accepte negocieri serioase pentru \u00eencetarea focului.<\/p>\n<p>\u201ePutin \u00ee\u0219i va ajusta obiectivele de r\u0103zboi \u00een func\u021bie de situa\u021bia ap\u0103r\u0103torilor ucraineni\u201d, spune Reisner.<\/p>\n<p>\u00cen prezent, Rusia \u00eencearc\u0103 s\u0103 exploateze ceea ce el descrie drept una dintre principalele vulnerabilit\u0103\u021bi ale Ucrainei: deficitul critic de muni\u021bie pentru ap\u0103rarea antiaerian\u0103, \u00een special pentru sistemele Patriot.<\/p>\n<p><a class=\"related-inline svelte-78g0vl\" data-gtrack=\"{&quot;event&quot;:&quot;utm_click&quot;,&quot;data&quot;:{&quot;event_category&quot;:&quot;article_related&quot;}}\" href=\"https:\/\/adevarul.ro\/securitate-si-aparare\/in-ucraina-linia-frontului-a-devenit-linia-2549714.html\" title=\"Alt articol de interes pentru tine\"><span class=\"inline-title svelte-78g0vl\">\u00cen Ucraina, linia frontului a devenit \u201elinia dronelor\u201d. Revolu\u021bia tactic\u0103 ce ar putea for\u021ba Rusia s\u0103 cear\u0103 pace<\/span><\/a><\/p>\n<p>Primele atacuri de amploare din aceast\u0103 nou\u0103 etap\u0103 a r\u0103zboiului indic\u0103, potrivit lui Reisner, inten\u021bia lui Putin de a supune Ucraina unor lovituri masive \u0219i repetate \u00een aceast\u0103 iarn\u0103.<\/p>\n<p>El compar\u0103 strategia cu doctrina \u201euzurii\u201d asociat\u0103 teoreticianului militar sovietic Aleksandr Svechin.<\/p>\n<p>Pentru Moscova, \u00eens\u0103, Donbasul ar putea fi doar o etap\u0103 intermediar\u0103.<\/p>\n<p><i>\u201eDonbasul este un obiectiv intermediar, nu cel final\u201d<\/i>, spune Gady.<\/p>\n<p>Potrivit acestuia, obiectivul strategic al Rusiei r\u0103m\u00e2ne readucerea Ucrainei \u00een sfera sa de influen\u021b\u0103.<\/p>\n<p><\/main><\/p>\n<footer class=\"svelte-x63bga\">\n<div class=\"related-wrap related-footer svelte-78g0vl\"><span class=\"related-label svelte-78g0vl\">Cite\u0219te \u0219i<\/span><a class=\"related svelte-78g0vl\" data-gtrack=\"{&quot;event&quot;:&quot;utm_click&quot;,&quot;data&quot;:{&quot;event_category&quot;:&quot;article_related&quot;}}\" href=\"https:\/\/adevarul.ro\/stiri-externe\/rusia\/fostul-emisar-special-al-sua-pentru-ucraina-il-2552038.html\" title=\"Alt articol de interes pentru tine\"><img decoding=\"async\" class=\"thumb svelte-78g0vl\" src=\"https:\/\/cdn.adh.reperio.news\/image-4\/48bae689-2dbc-4bf5-a245-7d15e58f01ff\/index.jpeg?p=f%3Dwebp%26w%3D120%26h%3D80%26r%3Dcover%26a%3D0\" alt loading=\"lazy\" width=\"80\" height=\"54\"><span class=\"title svelte-78g0vl\">Fostul emisar special al SUA pentru Ucraina \u00eel compar\u0103 pe Putin cu Hitler: \u201e\u00cengrijorarea mea: vom ajunge la un al Treilea R\u0103zboi Mondial\u201d<\/span><\/a><\/div>\n<div class=\"meta svelte-x63bga\">\n<div class=\"authors svelte-x63bga\"><span class=\"names svelte-x63bga\"><a href=\"https:\/\/adevarul.ro\/author\/647\" rel=\"author\" class=\"svelte-x63bga\">Viorica Marin<\/a><\/span><\/p>\n<div class=\"_hydratable\" data-props=\"%7B%22showLive%22%3Atrue%7D\" data-context=\"%7B%22parentBlockColumnCount%22%3A%7B%22value%22%3A0%2C%22type%22%3A%22store%2Freadable%22%7D%2C%22parentBlockBackgroundColor%22%3A%7B%22type%22%3A%22store%2Freadable%22%7D%7D\" data-component=\"ShareButton\">\n<div class=\"shareButtons svelte-itwbrr\">\n<div class=\"liveSessions metaFont svelte-1maxmbf\"><span class=\"value svelte-1maxmbf\">1<\/span> live <\/div>\n<\/div>\n<\/div>\n<\/div>\n<div class=\"tags svelte-1l3vwp1\"><span class=\"tags-label metaFont svelte-1l3vwp1\">Cite\u0219te mai multe despre<\/span><\/p>\n<div class=\"tags-list svelte-1l3vwp1\"><a href=\"https:\/\/adevarul.ro\/tag\/rusia\" title=\"Ultimele \u0219tiri despre rusia\" class=\"tag-pill svelte-1l3vwp1\">rusia<\/a><a href=\"https:\/\/adevarul.ro\/tag\/ucraina\" title=\"Ultimele \u0219tiri despre ucraina\" class=\"tag-pill svelte-1l3vwp1\">ucraina<\/a><a href=\"https:\/\/adevarul.ro\/tag\/razboi%20in%20ucraina\" title=\"Ultimele \u0219tiri despre razboi in ucraina\" class=\"tag-pill svelte-1l3vwp1\">razboi in ucraina<\/a><a href=\"https:\/\/adevarul.ro\/tag\/donbas\" title=\"Ultimele \u0219tiri despre donbas\" class=\"tag-pill svelte-1l3vwp1\">donbas<\/a><a href=\"https:\/\/adevarul.ro\/tag\/servicii%20secrete\" title=\"Ultimele \u0219tiri despre servicii secrete\" class=\"tag-pill svelte-1l3vwp1\">servicii secrete<\/a><\/div>\n<\/div>\n<\/div>\n<p><a class=\"moreFromCategory svelte-x63bga\" href=\"https:\/\/adevarul.ro\/stiri-externe\/europa\" title=\"Europa\">Mai multe din <strong class=\"svelte-x63bga\">Europa<\/strong> \u203a<\/a><\/footer>\n<\/article>\n<p>[analyse_source url=&#8221;https:\/\/adevarul.ro\/stiri-externe\/europa\/cand-se-va-incheia-cu-adevarat-lupta-pentru-2553455.html&#8221;]<\/p>\n","protected":false},"excerpt":{"rendered":"<p>[analyse_image type=&#8221;featured&#8221; src=&#8221;https:\/\/cdn.adh.reperio.news\/image-c\/c92964be-166e-4be1-8645-376e53441f12\/index.jpeg?p=f%3Djpeg%26w%3D1200%26h%3D630%26r%3Dcover&#8221;] Home \u0218tiri Externe Europa C\u00e2nd se va \u00eencheia cu adev\u0103rat lupta pentru Donbas? Ce spun serviciile de informa\u021bii \u0219i exper\u021bii militari \u00cen timp ce trupele ruse avanseaz\u0103 treptat \u00een regiunea Donbas, armata ucrainean\u0103 se preg\u0103te\u0219te pentru o rezisten\u021b\u0103 dificil\u0103 \u00een fa\u021ba unei noi campanii de uzur\u0103, conform estim\u0103rilor exper\u021bilor militari \u0219i oficialilor [&hellip;]<\/p>\n","protected":false},"author":1,"featured_media":0,"comment_status":"open","ping_status":"","sticky":false,"template":"","format":"standard","meta":{"footnotes":""},"categories":[89],"tags":[19,226],"class_list":["post-2124774","post","type-post","status-publish","format-standard","hentry","category-romania","tag-adevarul","tag-crawlmanager"],"_links":{"self":[{"href":"https:\/\/analyse.optim.biz\/index.php?rest_route=\/wp\/v2\/posts\/2124774","targetHints":{"allow":["GET"]}}],"collection":[{"href":"https:\/\/analyse.optim.biz\/index.php?rest_route=\/wp\/v2\/posts"}],"about":[{"href":"https:\/\/analyse.optim.biz\/index.php?rest_route=\/wp\/v2\/types\/post"}],"author":[{"embeddable":true,"href":"https:\/\/analyse.optim.biz\/index.php?rest_route=\/wp\/v2\/users\/1"}],"replies":[{"embeddable":true,"href":"https:\/\/analyse.optim.biz\/index.php?rest_route=%2Fwp%2Fv2%2Fcomments&post=2124774"}],"version-history":[{"count":0,"href":"https:\/\/analyse.optim.biz\/index.php?rest_route=\/wp\/v2\/posts\/2124774\/revisions"}],"wp:attachment":[{"href":"https:\/\/analyse.optim.biz\/index.php?rest_route=%2Fwp%2Fv2%2Fmedia&parent=2124774"}],"wp:term":[{"taxonomy":"category","embeddable":true,"href":"https:\/\/analyse.optim.biz\/index.php?rest_route=%2Fwp%2Fv2%2Fcategories&post=2124774"},{"taxonomy":"post_tag","embeddable":true,"href":"https:\/\/analyse.optim.biz\/index.php?rest_route=%2Fwp%2Fv2%2Ftags&post=2124774"}],"curies":[{"name":"wp","href":"https:\/\/api.w.org\/{rel}","templated":true}]}}