{"id":2124771,"date":"2026-09-02T00:00:00","date_gmt":"2026-09-01T21:00:00","guid":{"rendered":"https:\/\/analyse.optim.biz\/?p=2124771"},"modified":"2026-09-02T00:00:00","modified_gmt":"2026-09-01T21:00:00","slug":"fotbal-daniel-pancu-ne-dorim-sa-trecem-de-grupa-din-cupa-din-primavara-vom-fi-alta-echipa","status":"publish","type":"post","link":"https:\/\/analyse.optim.biz\/?p=2124771","title":{"rendered":"Fotbal: Daniel Pancu &#8211; Ne dorim s\u0103 trecem de grupa din cup\u0103, din prim\u0103var\u0103 vom fi alt\u0103 echip\u0103"},"content":{"rendered":"<p>[analyse_image type=&#8221;featured&#8221; src=&#8221;https:\/\/agerpres.ro\/data\/202609\/20260902182109_144872.jpg&#8221;]<\/p>\n<div class=\"mx-auto pt-3\">\n<p><strong>Antrenorul forma\u021biei Rapid Bucure\u0219ti, Daniel Pancu, a declarat, miercuri, \u00eenaintea meciului cu Poli Timi\u0219oara din Cupa Rom\u00e2niei, c\u0103 \u00ee\u0219i dore\u0219te ca echipa sa s\u0103 se califice din faza grupelor \u0219i a subliniat c\u0103 giule\u0219tenii vor ar\u0103ta diferit \u00een partea a doua a sezonului, dup\u0103 ce lotul va fi definitivat \u0219i rela\u021biile de joc se vor omogeniza.<\/strong><\/p>\n<p>&#8221;Arat\u0103 foarte serios competi\u021bia, ne dorim foarte mult s\u0103 debut\u0103m \u00een aceast\u0103 competi\u021bie cu o victorie m\u00e2ine. Adversarul este unul greu, complicat, nu neap\u0103rat pentru valoarea lui fiind \u00een Liga a 2-a, ci pentru c\u0103 are \u00een componen\u021b\u0103 juc\u0103tori care nu sunt str\u0103ini de Liga I. Noi suntem \u00eentr-un proces de configurare, traseu, ca s\u0103 fac o u\u0219oar\u0103 glum\u0103. \u00cenc\u0103 nu avem un sistem stabilit, nu avem un prim 11, \u00eenc\u0103 mai avem unele probleme pentru c\u0103 juc\u0103torii nu sunt la acela\u0219i nivel, nu sunt uniformiza\u021bi din punct de vedere fizic \u0219i al rela\u021biilor de joc. Am venit aici s\u0103 c\u00e2\u0219tig\u0103m&#8221;, a declarat Pancu.<\/p>\n<p>El a precizat c\u0103 aceast\u0103 competi\u021bie a devenit una important\u0103 pentru toate echipele \u00een ultimele sezoane.<\/p>\n<p>&#8221;Cupa este un obiectiv important pentru toate echipele importante \u00een ultimii ani. De c\u00e2nd Corvinul a provocat surpriza, toate echipele sunt interesate de Cup\u0103. Important este s\u0103 trecem de aceast\u0103 grup\u0103, care nu este u\u0219oar\u0103 \u00een niciun caz. Este foarte important s\u0103 trecem de aceast\u0103 grup\u0103 pentru c\u0103, din prim\u0103var\u0103, cu siguran\u021b\u0103 vom fi \u0219i noi o alt\u0103 echip\u0103&#8221;, a afirmat Pancu.<\/p>\n<p>Tehnicianul Rapidului a vorbit \u0219i despre rivalitatea dintre cele dou\u0103 forma\u021bii, preciz\u00e2nd c\u0103 sper\u0103 ca meciul s\u0103 nu mai fie marcat de incidentele din \u00eent\u00e2lnirile precedente: &#8221;E clar c\u0103 \u00een tribun\u0103 va fi prietenie \u0219i pace, a\u0219a cum a fost \u00eentotdeauna \u00eentre Rapid \u0219i Poli. Dar pe teren \u00eemi aduc aminte c\u0103 s-a terminat cu s\u00e2nge \u00een ultimele meciuri. M\u00e2ine sper s\u0103 nu se mai \u00eent\u00e2mple lucruri de genul acesta, dar sunt convins c\u0103 replica va fi peste limit\u0103.&#8221;<\/p>\n<p>Pancu a eviden\u021biat \u0219i calit\u0103\u021bile forma\u021biei timi\u0219orene, despre care spune c\u0103 este aproape de nivelul unei echipe de prim\u0103 lig\u0103.<\/p>\n<p>&#8221;\u0218tiu c\u0103 cei de la Poli schimb\u0103 sistemul \u00een timpul jocului, au juc\u0103tori periculo\u0219i \u00een atac, sunt foarte bine organiza\u021bi, au marcat cinci goluri \u00een deplasare. E aproape o echip\u0103 de prim\u0103 lig\u0103, iar replica va fi una pe m\u0103sur\u0103&#8221;, a precizat acesta.<\/p>\n<p>Antrenorul Rapidului a evitat s\u0103 spun\u0103 c\u0103 forma\u021bia sa este, \u00een acest moment, una dintre primele trei echipe ale campionatului, dar consider\u0103 c\u0103 giule\u0219tenii pot ajunge \u00een partea superioar\u0103 a clasamentului: &#8221;Nu pot spune c\u0103 \u00een acest moment Rapid este o echip\u0103 de primele trei locuri, dar \u00een viitor putem fi acolo sus.&#8221;<\/p>\n<p><strong>Echipa de fotbal Rapid va \u00eent\u00e2lni joi, de la ora 20:30, pe Stadionul Municipal din Sibiu, forma\u021bia Poli Timi\u0219oara, \u00eentr-un meci din cadrul primei runde a grupelor Cupei Rom\u00e2niei.<\/strong><br \/>\nAGERPRES\/ (A, AS &#8211; redactor: Adrian \u021aone, editor: Mircea Lazaroniu, editor online: Gabriela Badea)\u00a0<\/p>\n<p><strong>Cite\u015fte \u015fi:<\/strong><\/p>\n<p>*\u00a0<a href=\"https:\/\/agerpres.ro\/sport\/2026\/09\/02\/fotbal-razvan-onea---intotdeauna-meciurile-cu-echipele-din-liga-a-ii-a-sunt-foarte-grele--1590142\" target=\"_blank\">Fotbal: R\u0103zvan Onea &#8211; \u00centotdeauna meciurile cu echipele din Liga a II-a sunt foarte grele<\/a><\/p>\n<\/div>\n<div class=\"mx-auto pt-3\">\n                                Afisari: 230\n                            <\/div>\n<p>[analyse_source url=&#8221;https:\/\/agerpres.ro\/sport\/2026\/09\/02\/fotbal-daniel-pancu&#8212;ne-dorim-sa-trecem-de-grupa-din-cupa-din-primavara-vom-fi-alta-echipa&#8211;1590130&#8243;]<\/p>\n","protected":false},"excerpt":{"rendered":"<p>[analyse_image type=&#8221;featured&#8221; src=&#8221;https:\/\/agerpres.ro\/data\/202609\/20260902182109_144872.jpg&#8221;] Antrenorul forma\u021biei Rapid Bucure\u0219ti, Daniel Pancu, a declarat, miercuri, \u00eenaintea meciului cu Poli Timi\u0219oara din Cupa Rom\u00e2niei, c\u0103 \u00ee\u0219i dore\u0219te ca echipa sa s\u0103 se califice din faza grupelor \u0219i a subliniat c\u0103 giule\u0219tenii vor ar\u0103ta diferit \u00een partea a doua a sezonului, dup\u0103 ce lotul va fi definitivat \u0219i rela\u021biile de [&hellip;]<\/p>\n","protected":false},"author":1,"featured_media":0,"comment_status":"open","ping_status":"","sticky":false,"template":"","format":"standard","meta":{"footnotes":""},"categories":[2],"tags":[37,226],"class_list":["post-2124771","post","type-post","status-publish","format-standard","hentry","category-politics","tag-agerpres-ro","tag-crawlmanager"],"_links":{"self":[{"href":"https:\/\/analyse.optim.biz\/index.php?rest_route=\/wp\/v2\/posts\/2124771","targetHints":{"allow":["GET"]}}],"collection":[{"href":"https:\/\/analyse.optim.biz\/index.php?rest_route=\/wp\/v2\/posts"}],"about":[{"href":"https:\/\/analyse.optim.biz\/index.php?rest_route=\/wp\/v2\/types\/post"}],"author":[{"embeddable":true,"href":"https:\/\/analyse.optim.biz\/index.php?rest_route=\/wp\/v2\/users\/1"}],"replies":[{"embeddable":true,"href":"https:\/\/analyse.optim.biz\/index.php?rest_route=%2Fwp%2Fv2%2Fcomments&post=2124771"}],"version-history":[{"count":0,"href":"https:\/\/analyse.optim.biz\/index.php?rest_route=\/wp\/v2\/posts\/2124771\/revisions"}],"wp:attachment":[{"href":"https:\/\/analyse.optim.biz\/index.php?rest_route=%2Fwp%2Fv2%2Fmedia&parent=2124771"}],"wp:term":[{"taxonomy":"category","embeddable":true,"href":"https:\/\/analyse.optim.biz\/index.php?rest_route=%2Fwp%2Fv2%2Fcategories&post=2124771"},{"taxonomy":"post_tag","embeddable":true,"href":"https:\/\/analyse.optim.biz\/index.php?rest_route=%2Fwp%2Fv2%2Ftags&post=2124771"}],"curies":[{"name":"wp","href":"https:\/\/api.w.org\/{rel}","templated":true}]}}