{"id":2124770,"date":"2026-09-02T16:52:25","date_gmt":"2026-09-02T13:52:25","guid":{"rendered":"https:\/\/analyse.optim.biz\/?p=2124770"},"modified":"2026-09-02T16:52:25","modified_gmt":"2026-09-02T13:52:25","slug":"dmitri-medvedev-virulent-la-adresa-germaniei-merita-o-lovitura-directa-asupra-tuturor-fabricilor-de","status":"publish","type":"post","link":"https:\/\/analyse.optim.biz\/?p=2124770","title":{"rendered":"Dmitri Medvedev, virulent la adresa Germaniei: \u201eMerit\u0103 o lovitur\u0103 direct\u0103 asupra tuturor fabricilor de&#8230;"},"content":{"rendered":"<p>[analyse_image type=&#8221;featured&#8221; src=&#8221;https:\/\/cdn.adh.reperio.news\/image-4\/4831a8ed-637d-4ec1-9922-a2d4416a1b05\/index.jpeg?p=f%3Djpeg%26w%3D1200%26h%3D630%26r%3Dcover&#8221;]<\/p>\n<article class=\"svelte-x63bga\">\n<nav>\n<ul class=\"breadcrump svelte-1pk9a69\">\n<li class=\"svelte-1pk9a69\"><a href=\"https:\/\/adevarul.ro\/\" title=\"Adev\u0103rul\" class=\"svelte-1pk9a69\">Home<\/a><\/li>\n<li class=\"svelte-1pk9a69\"><a href=\"https:\/\/adevarul.ro\/stiri-externe\" class=\"svelte-1pk9a69\">\u0218tiri Externe<\/a><\/li>\n<li class=\"svelte-1pk9a69\"><a href=\"https:\/\/adevarul.ro\/stiri-externe\/rusia\" class=\"svelte-1pk9a69\">Rusia<\/a><\/li>\n<li class=\"svelte-1pk9a69\"><a href=\"https:\/\/adevarul.ro\/stiri-externe\/rusia\/dmitri-medvedev-virulent-la-adresa-germaniei-2553722.html\" class=\"svelte-1pk9a69\">Dmitri Medvedev, virulent la adresa Germaniei: \u201eMerit\u0103 o lovitur\u0103 direct\u0103 asupra tuturor fabricilor de echipament militar destinate Ucrainei\u201d<\/a><\/li>\n<\/ul>\n<\/nav>\n<p><main class=\"svelte-x63bga\"><\/p>\n<p>Fostul pre\u0219edinte al Rusiei, Dmitri Medvedev, a transmis miercuri, 2 septembrie, c\u0103 Germania\u00a0\u201e<i>merit\u0103 un atac direct asupra tuturor instala\u0163iilor germane care produc echipament militar\u201d<\/i> pentru Ucraina.<\/p>\n<div class=\"container-image  svelte-1xbw4f3\"><source type=\"image\/webp\" srcset=\"https:\/\/cdn.adh.reperio.news\/image-4\/4831a8ed-637d-4ec1-9922-a2d4416a1b05\/index.jpeg?p=a%3D1%26co%3D1.05%26w%3D1400%26h%3D750%26r%3Dcontain%26f%3Dwebp 1400w\" media=\"(min-width: 1400px)\" \/><\/p>\n<div class=\"caption svelte-1xbw4f3\"><span class=\"captionText svelte-1xbw4f3\">Dmitri Medvedev <span class=\"source svelte-1xbw4f3\">Foto: Zuma Press<\/span><\/span><\/div>\n<\/div>\n<p>\u00centr-o ie\u015fire furioas\u0103 pe Telegram, Medvedev a p\u0103rut, de asemenea, s\u0103 sugereze c\u0103 trenul care transport\u0103 lideri europeni la Kiev ar putea deveni \u0163inta unor atacuri ruse\u015fti, dac\u0103 Ucraina \u015fi-ar pune \u00een aplicare amenin\u0163\u0103rile privind \u00eenchiderea spa\u0163iului aerian deasupra Rusiei, scrie News.ro.<\/p>\n<p>\u201e<i>Berlinul a acuzat Rusia de un atac nedovedit asupra aeroportului din Leipzig. Av\u00e2nd \u00een vedere orientarea neonazist\u0103 \u015fi extrem de rusofob\u0103 a actualei conduceri a Germaniei, aceast\u0103 diversiune inventat\u0103 reprezint\u0103 cea mai u\u015foar\u0103 pedeaps\u0103 pentru p\u0103catele lor. <\/i><\/p>\n<p><i>Ei merit\u0103 o lovitur\u0103 direct\u0103 asupra tuturor fabricilor germane de echipament militar destinate clicii banderoviste. \u015ei, foarte probabil, \u015fi asupra altor locuri din Berlin<\/i>\u201d, a scris Dmitri Medvedev pe Telegram.<\/p>\n<p>Medvedev a afirmat c\u0103 Vladimir Putin a calificat deja amenin\u021b\u0103rile lui Zelenski la adresa avia\u021biei civile din Rusia drept o <i>\u201e\u00eencercare a regimului banderovist de a comite terorism de stat\u201d. <\/i><\/p>\n<p><i>\u201eCu terori\u015ftii nu se poart\u0103 negocieri, iar ac\u0163iunile lor sunt \u00eent\u00e2mpinate cu represalii. \u015ei, de asemenea, orice act de terorism are sponsori. \u00cen acest moment, ace\u015ftia sunt \u015fefii de stat din \u0163\u0103rile occidentale, \u00een primul r\u00e2nd din Europa. Iar ace\u015ftia c\u0103l\u0103toresc adesea la Kiev cu trenul\u2026&#8221;,<\/i> a men\u0163ionat Medvedev, l\u0103s\u00e2nd sugestiv puncte de suspensie la final.<\/p>\n<p><a href=\"https:\/\/adevarul.ro\/stiri-externe\/europa\/unde-sunt-dovezile-putin-respinge-acuzatiile-2553551.html\">Guvernul german a atribuit oficial Rusiei responsabilitatea pentru incidentul de la Leipzig<\/a>, \u00een care o dron\u0103 \u00eenc\u0103rcat\u0103 cu explozibili a fost descoperit\u0103 \u00een apropierea unui avion cargo ucrainean pe aeroportul Leipzig\/Halle.<\/p>\n<p>Berlinul a anun\u021bat ulterior o serie de m\u0103suri \u00eempotriva Moscovei. Printre acestea se num\u0103r\u0103 \u00eenchiderea Consulatului General al Rusiei din Bonn \u0219i renun\u021barea la planurile de construire a unui \u201eRussisches Haus\u201d \u2013 Casa a Rusiei \u2013 la Berlin.<\/p>\n<p>Putin a sugerat c\u0103 acuza\u021biile la adresa Moscovei ar avea leg\u0103tur\u0103 cu situa\u021bia politic\u0103 intern\u0103 dificil\u0103 din Germania.<\/p>\n<p><i>\u201eExist\u0103 probleme evidente \u00een economie, companiile se \u00eenchid, oamenii \u00ee\u0219i pierd locurile de munc\u0103, iar nivelul de trai scade. Nu este clar de ce se \u00eent\u00e2mpl\u0103 toate acestea. Singura explica\u021bie ar fi c\u0103 trebuie s\u0103 se opun\u0103 Rusiei agresive. Dar unde sunt dovezile?<\/i>\u201d, a declarat Putin.<\/p>\n<p><\/main><\/p>\n<footer class=\"svelte-x63bga\">\n<div class=\"related-wrap related-footer svelte-78g0vl\"><span class=\"related-label svelte-78g0vl\">Cite\u0219te \u0219i<\/span><a class=\"related svelte-78g0vl\" data-gtrack=\"{&quot;event&quot;:&quot;utm_click&quot;,&quot;data&quot;:{&quot;event_category&quot;:&quot;article_related&quot;}}\" href=\"https:\/\/adevarul.ro\/blogurile-adevarul\/germania-inchide-consulatul-rus-din-bonn-2553476.html\" title=\"Alt articol de interes pentru tine\"><img decoding=\"async\" class=\"thumb svelte-78g0vl\" src=\"https:\/\/cdn.adh.reperio.news\/image-a\/a322e760-7e1e-42ae-9be6-aaf0e09c18a4\/index.webp?p=f%3Dwebp%26w%3D120%26h%3D80%26r%3Dcover%26a%3D0\" alt loading=\"lazy\" width=\"80\" height=\"54\"><span class=\"title svelte-78g0vl\">Germania \u00eenchide consulatul rus din Bonn<\/span><\/a><a class=\"related svelte-78g0vl\" data-gtrack=\"{&quot;event&quot;:&quot;utm_click&quot;,&quot;data&quot;:{&quot;event_category&quot;:&quot;article_related&quot;}}\" href=\"https:\/\/adevarul.ro\/stiri-externe\/europa\/germania-acuza-oficial-rusia-pentru-incidentul-cu-2553486.html\" title=\"Alt articol de interes pentru tine\"><img decoding=\"async\" class=\"thumb svelte-78g0vl\" src=\"https:\/\/cdn.adh.reperio.news\/image-7\/7474278e-1b26-4e3e-87e2-7e1676ecb1f7\/index.jpeg?p=f%3Dwebp%26w%3D120%26h%3D80%26r%3Dcover%26a%3D0\" alt loading=\"lazy\" width=\"80\" height=\"54\"><span class=\"title svelte-78g0vl\">Germania acuz\u0103 oficial Rusia pentru incidentul cu drona de la aeroportul Leipzig: \u201eUrmeaz\u0103 tiparul bine stabilit\u201d<\/span><\/a><a class=\"related svelte-78g0vl\" data-gtrack=\"{&quot;event&quot;:&quot;utm_click&quot;,&quot;data&quot;:{&quot;event_category&quot;:&quot;article_related&quot;}}\" href=\"https:\/\/adevarul.ro\/stiri-externe\/europa\/unde-sunt-dovezile-putin-respinge-acuzatiile-2553551.html\" title=\"Alt articol de interes pentru tine\"><img decoding=\"async\" class=\"thumb svelte-78g0vl\" src=\"https:\/\/cdn.adh.reperio.news\/image-7\/7474278e-1b26-4e3e-87e2-7e1676ecb1f7\/index.jpeg?p=f%3Dwebp%26w%3D120%26h%3D80%26r%3Dcover%26a%3D0\" alt loading=\"lazy\" width=\"80\" height=\"54\"><span class=\"title svelte-78g0vl\">\u201eUnde sunt dovezile?\u201d Putin respinge acuza\u021biile Germaniei privind incidentul cu drona de pe aeroportul din Leipzig<\/span><\/a><\/div>\n<div class=\"meta svelte-x63bga\">\n<div class=\"authors svelte-x63bga\"><span class=\"names svelte-x63bga\"><a href=\"https:\/\/adevarul.ro\/author\/2070\" rel=\"author\" class=\"svelte-x63bga\">Narcis Ghiurca<\/a><\/span><\/p>\n<div class=\"_hydratable\" data-props=\"%7B%22showLive%22%3Atrue%7D\" data-context=\"%7B%22parentBlockColumnCount%22%3A%7B%22value%22%3A0%2C%22type%22%3A%22store%2Freadable%22%7D%2C%22parentBlockBackgroundColor%22%3A%7B%22type%22%3A%22store%2Freadable%22%7D%7D\" data-component=\"ShareButton\">\n<div class=\"shareButtons svelte-itwbrr\">\n<div class=\"liveSessions metaFont svelte-1maxmbf\"><span class=\"value svelte-1maxmbf\">1<\/span> live <\/div>\n<\/div>\n<\/div>\n<\/div>\n<div class=\"tags svelte-1l3vwp1\"><span class=\"tags-label metaFont svelte-1l3vwp1\">Cite\u0219te mai multe despre<\/span><\/p>\n<div class=\"tags-list svelte-1l3vwp1\"><a href=\"https:\/\/adevarul.ro\/tag\/rusia\" title=\"Ultimele \u0219tiri despre rusia\" class=\"tag-pill svelte-1l3vwp1\">rusia<\/a><a href=\"https:\/\/adevarul.ro\/tag\/germania\" title=\"Ultimele \u0219tiri despre germania\" class=\"tag-pill svelte-1l3vwp1\">germania<\/a><a href=\"https:\/\/adevarul.ro\/tag\/dmitri%20medvedev\" title=\"Ultimele \u0219tiri despre dmitri medvedev\" class=\"tag-pill svelte-1l3vwp1\">dmitri medvedev<\/a><\/div>\n<\/div>\n<\/div>\n<p><a class=\"moreFromCategory svelte-x63bga\" href=\"https:\/\/adevarul.ro\/stiri-externe\/rusia\" title=\"Rusia\">Mai multe din <strong class=\"svelte-x63bga\">Rusia<\/strong> \u203a<\/a><\/footer>\n<\/article>\n<p>[analyse_source url=&#8221;https:\/\/adevarul.ro\/stiri-externe\/rusia\/dmitri-medvedev-virulent-la-adresa-germaniei-2553722.html&#8221;]<\/p>\n","protected":false},"excerpt":{"rendered":"<p>[analyse_image type=&#8221;featured&#8221; src=&#8221;https:\/\/cdn.adh.reperio.news\/image-4\/4831a8ed-637d-4ec1-9922-a2d4416a1b05\/index.jpeg?p=f%3Djpeg%26w%3D1200%26h%3D630%26r%3Dcover&#8221;] Home \u0218tiri Externe Rusia Dmitri Medvedev, virulent la adresa Germaniei: \u201eMerit\u0103 o lovitur\u0103 direct\u0103 asupra tuturor fabricilor de echipament militar destinate Ucrainei\u201d Fostul pre\u0219edinte al Rusiei, Dmitri Medvedev, a transmis miercuri, 2 septembrie, c\u0103 Germania\u00a0\u201emerit\u0103 un atac direct asupra tuturor instala\u0163iilor germane care produc echipament militar\u201d pentru Ucraina. Dmitri Medvedev Foto: Zuma [&hellip;]<\/p>\n","protected":false},"author":1,"featured_media":0,"comment_status":"open","ping_status":"","sticky":false,"template":"","format":"standard","meta":{"footnotes":""},"categories":[89],"tags":[19,226],"class_list":["post-2124770","post","type-post","status-publish","format-standard","hentry","category-romania","tag-adevarul","tag-crawlmanager"],"_links":{"self":[{"href":"https:\/\/analyse.optim.biz\/index.php?rest_route=\/wp\/v2\/posts\/2124770","targetHints":{"allow":["GET"]}}],"collection":[{"href":"https:\/\/analyse.optim.biz\/index.php?rest_route=\/wp\/v2\/posts"}],"about":[{"href":"https:\/\/analyse.optim.biz\/index.php?rest_route=\/wp\/v2\/types\/post"}],"author":[{"embeddable":true,"href":"https:\/\/analyse.optim.biz\/index.php?rest_route=\/wp\/v2\/users\/1"}],"replies":[{"embeddable":true,"href":"https:\/\/analyse.optim.biz\/index.php?rest_route=%2Fwp%2Fv2%2Fcomments&post=2124770"}],"version-history":[{"count":0,"href":"https:\/\/analyse.optim.biz\/index.php?rest_route=\/wp\/v2\/posts\/2124770\/revisions"}],"wp:attachment":[{"href":"https:\/\/analyse.optim.biz\/index.php?rest_route=%2Fwp%2Fv2%2Fmedia&parent=2124770"}],"wp:term":[{"taxonomy":"category","embeddable":true,"href":"https:\/\/analyse.optim.biz\/index.php?rest_route=%2Fwp%2Fv2%2Fcategories&post=2124770"},{"taxonomy":"post_tag","embeddable":true,"href":"https:\/\/analyse.optim.biz\/index.php?rest_route=%2Fwp%2Fv2%2Ftags&post=2124770"}],"curies":[{"name":"wp","href":"https:\/\/api.w.org\/{rel}","templated":true}]}}