{"id":2124769,"date":"2026-09-02T00:00:00","date_gmt":"2026-09-01T21:00:00","guid":{"rendered":"https:\/\/analyse.optim.biz\/?p=2124769"},"modified":"2026-09-02T00:00:00","modified_gmt":"2026-09-01T21:00:00","slug":"nicusor-dan-o-felicita-pe-noua-presedinta-a-estoniei-suntem-legati-de-o-responsabilitate-comuna-pentru-securitatea-regiunii","status":"publish","type":"post","link":"https:\/\/analyse.optim.biz\/?p=2124769","title":{"rendered":"Nicu\u0219or Dan o felicit\u0103 pe noua pre\u0219edint\u0103 a Estoniei: Suntem lega\u021bi de o responsabilitate comun\u0103 pentru securitatea regiunii"},"content":{"rendered":"<p>[analyse_image type=&#8221;featured&#8221; src=&#8221;https:\/\/foto.agerpres.ro\/foto\/detaliu\/19605516&#8243;]<\/p>\n<div class=\"mx-auto pt-3\">\n<p>Pre\u0219edintele Nicu\u0219or Dan a felicitat-o, miercuri, pe Ulle Madise, dup\u0103 <a href=\"https:\/\/agerpres.ro\/2026\/09\/02\/estonia-alege-in-functia-de-presedinte-al-tarii-pe-ulle-madise-o-avocata-aparatoare-a-drepturilor-om--1590014\" target=\"_blank\">alegerea acesteia \u00een func\u021bia de pre\u0219edint\u0103 a Estoniei<\/a>, \u0219i a subliniat c\u0103 Rom\u00e2nia \u0219i \u021bara baltic\u0103 sunt parteneri apropia\u021bi \u0219i \u00eemp\u0103rt\u0103\u0219esc o responsabilitate comun\u0103 pentru securitatea regiunii.<\/p>\n<p>&#8216;Felicit\u0103ri, Ulle Madise, pentru c\u0103 a\u021bi fost aleas\u0103 pre\u0219edint\u0103 a Estoniei! Rom\u00e2nia \u0219i Estonia sunt parteneri europeni apropia\u021bi \u0219i alia\u021bi NATO, lega\u021bi de o responsabilitate comun\u0103 pentru securitatea regiunii noastre \u0219i a Flancului estic, de la Marea Baltic\u0103 p\u00e2n\u0103 la Marea Neagr\u0103. A\u0219tept s\u0103 lucr\u0103m \u00eendeaproape, \u00een scopul de a aprofunda parteneriatul nostru, pentru securitatea \u0219i prosperitatea popoarelor noastre&#8217;, a scris Nicu\u0219or Dan.<\/p>\n<p>Ulle Madise, avocat \u0219i cancelar al justi\u021biei, a fost aleas\u0103 miercuri pre\u0219edint\u0103 a Estoniei de c\u0103tre Riigikogu, Parlamentul de la Tallinn, devenind a doua femeie care ocup\u0103 aceast\u0103 func\u021bie, potrivit EFE. \u00cen urma alegerii prin vot secret, Ulle Madise a primit 71 de voturi \u00eentr-o camer\u0103 compus\u0103 din 101 membri.<\/p>\n<p>\u00cenaintea votului, \u00een discursul adresat parlamentarilor, noua pre\u0219edint\u0103 a Estoniei a subliniat valorile solidarit\u0103\u021bii \u0219i \u00eencrederii \u0219i a afirmat c\u0103 inclusiv o na\u021biune mic\u0103 poate aspira la m\u0103re\u021bie.<\/p>\n<p>&#8216;To\u021bi trebuie s\u0103 aib\u0103 \u0219ansa s\u0103 simt\u0103 c\u0103 sunt valoro\u0219i \u0219i c\u0103 munca, via\u021ba \u0219i crea\u021bia lor conteaz\u0103 \u00een aceea\u0219i m\u0103sur\u0103&#8217;, a spus ea. AGERPRES\/(AS &#8211; redactor: Oana Ghi\u021b\u0103, editor: Mihai Simionescu, editor online: Anda Badea)<\/p>\n<\/div>\n<div class=\"mx-auto pt-3\">\n                                Afisari: 295\n                            <\/div>\n<p>[analyse_source url=&#8221;https:\/\/agerpres.ro\/politic\/2026\/09\/02\/nicusor-dan-o-felicita-pe-noua-presedinta-a-estoniei-suntem-legati-de-o-responsabilitate-comuna-pent&#8211;1590134&#8243;]<\/p>\n","protected":false},"excerpt":{"rendered":"<p>[analyse_image type=&#8221;featured&#8221; src=&#8221;https:\/\/foto.agerpres.ro\/foto\/detaliu\/19605516&#8243;] Pre\u0219edintele Nicu\u0219or Dan a felicitat-o, miercuri, pe Ulle Madise, dup\u0103 alegerea acesteia \u00een func\u021bia de pre\u0219edint\u0103 a Estoniei, \u0219i a subliniat c\u0103 Rom\u00e2nia \u0219i \u021bara baltic\u0103 sunt parteneri apropia\u021bi \u0219i \u00eemp\u0103rt\u0103\u0219esc o responsabilitate comun\u0103 pentru securitatea regiunii. &#8216;Felicit\u0103ri, Ulle Madise, pentru c\u0103 a\u021bi fost aleas\u0103 pre\u0219edint\u0103 a Estoniei! Rom\u00e2nia \u0219i Estonia sunt [&hellip;]<\/p>\n","protected":false},"author":1,"featured_media":0,"comment_status":"open","ping_status":"","sticky":false,"template":"","format":"standard","meta":{"footnotes":""},"categories":[2],"tags":[37,226],"class_list":["post-2124769","post","type-post","status-publish","format-standard","hentry","category-politics","tag-agerpres-ro","tag-crawlmanager"],"_links":{"self":[{"href":"https:\/\/analyse.optim.biz\/index.php?rest_route=\/wp\/v2\/posts\/2124769","targetHints":{"allow":["GET"]}}],"collection":[{"href":"https:\/\/analyse.optim.biz\/index.php?rest_route=\/wp\/v2\/posts"}],"about":[{"href":"https:\/\/analyse.optim.biz\/index.php?rest_route=\/wp\/v2\/types\/post"}],"author":[{"embeddable":true,"href":"https:\/\/analyse.optim.biz\/index.php?rest_route=\/wp\/v2\/users\/1"}],"replies":[{"embeddable":true,"href":"https:\/\/analyse.optim.biz\/index.php?rest_route=%2Fwp%2Fv2%2Fcomments&post=2124769"}],"version-history":[{"count":0,"href":"https:\/\/analyse.optim.biz\/index.php?rest_route=\/wp\/v2\/posts\/2124769\/revisions"}],"wp:attachment":[{"href":"https:\/\/analyse.optim.biz\/index.php?rest_route=%2Fwp%2Fv2%2Fmedia&parent=2124769"}],"wp:term":[{"taxonomy":"category","embeddable":true,"href":"https:\/\/analyse.optim.biz\/index.php?rest_route=%2Fwp%2Fv2%2Fcategories&post=2124769"},{"taxonomy":"post_tag","embeddable":true,"href":"https:\/\/analyse.optim.biz\/index.php?rest_route=%2Fwp%2Fv2%2Ftags&post=2124769"}],"curies":[{"name":"wp","href":"https:\/\/api.w.org\/{rel}","templated":true}]}}