{"id":2124766,"date":"2026-09-02T16:29:21","date_gmt":"2026-09-02T13:29:21","guid":{"rendered":"https:\/\/analyse.optim.biz\/?p=2124766"},"modified":"2026-09-02T16:29:21","modified_gmt":"2026-09-02T13:29:21","slug":"estonia-are-un-nou-presedinte-ulle-madise-a-doua-femeie-care-ocupa-functia-nicusor-dan-suntem","status":"publish","type":"post","link":"https:\/\/analyse.optim.biz\/?p=2124766","title":{"rendered":"Estonia are un nou pre\u0219edinte: \u00dclle Madise, a doua femeie care ocup\u0103 func\u021bia. Nicu\u0219or Dan: \u201eSuntem&#8230;"},"content":{"rendered":"<p>[analyse_image type=&#8221;featured&#8221; src=&#8221;https:\/\/cdn.adh.reperio.news\/image-3\/3f461a34-850d-43c7-8621-b88b50af7427\/index.png?p=f%3Djpeg%26w%3D1200%26h%3D630%26r%3Dcover&#8221;]<\/p>\n<article class=\"svelte-x63bga\">\n<nav>\n<ul class=\"breadcrump svelte-1pk9a69\">\n<li class=\"svelte-1pk9a69\"><a href=\"https:\/\/adevarul.ro\/\" title=\"Adev\u0103rul\" class=\"svelte-1pk9a69\">Home<\/a><\/li>\n<li class=\"svelte-1pk9a69\"><a href=\"https:\/\/adevarul.ro\/stiri-externe\" class=\"svelte-1pk9a69\">\u0218tiri Externe<\/a><\/li>\n<li class=\"svelte-1pk9a69\"><a href=\"https:\/\/adevarul.ro\/stiri-externe\/europa\" class=\"svelte-1pk9a69\">Europa<\/a><\/li>\n<li class=\"svelte-1pk9a69\"><a href=\"https:\/\/adevarul.ro\/stiri-externe\/europa\/estonia-are-un-nou-presedinte-ulle-madise-a-doua-2553716.html\" class=\"svelte-1pk9a69\">Estonia are un nou pre\u0219edinte: \u00dclle Madise, a doua femeie care ocup\u0103 func\u021bia. Nicu\u0219or Dan: \u201eSuntem parteneri europeni apropia\u021bi\u201d<\/a><\/li>\n<\/ul>\n<\/nav>\n<p><main class=\"svelte-x63bga\"><\/p>\n<p>Parlamentul Estoniei a ales-o miercuri, 2 septembrie, pe \u00dclle Madise ca viitor pre\u015fedinte al \u021b\u0103rii, devenind astfel astfel a doua femeie care ocup\u0103 aceast\u0103 func\u0163ie, \u00een mare parte ceremonial\u0103.<\/p>\n<div class=\"container-image  svelte-1xbw4f3\"><source type=\"image\/webp\" srcset=\"https:\/\/cdn.adh.reperio.news\/image-3\/3f461a34-850d-43c7-8621-b88b50af7427\/index.png?p=a%3D1%26co%3D1.05%26w%3D1400%26h%3D750%26r%3Dcontain%26f%3Dwebp 1400w\" media=\"(min-width: 1400px)\" \/><\/p>\n<div class=\"caption svelte-1xbw4f3\"><span class=\"captionText svelte-1xbw4f3\">\u00dclle Madise <span class=\"source svelte-1xbw4f3\">Foto: X@AlarKaris<\/span><\/span><\/div>\n<\/div>\n<p>Potrivit\u00a0<a href=\"https:\/\/www.news.ro\/externe\/estonia-a-ales-o-pe-lle-madise-ca-nou-presedinte-al-tarii-ea-devine-a-doua-femeie-care-va-ocupa-aceasta-functie-la-tallinn-1922405702252026091722688344\" rel=\"nofollow\">News.ro<\/a>, \u00dclle Madise, \u00een v\u00e2rst\u0103 de 51 de ani, este cancelarul pentru Justi\u021bie al Estoniei din 2015, func\u021bie care include \u0219i atribu\u021bii de ombudsman, iar ea va ocupa func\u021bia de pre\u0219edinte pentru urm\u0103torii cinci ani.<\/p>\n<p>Estonia, o \u0163ar\u0103 de 1,4 milioane de locuitori care se \u00eenvecineaz\u0103 cu Rusia, se num\u0103r\u0103 printre cei mai ferven\u0163i sus\u0163in\u0103tori ai Ucrainei \u015fi critici ai Moscovei din cadrul NATO \u015fi al Uniunii Europene. Estonia a devenit una dintre \u0163\u0103rile cu cele mai mari cheltuieli militare, aloc\u00e2nd \u00een acest an 5,4% din produsul intern brut pentru ap\u0103rare.<\/p>\n<p><a href=\"https:\/\/adevarul.ro\/stiri-externe\/o-tara-nato-veriga-slaba-care-a-dus-la-vizita-2552623.html\">\u00cen Estonia,<\/a>\u00a0pre\u0219edintele este ales de parlament, iar \u00dclle Madise a fost singurul candidat. Ea a fost aleas\u0103 din primul tur cu 71 de voturi din 78 \u0219i \u00eei succede lui Alar Karis, care nu a mai candidat pentru un al doilea mandat. Madise \u00ee\u0219i va prelua func\u021bia pe 12 octombrie, c\u00e2nd va depune jur\u0103m\u00e2ntul. <\/p>\n<p>Ea va fi a doua femeie pre\u0219edinte a Estoniei, dup\u0103 Kersti Kaljulaid.<\/p>\n<p>Pre\u0219edintele Nicu\u0219or Dan a felicitat-o \u00eentr-o postare pe X.<\/p>\n<p><i>\u201eFelicit\u0103ri, \u00dclle Madise, pentru alegerea dumneavoastr\u0103 \u00een func\u021bia de pre\u0219edinte al Estoniei! Rom\u00e2nia \u0219i Estonia sunt parteneri europeni apropia\u021bi \u0219i alia\u021bi \u00een cadrul NATO, uni\u021bi de responsabilitatea comun\u0103 pentru securitatea regiunii noastre \u0219i a flancului estic al NATO, de la Marea Baltic\u0103 la Marea Neagr\u0103. <\/i><\/p>\n<p><i>A\u0219tept cu ner\u0103bdare s\u0103 lucr\u0103m \u00eendeaproape \u00eempreun\u0103 pentru aprofundarea parteneriatului dintre \u021b\u0103rile noastre, \u00een beneficiul securit\u0103\u021bii \u0219i prosperit\u0103\u021bii popoarelor noastre\u201d, <\/i>a transmis acesta.<\/p>\n<div class=\"_hydratable\" data-props=\"%7B%22data%22%3A%7B%22caption%22%3A%22%22%2C%22embed%22%3A%22https%3A%2F%2Ftwitframe.reperio.news%3Furl%3Dhttps%3A%2F%2Ftwitter.com%2FNicusorDanRO%2Fstatus%2F2095156003981369636%22%2C%22height%22%3A300%2C%22measured_height%22%3A375%2C%22service%22%3A%22x%22%2C%22source%22%3A%22https%3A%2F%2Fx.com%2FNicusorDanRO%2Fstatus%2F2095156003981369636%22%2C%22width%22%3A600%7D%2C%22id%22%3A%22tlO9oJkZrl%22%2C%22type%22%3A%22embed%22%2C%22lines%22%3A10%2C%22linesAbove%22%3A58%2C%22index%22%3A9%2C%22paragraphsAbove%22%3A8%2C%22percentage%22%3A1%2C%22linesBellow%22%3A0%7D\" data-context=\"%7B%22parentBlockColumnCount%22%3A%7B%22value%22%3A0%2C%22type%22%3A%22store%2Freadable%22%7D%2C%22parentBlockBackgroundColor%22%3A%7B%22type%22%3A%22store%2Freadable%22%7D%7D\" data-component=\"EditorEmbedViewDefault\">\n<div class=\"container-embed svelte-1petmjv\"><\/div>\n<\/div>\n<p><\/main><\/p>\n<footer class=\"svelte-x63bga\">\n<div class=\"related-wrap related-footer svelte-78g0vl\"><span class=\"related-label svelte-78g0vl\">Cite\u0219te \u0219i<\/span><a class=\"related svelte-78g0vl\" data-gtrack=\"{&quot;event&quot;:&quot;utm_click&quot;,&quot;data&quot;:{&quot;event_category&quot;:&quot;article_related&quot;}}\" href=\"https:\/\/adevarul.ro\/stiri-interne\/evenimente\/lectie-pentru-romania-cum-a-devenit-o-tara-cat-3-2541377.html\" title=\"Alt articol de interes pentru tine\"><img decoding=\"async\" class=\"thumb svelte-78g0vl\" src=\"https:\/\/cdn.adh.reperio.news\/image-5\/5c8c2e76-9531-4145-b1e1-2911de44fa3b\/index.jpeg?p=f%3Dwebp%26w%3D120%26h%3D80%26r%3Dcover%26a%3D0\" alt loading=\"lazy\" width=\"80\" height=\"54\"><span class=\"title svelte-78g0vl\">Lec\u021bie pentru Rom\u00e2nia. Cum a devenit o \u021bar\u0103 c\u00e2t 3 jude\u021be creierul NATO \u00een ap\u0103rarea cibernetic\u0103 \u0219i digitalizare \u0219i spaima hackerilor ru\u0219i<\/span><\/a><a class=\"related svelte-78g0vl\" data-gtrack=\"{&quot;event&quot;:&quot;utm_click&quot;,&quot;data&quot;:{&quot;event_category&quot;:&quot;article_related&quot;}}\" href=\"https:\/\/adevarul.ro\/stiri-externe\/europa\/fortareata-baltica-cum-se-baricadeaza-estonia-in-2542573.html\" title=\"Alt articol de interes pentru tine\"><img decoding=\"async\" class=\"thumb svelte-78g0vl\" src=\"https:\/\/cdn.adh.reperio.news\/image-6\/60b05bec-1fb8-49dd-ad5d-0a62c936adce\/index.png?p=f%3Dwebp%26w%3D120%26h%3D80%26r%3Dcover%26a%3D0\" alt loading=\"lazy\" width=\"80\" height=\"54\"><span class=\"title svelte-78g0vl\">Fort\u0103rea\u021ba Baltic\u0103: Cum se baricadeaz\u0103 Estonia \u00een fa\u021ba Rusiei<\/span><\/a><a class=\"related svelte-78g0vl\" data-gtrack=\"{&quot;event&quot;:&quot;utm_click&quot;,&quot;data&quot;:{&quot;event_category&quot;:&quot;article_related&quot;}}\" href=\"https:\/\/adevarul.ro\/stiri-externe\/o-tara-nato-veriga-slaba-care-a-dus-la-vizita-2552623.html\" title=\"Alt articol de interes pentru tine\"><img decoding=\"async\" class=\"thumb svelte-78g0vl\" src=\"https:\/\/cdn.adh.reperio.news\/image-2\/26262b95-178b-4c9f-8b8f-186f32bd943a\/index.jpeg?p=f%3Dwebp%26w%3D120%26h%3D80%26r%3Dcover%26a%3D0\" alt loading=\"lazy\" width=\"80\" height=\"54\"><span class=\"title svelte-78g0vl\">O \u021bar\u0103 NATO, veriga slab\u0103 care a dus la vizita sefului CIA la Kremlin. \u0218antajul lui Putin: \u201e\u00cenceta\u021bi s\u0103 ajuta\u021bi Ucraina, iar noi ne oprim unde suntem\u201d<\/span><\/a><\/div>\n<div class=\"meta svelte-x63bga\">\n<div class=\"authors svelte-x63bga\"><span class=\"names svelte-x63bga\"><a href=\"https:\/\/adevarul.ro\/author\/2070\" rel=\"author\" class=\"svelte-x63bga\">Narcis Ghiurca<\/a><\/span><\/p>\n<div class=\"_hydratable\" data-props=\"%7B%22showLive%22%3Atrue%7D\" data-context=\"%7B%22parentBlockColumnCount%22%3A%7B%22value%22%3A0%2C%22type%22%3A%22store%2Freadable%22%7D%2C%22parentBlockBackgroundColor%22%3A%7B%22type%22%3A%22store%2Freadable%22%7D%7D\" data-component=\"ShareButton\">\n<div class=\"shareButtons svelte-itwbrr\">\n<div class=\"liveSessions metaFont svelte-1maxmbf\"><span class=\"value svelte-1maxmbf\">1<\/span> live <\/div>\n<\/div>\n<\/div>\n<\/div>\n<div class=\"tags svelte-1l3vwp1\"><span class=\"tags-label metaFont svelte-1l3vwp1\">Cite\u0219te mai multe despre<\/span><\/p>\n<div class=\"tags-list svelte-1l3vwp1\"><a href=\"https:\/\/adevarul.ro\/tag\/estonia\" title=\"Ultimele \u0219tiri despre estonia\" class=\"tag-pill svelte-1l3vwp1\">estonia<\/a><a href=\"https:\/\/adevarul.ro\/tag\/presedintele%20estoniei\" title=\"Ultimele \u0219tiri despre presedintele estoniei\" class=\"tag-pill svelte-1l3vwp1\">presedintele estoniei<\/a><\/div>\n<\/div>\n<\/div>\n<p><a class=\"moreFromCategory svelte-x63bga\" href=\"https:\/\/adevarul.ro\/stiri-externe\/europa\" title=\"Europa\">Mai multe din <strong class=\"svelte-x63bga\">Europa<\/strong> \u203a<\/a><\/footer>\n<\/article>\n<p>[analyse_source url=&#8221;https:\/\/adevarul.ro\/stiri-externe\/europa\/estonia-are-un-nou-presedinte-ulle-madise-a-doua-2553716.html&#8221;]<\/p>\n","protected":false},"excerpt":{"rendered":"<p>[analyse_image type=&#8221;featured&#8221; src=&#8221;https:\/\/cdn.adh.reperio.news\/image-3\/3f461a34-850d-43c7-8621-b88b50af7427\/index.png?p=f%3Djpeg%26w%3D1200%26h%3D630%26r%3Dcover&#8221;] Home \u0218tiri Externe Europa Estonia are un nou pre\u0219edinte: \u00dclle Madise, a doua femeie care ocup\u0103 func\u021bia. Nicu\u0219or Dan: \u201eSuntem parteneri europeni apropia\u021bi\u201d Parlamentul Estoniei a ales-o miercuri, 2 septembrie, pe \u00dclle Madise ca viitor pre\u015fedinte al \u021b\u0103rii, devenind astfel astfel a doua femeie care ocup\u0103 aceast\u0103 func\u0163ie, \u00een mare parte ceremonial\u0103. [&hellip;]<\/p>\n","protected":false},"author":1,"featured_media":0,"comment_status":"open","ping_status":"","sticky":false,"template":"","format":"standard","meta":{"footnotes":""},"categories":[89],"tags":[19,226],"class_list":["post-2124766","post","type-post","status-publish","format-standard","hentry","category-romania","tag-adevarul","tag-crawlmanager"],"_links":{"self":[{"href":"https:\/\/analyse.optim.biz\/index.php?rest_route=\/wp\/v2\/posts\/2124766","targetHints":{"allow":["GET"]}}],"collection":[{"href":"https:\/\/analyse.optim.biz\/index.php?rest_route=\/wp\/v2\/posts"}],"about":[{"href":"https:\/\/analyse.optim.biz\/index.php?rest_route=\/wp\/v2\/types\/post"}],"author":[{"embeddable":true,"href":"https:\/\/analyse.optim.biz\/index.php?rest_route=\/wp\/v2\/users\/1"}],"replies":[{"embeddable":true,"href":"https:\/\/analyse.optim.biz\/index.php?rest_route=%2Fwp%2Fv2%2Fcomments&post=2124766"}],"version-history":[{"count":0,"href":"https:\/\/analyse.optim.biz\/index.php?rest_route=\/wp\/v2\/posts\/2124766\/revisions"}],"wp:attachment":[{"href":"https:\/\/analyse.optim.biz\/index.php?rest_route=%2Fwp%2Fv2%2Fmedia&parent=2124766"}],"wp:term":[{"taxonomy":"category","embeddable":true,"href":"https:\/\/analyse.optim.biz\/index.php?rest_route=%2Fwp%2Fv2%2Fcategories&post=2124766"},{"taxonomy":"post_tag","embeddable":true,"href":"https:\/\/analyse.optim.biz\/index.php?rest_route=%2Fwp%2Fv2%2Ftags&post=2124766"}],"curies":[{"name":"wp","href":"https:\/\/api.w.org\/{rel}","templated":true}]}}