{"id":2124764,"date":"2026-09-02T15:40:20","date_gmt":"2026-09-02T12:40:20","guid":{"rendered":"https:\/\/analyse.optim.biz\/?p=2124764"},"modified":"2026-09-02T15:40:20","modified_gmt":"2026-09-02T12:40:20","slug":"germania-pregateste-noi-livrari-de-arme-pentru-ucraina-dupa-incidentul-de-la-leipzig-dmitri-medvedev","status":"publish","type":"post","link":"https:\/\/analyse.optim.biz\/?p=2124764","title":{"rendered":"Germania preg\u0103te\u0219te noi livr\u0103ri de arme pentru Ucraina dup\u0103 incidentul de la Leipzig. Dmitri Medvedev&#8230;"},"content":{"rendered":"<p>[analyse_image type=&#8221;featured&#8221; src=&#8221;https:\/\/cdn.adh.reperio.news\/image-7\/7e8b9782-6c55-4732-be5a-9df3734b0a89\/index.jpeg?p=f%3Djpeg%26w%3D1200%26h%3D630%26r%3Dcover&#8221;]<\/p>\n<article class=\"svelte-x63bga\">\n<nav>\n<ul class=\"breadcrump svelte-1pk9a69\">\n<li class=\"svelte-1pk9a69\"><a href=\"https:\/\/adevarul.ro\/\" title=\"Adev\u0103rul\" class=\"svelte-1pk9a69\">Home<\/a><\/li>\n<li class=\"svelte-1pk9a69\"><a href=\"https:\/\/adevarul.ro\/stiri-externe\" class=\"svelte-1pk9a69\">\u0218tiri Externe<\/a><\/li>\n<li class=\"svelte-1pk9a69\"><a href=\"https:\/\/adevarul.ro\/stiri-externe\/europa\" class=\"svelte-1pk9a69\">Europa<\/a><\/li>\n<li class=\"svelte-1pk9a69\"><a href=\"https:\/\/adevarul.ro\/stiri-externe\/europa\/germania-pregateste-noi-livrari-de-arme-pentru-2553706.html\" class=\"svelte-1pk9a69\">Germania preg\u0103te\u0219te noi livr\u0103ri de arme pentru Ucraina dup\u0103 incidentul de la Leipzig. Dmitri Medvedev amenin\u021b\u0103 Berlinul<\/a><\/li>\n<\/ul>\n<\/nav>\n<p><main class=\"svelte-x63bga\"><\/p>\n<p>Germania inten\u021bioneaz\u0103 s\u0103-\u0219i intensifice sprijinul militar pentru Ucraina dup\u0103 incidentul cu drone de la aeroportul Leipzig\/Halle, pe care autorit\u0103\u021bile germane \u00eel atribuie Rusiei. Decizia Berlinului a provocat o reac\u021bie dur\u0103 la Moscova.<\/p>\n<div class=\"container-image  svelte-1xbw4f3\"><source type=\"image\/webp\" srcset=\"https:\/\/cdn.adh.reperio.news\/image-7\/7e8b9782-6c55-4732-be5a-9df3734b0a89\/index.jpeg?p=a%3D1%26co%3D1.05%26w%3D1400%26h%3D750%26r%3Dcontain%26f%3Dwebp 1400w\" media=\"(min-width: 1400px)\" \/><\/p>\n<div class=\"caption svelte-1xbw4f3\"><span class=\"captionText svelte-1xbw4f3\">Rachete IRIS-T \/GOTO:Getty Images <\/span><\/div>\n<\/div>\n<p>Berlinul ar urma s\u0103 livreze Kievului, \u00een septembrie, rachete suplimentare pentru sistemele de ap\u0103rare antiaerian\u0103 IRIS-T \u0219i c\u00e2teva mii de drone de atac. \u00cen paralel, guvernul german preg\u0103te\u0219te noi sanc\u021biuni \u00eempotriva Moscovei \u0219i vrea s\u0103 consolideze cooperarea \u00een domeniul informa\u021biilor cu Ucraina.<\/p>\n<p>Potrivit publica\u021biei t-online, care citeaz\u0103 o surs\u0103 din guvernul german, rachetele IRIS-T vor fi livrate \u00een cursul acestei luni, iar dronele ar urma s\u0103 ajung\u0103 \u00een Ucraina \u201e\u00een cel mai scurt timp\u201d. Nu au fost oferite informa\u021bii despre modelele exacte de drone care vor fi furnizate.<\/p>\n<p>Guvernul german inten\u021bioneaz\u0103, de asemenea, s\u0103 intensifice schimbul de informa\u021bii cu Ucraina \u00een urma incidentului de la Leipzig.<\/p>\n<p>Potrivit informa\u021biilor citate de presa german\u0103, cancelarul Friedrich Merz a avut un rol important \u00een decizia Berlinului de a considera Rusia responsabil\u0103 pentru tentativa de atac \u0219i \u00een stabilirea m\u0103surilor de r\u0103spuns.<\/p>\n<p>\u201e\u00cen ultimele luni, Ucraina a ob\u021binut succese militare semnificative, \u00een mare parte datorit\u0103 sprijinului german. Trebuie s\u0103 fim preg\u0103ti\u021bi pentru noi atacuri hibride din partea Rusiei, inclusiv pentru unele care ar putea duce la escaladare\u201d, se arat\u0103 \u00een mesajul guvernului.<\/p>\n<h2>Germania acuz\u0103 Rusia \u00een cazul incidentului de la Leipzig<\/h2>\n<p>La 1 septembrie, postul german Tagesschau a relatat c\u0103 autorit\u0103\u021bile consider\u0103 Rusia responsabil\u0103 pentru tentativa de sabotaj de la aeroportul Leipzig\/Halle, produs\u0103 la 4 august.<\/p>\n<p>Ancheta ar fi identificat la locul incidentului o dron\u0103, explozibili \u0219i echipamente de detonare. Potrivit autorit\u0103\u021bilor germane, unele dintre aceste elemente ar fi fost \u00eent\u00e2lnite \u0219i \u00een alte opera\u021biuni hibride atribuite Rusiei, precum \u0219i \u00een contextul r\u0103zboiului din Ucraina.<\/p>\n<p>Anterior, ABC News relatase c\u0103 drona de la Leipzig ar avea leg\u0103turi cu serviciile militare de informa\u021bii ale Rusiei, inclusiv cu GRU. Potrivit acestor informa\u021bii, scopul dispozitivului ar fi fost perturbarea transporturilor de armament destinate Ucrainei.<\/p>\n<p>Dup\u0103 incident, anchetatorii au descoperit \u0219i alte drone, inclusiv un aparat care ar fi transportat explozibili.<\/p>\n<p>Incidentul a avut loc \u00een seara de 4 august, c\u00e2nd o dron\u0103 cu explozibili a fost descoperit\u0103 \u00een apropierea mai multor avioane cargo ucrainene. Aeroportul Leipzig\/Halle este utilizat ca important centru logistic pentru transportul ajutorului militar destinat Ucrainei.<\/p>\n<h2>Al treilea sabotaj \u00eentr-o singur\u0103 zi \u00een Germania: dispozitive explozive descoperite la o instala\u021bie energetic\u0103 de l\u00e2ng\u0103 K\u00f6ln<\/h2>\n<p>Poli\u021bia a descoperit \u0219ase dispozitive explozive la o substa\u021bie electric\u0103 din ora\u0219ul Bergheim, l\u00e2ng\u0103 K\u00f6ln, dup\u0103 ce s-a produs un scurtcircuit acolo, scrie ziarul Frankfurter Allgemeine Zeitung (FAZ), cit\u00e2nd o declara\u021bie a \u0219efului poli\u021biei criminale din K\u00f6ln, Michael Esser.<\/p>\n<p><a class=\"related-inline svelte-78g0vl\" data-gtrack=\"{&quot;event&quot;:&quot;utm_click&quot;,&quot;data&quot;:{&quot;event_category&quot;:&quot;article_related&quot;}}\" href=\"https:\/\/adevarul.ro\/blogurile-adevarul\/germania-inchide-consulatul-rus-din-bonn-2553476.html\" title=\"Alt articol de interes pentru tine\"><span class=\"inline-title svelte-78g0vl\">Germania \u00eenchide consulatul rus din Bonn<\/span><\/a><\/p>\n<p>El a clarificat c\u0103 dispozitivele pirotehnice au fost folosite pentru a trage un fir peste o linie electric\u0103 \u0219i, astfel, a provocat un scurtcircuit.<\/p>\n<p>Esser a declarat c\u0103 a fost un act deliberat de vandalism care a dus la oprirea mai multor unit\u0103\u021bi electrice de la substa\u021bie. Incidentul este investigat ca sabotaj.<\/p>\n<p>Anchetatorii investigheaz\u0103, de asemenea, leg\u0103tura dintre incidentele din K\u00f6ln \u0219i Brandenburg, unde explozibili au fost descoperi\u021bi \u00een mod similar cu o zi \u00eenainte l\u00e2ng\u0103 o linie electric\u0103 la o substa\u021bie din Turnov-Preilak. Esser a subliniat c\u0103 artificiile au fost folosite ca sabotaj \u00een ambele cazuri.<\/p>\n<p>De asemenea, for\u021bele de ordine inten\u021bioneaz\u0103 s\u0103 examineze dispozitivele de lansare a dispozitivelor pirotehnice g\u0103site la fa\u021ba locului pentru a depista urme de ADN.<\/p>\n<p>Acesta este al treilea sabotaj din Germania \u00een ultimele 24 de ore. Pe l\u00e2ng\u0103 scurtcircuitele de la substa\u021biile din Brandenburg \u0219i K\u00f6ln, un alt incident a avut loc \u00een aceast\u0103 diminea\u021b\u0103 devreme \u00een ora\u0219ul bavarez Augsburg. Un dispozitiv necunoscut a explodat \u00een gara de acolo, iar un altul a fost g\u0103sit ulterior. Dou\u0103 persoane au fost r\u0103nite.<\/p>\n<h2>Dmitri Medvedev amenin\u021b\u0103 cu atacuri asupra unor obiective din Germania<\/h2>\n<p>Decizia Berlinului a provocat o reac\u021bie dur\u0103 la Moscova.<\/p>\n<p>Dmitri Medvedev, vicepre\u0219edintele Consiliului de Securitate al Rusiei, a respins acuza\u021biile germane privind implicarea Rusiei \u00een incidentul de la Leipzig \u0219i a sus\u021binut c\u0103 acestea nu sunt demonstrate.<\/p>\n<p>\u00centr-un mesaj publicat pe Telegram, Medvedev a calificat tentativa de sabotaj drept \u201einventat\u0103\u201d \u0219i a amenin\u021bat cu atacuri asupra unor obiective din Germania.<\/p>\n<p><i>\u201eMerit\u0103 un atac direct asupra tuturor fabricilor germane care produc echipamente militare pentru clica banderist\u0103. \u0218i este foarte posibil \u0219i asupra altor obiective din Berlin\u201d<\/i>, a scris Medvedev.<\/p>\n<p>El a comentat \u0219i declara\u021biile privind riscurile pentru avia\u021bia civil\u0103 \u00een spa\u021biul aerian rus. Medvedev a sus\u021binut c\u0103 acestea ar reprezenta, \u00een opinia sa, o form\u0103 de \u201eterorism de stat\u201d \u0219i a afirmat c\u0103 Rusia ar trebui s\u0103 r\u0103spund\u0103 prin represalii.<\/p>\n<p>Medvedev i-a acuzat, de asemenea, pe liderii occidentali, \u00een special pe cei europeni, c\u0103 sprijin\u0103 ceea ce Moscova consider\u0103 terorism. El a f\u0103cut referire la vizitele frecvente ale oficialilor europeni la Kiev, inclusiv deplas\u0103rile cu trenul.<\/p>\n<h2>Moscova promite un r\u0103spuns la m\u0103surile Berlinului<\/h2>\n<p>Purt\u0103toarea de cuv\u00e2nt a Ministerului rus de Externe, Maria Zaharova, a declarat c\u0103 Rusia va r\u0103spunde la ceea ce a numit \u201em\u0103surile antiruse\u0219ti\u201d adoptate de Germania.<\/p>\n<p>\u00cen acest context, noile livr\u0103ri de arme c\u0103tre Ucraina marcheaz\u0103 o consolidare a sprijinului militar german pentru Kiev, \u00een timp ce acuza\u021biile reciproce dintre Berlin \u0219i Moscova contribuie la cre\u0219terea tensiunilor dintre cele dou\u0103 \u021b\u0103ri.<\/p>\n<p><\/main><\/p>\n<footer class=\"svelte-x63bga\">\n<div class=\"related-wrap related-footer svelte-78g0vl\"><span class=\"related-label svelte-78g0vl\">Cite\u0219te \u0219i<\/span><a class=\"related svelte-78g0vl\" data-gtrack=\"{&quot;event&quot;:&quot;utm_click&quot;,&quot;data&quot;:{&quot;event_category&quot;:&quot;article_related&quot;}}\" href=\"https:\/\/adevarul.ro\/securitate-si-aparare\/atacul-cu-drone-din-germania-parte-din-noua-2553605.html\" title=\"Alt articol de interes pentru tine\"><img decoding=\"async\" class=\"thumb svelte-78g0vl\" src=\"https:\/\/cdn.adh.reperio.news\/image-5\/5c8c2e76-9531-4145-b1e1-2911de44fa3b\/index.jpeg?p=f%3Dwebp%26w%3D120%26h%3D80%26r%3Dcover%26a%3D0\" alt loading=\"lazy\" width=\"80\" height=\"54\"><span class=\"title svelte-78g0vl\">Atacul cu drone din Germania, parte din noua tactic\u0103 a Rusiei. General rom\u00e2n: \u201eSuntem \u00eentr-un pericol latent\u201d<\/span><\/a><a class=\"related svelte-78g0vl\" data-gtrack=\"{&quot;event&quot;:&quot;utm_click&quot;,&quot;data&quot;:{&quot;event_category&quot;:&quot;article_related&quot;}}\" href=\"https:\/\/adevarul.ro\/stiri-externe\/rusia\/moscova-reactioneaza-dupa-represaliile-berlinului-2553683.html\" title=\"Alt articol de interes pentru tine\"><img decoding=\"async\" class=\"thumb svelte-78g0vl\" src=\"https:\/\/cdn.adh.reperio.news\/image-3\/37dbafba-69e0-47c2-9be1-ac675d25e46d\/index.png?p=f%3Dwebp%26w%3D120%26h%3D80%26r%3Dcover%26a%3D0\" alt loading=\"lazy\" width=\"80\" height=\"54\"><span class=\"title svelte-78g0vl\">Moscova reac\u021bioneaz\u0103 dup\u0103 represaliile Berlinului: diplomatul german a fost convocat la Ministerul rus de Externe<\/span><\/a><\/div>\n<div class=\"meta svelte-x63bga\">\n<div class=\"authors svelte-x63bga\"><span class=\"names svelte-x63bga\"><a href=\"https:\/\/adevarul.ro\/author\/647\" rel=\"author\" class=\"svelte-x63bga\">Viorica Marin<\/a><\/span><\/p>\n<div class=\"_hydratable\" data-props=\"%7B%22showLive%22%3Atrue%7D\" data-context=\"%7B%22parentBlockColumnCount%22%3A%7B%22value%22%3A0%2C%22type%22%3A%22store%2Freadable%22%7D%2C%22parentBlockBackgroundColor%22%3A%7B%22type%22%3A%22store%2Freadable%22%7D%7D\" data-component=\"ShareButton\">\n<div class=\"shareButtons svelte-itwbrr\">\n<div class=\"liveSessions metaFont svelte-1maxmbf\"><span class=\"value svelte-1maxmbf\">1<\/span> live <\/div>\n<\/div>\n<\/div>\n<\/div>\n<div class=\"tags svelte-1l3vwp1\"><span class=\"tags-label metaFont svelte-1l3vwp1\">Cite\u0219te mai multe despre<\/span><\/p>\n<div class=\"tags-list svelte-1l3vwp1\"><a href=\"https:\/\/adevarul.ro\/tag\/germania\" title=\"Ultimele \u0219tiri despre germania\" class=\"tag-pill svelte-1l3vwp1\">germania<\/a><a href=\"https:\/\/adevarul.ro\/tag\/razboi%20ucraina\" title=\"Ultimele \u0219tiri despre razboi ucraina\" class=\"tag-pill svelte-1l3vwp1\">razboi ucraina<\/a><a href=\"https:\/\/adevarul.ro\/tag\/drone\" title=\"Ultimele \u0219tiri despre drone\" class=\"tag-pill svelte-1l3vwp1\">drone<\/a><a href=\"https:\/\/adevarul.ro\/tag\/amenintari\" title=\"Ultimele \u0219tiri despre amenintari\" class=\"tag-pill svelte-1l3vwp1\">amenintari<\/a><a href=\"https:\/\/adevarul.ro\/tag\/dmitri%20medvedev\" title=\"Ultimele \u0219tiri despre dmitri medvedev\" class=\"tag-pill svelte-1l3vwp1\">dmitri medvedev<\/a><\/div>\n<\/div>\n<\/div>\n<p><a class=\"moreFromCategory svelte-x63bga\" href=\"https:\/\/adevarul.ro\/stiri-externe\/europa\" title=\"Europa\">Mai multe din <strong class=\"svelte-x63bga\">Europa<\/strong> \u203a<\/a><\/footer>\n<\/article>\n<p>[analyse_source url=&#8221;https:\/\/adevarul.ro\/stiri-externe\/europa\/germania-pregateste-noi-livrari-de-arme-pentru-2553706.html&#8221;]<\/p>\n","protected":false},"excerpt":{"rendered":"<p>[analyse_image type=&#8221;featured&#8221; src=&#8221;https:\/\/cdn.adh.reperio.news\/image-7\/7e8b9782-6c55-4732-be5a-9df3734b0a89\/index.jpeg?p=f%3Djpeg%26w%3D1200%26h%3D630%26r%3Dcover&#8221;] Home \u0218tiri Externe Europa Germania preg\u0103te\u0219te noi livr\u0103ri de arme pentru Ucraina dup\u0103 incidentul de la Leipzig. Dmitri Medvedev amenin\u021b\u0103 Berlinul Germania inten\u021bioneaz\u0103 s\u0103-\u0219i intensifice sprijinul militar pentru Ucraina dup\u0103 incidentul cu drone de la aeroportul Leipzig\/Halle, pe care autorit\u0103\u021bile germane \u00eel atribuie Rusiei. Decizia Berlinului a provocat o reac\u021bie dur\u0103 la [&hellip;]<\/p>\n","protected":false},"author":1,"featured_media":0,"comment_status":"open","ping_status":"","sticky":false,"template":"","format":"standard","meta":{"footnotes":""},"categories":[89],"tags":[19,226],"class_list":["post-2124764","post","type-post","status-publish","format-standard","hentry","category-romania","tag-adevarul","tag-crawlmanager"],"_links":{"self":[{"href":"https:\/\/analyse.optim.biz\/index.php?rest_route=\/wp\/v2\/posts\/2124764","targetHints":{"allow":["GET"]}}],"collection":[{"href":"https:\/\/analyse.optim.biz\/index.php?rest_route=\/wp\/v2\/posts"}],"about":[{"href":"https:\/\/analyse.optim.biz\/index.php?rest_route=\/wp\/v2\/types\/post"}],"author":[{"embeddable":true,"href":"https:\/\/analyse.optim.biz\/index.php?rest_route=\/wp\/v2\/users\/1"}],"replies":[{"embeddable":true,"href":"https:\/\/analyse.optim.biz\/index.php?rest_route=%2Fwp%2Fv2%2Fcomments&post=2124764"}],"version-history":[{"count":0,"href":"https:\/\/analyse.optim.biz\/index.php?rest_route=\/wp\/v2\/posts\/2124764\/revisions"}],"wp:attachment":[{"href":"https:\/\/analyse.optim.biz\/index.php?rest_route=%2Fwp%2Fv2%2Fmedia&parent=2124764"}],"wp:term":[{"taxonomy":"category","embeddable":true,"href":"https:\/\/analyse.optim.biz\/index.php?rest_route=%2Fwp%2Fv2%2Fcategories&post=2124764"},{"taxonomy":"post_tag","embeddable":true,"href":"https:\/\/analyse.optim.biz\/index.php?rest_route=%2Fwp%2Fv2%2Ftags&post=2124764"}],"curies":[{"name":"wp","href":"https:\/\/api.w.org\/{rel}","templated":true}]}}