{"id":2124763,"date":"2026-09-02T15:24:27","date_gmt":"2026-09-02T12:24:27","guid":{"rendered":"https:\/\/analyse.optim.biz\/?p=2124763"},"modified":"2026-09-02T15:24:27","modified_gmt":"2026-09-02T12:24:27","slug":"revolta-in-italia-dupa-eliberarea-unui-barbat-acuzat-ca-a-violat-o-fata-de-13-ani-a-stat-doar-doua-nopti","status":"publish","type":"post","link":"https:\/\/analyse.optim.biz\/?p=2124763","title":{"rendered":"Revolt\u0103 \u00een Italia dup\u0103 eliberarea unui b\u0103rbat acuzat c\u0103 a violat o fat\u0103 de 13 ani. A stat doar dou\u0103 nop\u021bi&#8230;"},"content":{"rendered":"<p>[analyse_image type=&#8221;featured&#8221; src=&#8221;https:\/\/cdn.adh.reperio.news\/image-3\/3dd9d247-daff-48cf-af3f-246a309a2a28\/index.jpeg?p=f%3Djpeg%26w%3D1200%26h%3D630%26r%3Dcover&#8221;]<\/p>\n<article class=\"svelte-x63bga\">\n<nav>\n<ul class=\"breadcrump svelte-1pk9a69\">\n<li class=\"svelte-1pk9a69\"><a href=\"https:\/\/adevarul.ro\/\" title=\"Adev\u0103rul\" class=\"svelte-1pk9a69\">Home<\/a><\/li>\n<li class=\"svelte-1pk9a69\"><a href=\"https:\/\/adevarul.ro\/stiri-externe\" class=\"svelte-1pk9a69\">\u0218tiri Externe<\/a><\/li>\n<li class=\"svelte-1pk9a69\"><a href=\"https:\/\/adevarul.ro\/stiri-externe\/europa\" class=\"svelte-1pk9a69\">Europa<\/a><\/li>\n<li class=\"svelte-1pk9a69\"><a href=\"https:\/\/adevarul.ro\/stiri-externe\/europa\/revolta-in-italia-dupa-eliberarea-unui-barbat-2553696.html\" class=\"svelte-1pk9a69\">Revolt\u0103 \u00een Italia dup\u0103 eliberarea unui b\u0103rbat acuzat c\u0103 a violat o fat\u0103 de 13 ani. A stat doar dou\u0103 nop\u021bi \u00een arest<\/a><\/li>\n<\/ul>\n<\/nav>\n<p><main class=\"svelte-x63bga\"><\/p>\n<p>Decizia unei instan\u021be din Torino de a elibera un b\u0103rbat de 42 de ani, originar din Bangladesh, acuzat c\u0103 a violat o fat\u0103 de 13 ani, a provocat reac\u021bii puternice \u00een Italia. Suspectul a petrecut doar dou\u0103 nop\u021bi \u00een arest, iar ulterior a fost plasat sub control judiciar, cu obliga\u021bia de a se prezenta zilnic la poli\u021bie.<\/p>\n<div class=\"container-image  svelte-1xbw4f3\"><source type=\"image\/webp\" srcset=\"https:\/\/cdn.adh.reperio.news\/image-3\/3dd9d247-daff-48cf-af3f-246a309a2a28\/index.jpeg?p=a%3D1%26co%3D1.05%26w%3D1400%26h%3D750%26r%3Dcontain%26f%3Dwebp 1400w\" media=\"(min-width: 1400px)\" \/><\/p>\n<div class=\"caption svelte-1xbw4f3\"><span class=\"captionText svelte-1xbw4f3\"><span class=\"source svelte-1xbw4f3\">Foto: questure.poliziadistato.it<\/span><\/span><\/div>\n<\/div>\n<p>Incidentul s-a produs la sf\u00e2r\u0219itul lunii august, \u00een cartierul Madonna di Campagna din nordul ora\u0219ului Torino. Potrivit anchetatorilor, fata intrase \u00eentr-un minimarket, moment \u00een care b\u0103rbatul care lucra \u00een magazin ar fi violat-o, relateaz\u0103 publica\u021bia italian\u0103\u00a0<a href=\"https:\/\/www.notizie.it\/en\/13-year-old-rapes-minimarket-girl-immediately-released-from-prison-Minister-Nordio-sends-inspectors\/\" rel=\"nofollow\">Notizie.it.<\/a><\/p>\n<p>Poli\u021bi\u0219tii l-au re\u021binut la scurt timp dup\u0103 incident. Printre probele din dosar se afl\u0103 \u0219i imaginile surprinse de camerele de supraveghere ale magazinului. Potrivit autorit\u0103\u021bilor, acestea sus\u021bin declara\u021bia victimei, pe care judec\u0103toarea a descris-o drept precis\u0103, coerent\u0103 \u0219i detaliat\u0103.<\/p>\n<h2>Judec\u0103toarea a decis eliberarea suspectului<\/h2>\n<p>Procurorul a cerut men\u021binerea b\u0103rbatului \u00een arest, \u00eens\u0103 judec\u0103toarea pentru anchete preliminare a decis eliberarea acestuia dup\u0103 dou\u0103 nop\u021bi.<\/p>\n<p>Potrivit motiv\u0103rii, magistratul a \u021binut cont de faptul c\u0103 suspectul nu avea antecedente penale, c\u0103 a colaborat cu anchetatorii \u0219i c\u0103 \u0219i-a exprimat regretul pentru fapta de care este acuzat.<\/p>\n<p><i>\u201eAm gre\u0219it. Nu am mai comis infrac\u021biuni, este prima dat\u0103 \u0219i \u00eemi pare foarte r\u0103u\u201d, <\/i>ar fi declarat b\u0103rbatul \u00een timpul audierii.<\/p>\n<p>Judec\u0103toarea a apreciat c\u0103 nu exist\u0103 un pericol de fug\u0103 \u0219i c\u0103 perioada petrecut\u0103 \u00een arest ar fi avut deja un efect descurajator. \u00cen aceste condi\u021bii, suspectul a fost l\u0103sat \u00een libertate, cu obliga\u021bia de a se prezenta zilnic la poli\u021bie.<\/p>\n<h2>Anchetatorii verific\u0103 \u0219i o posibil\u0103 a doua agresiune<\/h2>\n<p>Cazul este complicat \u0219i de o alt\u0103 posibil\u0103 agresiune sexual\u0103. Potrivit anchetatorilor, imaginile camerelor de supraveghere ar fi surprins, cu aproximativ 40 de minute \u00eenaintea incidentului \u00een care a fost implicat\u0103 fata de 13 ani, o agresiune asupra unei femei adulte.<\/p>\n<p>Femeia nu a fost \u00eenc\u0103 identificat\u0103. Poli\u021bia \u00eencearc\u0103 s\u0103 o g\u0103seasc\u0103 pentru a stabili ce s-a \u00eent\u00e2mplat \u0219i dac\u0103 aceasta dore\u0219te s\u0103 depun\u0103 pl\u00e2ngere.<\/p>\n<h2>Giorgia Meloni: \u201eCine explic\u0103 asta familiei?\u201d<\/h2>\n<p>Hot\u0103r\u00e2rea instan\u021bei a provocat reac\u021bii inclusiv la nivelul Guvernului italian.<a href=\"https:\/\/adevarul.ro\/stiri-externe\/sua\/trump-meloni-si-macron-inclusi-pe-o-lista-a-2542678.html\"> Premierul Giorgia Meloni a criticat\u00a0<\/a>public situa\u021bia \u0219i a \u00eentrebat:<i> \u201eCine explic\u0103 asta familiei?\u201d, <\/i>referindu-se la eliberarea suspectului dup\u0103 o perioad\u0103 at\u00e2t de scurt\u0103 de arest.<\/p>\n<p>Meloni a anun\u021bat c\u0103 Ministerul Justi\u021biei va verifica modul \u00een care a fost luat\u0103 decizia.<\/p>\n<p>Ministrul Justi\u021biei, Carlo Nordio, a precizat c\u0103 nu poate interveni \u00een hot\u0103r\u00e2rile instan\u021belor, \u00eens\u0103, invoc\u00e2nd <i>\u201ecaracterul excep\u021bional al cazului\u201d<\/i> \u0219i<i> \u201ealarma social\u0103\u201d<\/i> provocat\u0103, a dispus trimiterea unor inspectori la Tribunalul din Torino pentru verificarea procedurii.<\/p>\n<p>\u0218i Procuratura din Torino a anun\u021bat c\u0103 va contesta decizia \u0219i va solicita instan\u021bei competente s\u0103 reanalizeze m\u0103sura dispus\u0103 de judec\u0103toare.<\/p>\n<p>\u00centre timp, minimarketul \u00een care ar fi avut loc agresiunea a fost \u00eenchis temporar \u0219i preventiv, \u00een cadrul unor verific\u0103ri administrative. Autorit\u0103\u021bile verific\u0103 inclusiv modul \u00een care era administrat magazinul \u0219i dac\u0103 erau respectate toate regulile privind desf\u0103\u0219urarea activit\u0103\u021bii comerciale.<\/p>\n<p>Cazul a devenit rapid \u0219i un subiect politic \u00een Italia, aliment\u00e2nd dezbaterile privind criminalitatea, migra\u021bia \u0219i rela\u021bia dintre Guvernul condus de Giorgia Meloni \u0219i sistemul judiciar.<\/p>\n<p><\/main><\/p>\n<footer class=\"svelte-x63bga\">\n<div class=\"related-wrap related-footer svelte-78g0vl\"><span class=\"related-label svelte-78g0vl\">Cite\u0219te \u0219i<\/span><a class=\"related svelte-78g0vl\" data-gtrack=\"{&quot;event&quot;:&quot;utm_click&quot;,&quot;data&quot;:{&quot;event_category&quot;:&quot;article_related&quot;}}\" href=\"https:\/\/adevarul.ro\/stiri-externe\/europa\/gestul-prin-care-o-fata-de-14-ani-a-cerut-ajutor-2551650.html\" title=\"Alt articol de interes pentru tine\"><img decoding=\"async\" class=\"thumb svelte-78g0vl\" src=\"https:\/\/cdn.adh.reperio.news\/image-3\/3d4a5ee1-c336-41fd-a354-5e368c168ed8\/index.jpeg?p=f%3Dwebp%26w%3D120%26h%3D80%26r%3Dcover%26a%3D0\" alt loading=\"lazy\" width=\"80\" height=\"54\"><span class=\"title svelte-78g0vl\">Gestul prin care o fat\u0103 de 14 ani a cerut ajutor prin geamul ma\u0219inii: un rom\u00e2n a \u00eencercat s\u0103 o agreseze <\/span><\/a><a class=\"related svelte-78g0vl\" data-gtrack=\"{&quot;event&quot;:&quot;utm_click&quot;,&quot;data&quot;:{&quot;event_category&quot;:&quot;article_related&quot;}}\" href=\"https:\/\/adevarul.ro\/stiri-externe\/europa\/vulcanul-care-ameninta-o-zona-dens-populata-din-2552962.html\" title=\"Alt articol de interes pentru tine\"><img decoding=\"async\" class=\"thumb svelte-78g0vl\" src=\"https:\/\/cdn.adh.reperio.news\/image-7\/7aa5822f-bf1e-4206-aac4-1099bd9a8714\/index.jpeg?p=f%3Dwebp%26w%3D120%26h%3D80%26r%3Dcover%26a%3D0\" alt loading=\"lazy\" width=\"80\" height=\"54\"><span class=\"title svelte-78g0vl\">Vulcanul care amenin\u021b\u0103 o zon\u0103 dens populat\u0103 din Europa. Plan de evacuare pentru 500.000 de oameni<\/span><\/a><a class=\"related svelte-78g0vl\" data-gtrack=\"{&quot;event&quot;:&quot;utm_click&quot;,&quot;data&quot;:{&quot;event_category&quot;:&quot;article_related&quot;}}\" href=\"https:\/\/adevarul.ro\/stiri-locale\/oradea\/un-oradean-retinut-dupa-ce-a-fost-filmat-2553676.html\" title=\"Alt articol de interes pentru tine\"><img decoding=\"async\" class=\"thumb svelte-78g0vl\" src=\"https:\/\/cdn.adh.reperio.news\/image-e\/ede16903-ae73-4b84-9858-d73988e17aef\/index.gif?p=f%3Dwebp%26w%3D120%26h%3D80%26r%3Dcover%26a%3D0\" alt loading=\"lazy\" width=\"80\" height=\"54\"><span class=\"title svelte-78g0vl\">Un or\u0103dean, re\u021binut dup\u0103 ce a fost filmat masturb\u00e2ndu-se la fereastra apartamentului. Poli\u021bi\u0219tii au deschis anchet\u0103<\/span><\/a><\/div>\n<div class=\"meta svelte-x63bga\">\n<div class=\"authors svelte-x63bga\"><span class=\"names svelte-x63bga\"><a href=\"https:\/\/adevarul.ro\/author\/2086\" rel=\"author\" class=\"svelte-x63bga\">Oana Ababei<\/a><\/span><\/p>\n<div class=\"_hydratable\" data-props=\"%7B%22showLive%22%3Atrue%7D\" data-context=\"%7B%22parentBlockColumnCount%22%3A%7B%22value%22%3A0%2C%22type%22%3A%22store%2Freadable%22%7D%2C%22parentBlockBackgroundColor%22%3A%7B%22type%22%3A%22store%2Freadable%22%7D%7D\" data-component=\"ShareButton\">\n<div class=\"shareButtons svelte-itwbrr\">\n<div class=\"liveSessions metaFont svelte-1maxmbf\"><span class=\"value svelte-1maxmbf\">1<\/span> live <\/div>\n<\/div>\n<\/div>\n<\/div>\n<div class=\"tags svelte-1l3vwp1\"><span class=\"tags-label metaFont svelte-1l3vwp1\">Cite\u0219te mai multe despre<\/span><\/p>\n<div class=\"tags-list svelte-1l3vwp1\"><a href=\"https:\/\/adevarul.ro\/tag\/italia\" title=\"Ultimele \u0219tiri despre italia\" class=\"tag-pill svelte-1l3vwp1\">italia<\/a><a href=\"https:\/\/adevarul.ro\/tag\/viol\" title=\"Ultimele \u0219tiri despre viol\" class=\"tag-pill svelte-1l3vwp1\">viol<\/a><a href=\"https:\/\/adevarul.ro\/tag\/agresiune%20sexuala\" title=\"Ultimele \u0219tiri despre agresiune sexuala\" class=\"tag-pill svelte-1l3vwp1\">agresiune sexuala<\/a><a href=\"https:\/\/adevarul.ro\/tag\/torino\" title=\"Ultimele \u0219tiri despre torino\" class=\"tag-pill svelte-1l3vwp1\">torino<\/a><a href=\"https:\/\/adevarul.ro\/tag\/giorgia%20meloni\" title=\"Ultimele \u0219tiri despre giorgia meloni\" class=\"tag-pill svelte-1l3vwp1\">giorgia meloni<\/a><a href=\"https:\/\/adevarul.ro\/tag\/fata%20violata\" title=\"Ultimele \u0219tiri despre fata violata\" class=\"tag-pill svelte-1l3vwp1\">fata violata<\/a><\/div>\n<\/div>\n<\/div>\n<p><a class=\"moreFromCategory svelte-x63bga\" href=\"https:\/\/adevarul.ro\/stiri-externe\/europa\" title=\"Europa\">Mai multe din <strong class=\"svelte-x63bga\">Europa<\/strong> \u203a<\/a><\/footer>\n<\/article>\n<p>[analyse_source url=&#8221;https:\/\/adevarul.ro\/stiri-externe\/europa\/revolta-in-italia-dupa-eliberarea-unui-barbat-2553696.html&#8221;]<\/p>\n","protected":false},"excerpt":{"rendered":"<p>[analyse_image type=&#8221;featured&#8221; src=&#8221;https:\/\/cdn.adh.reperio.news\/image-3\/3dd9d247-daff-48cf-af3f-246a309a2a28\/index.jpeg?p=f%3Djpeg%26w%3D1200%26h%3D630%26r%3Dcover&#8221;] Home \u0218tiri Externe Europa Revolt\u0103 \u00een Italia dup\u0103 eliberarea unui b\u0103rbat acuzat c\u0103 a violat o fat\u0103 de 13 ani. A stat doar dou\u0103 nop\u021bi \u00een arest Decizia unei instan\u021be din Torino de a elibera un b\u0103rbat de 42 de ani, originar din Bangladesh, acuzat c\u0103 a violat o fat\u0103 de 13 [&hellip;]<\/p>\n","protected":false},"author":1,"featured_media":0,"comment_status":"open","ping_status":"","sticky":false,"template":"","format":"standard","meta":{"footnotes":""},"categories":[89],"tags":[19,226],"class_list":["post-2124763","post","type-post","status-publish","format-standard","hentry","category-romania","tag-adevarul","tag-crawlmanager"],"_links":{"self":[{"href":"https:\/\/analyse.optim.biz\/index.php?rest_route=\/wp\/v2\/posts\/2124763","targetHints":{"allow":["GET"]}}],"collection":[{"href":"https:\/\/analyse.optim.biz\/index.php?rest_route=\/wp\/v2\/posts"}],"about":[{"href":"https:\/\/analyse.optim.biz\/index.php?rest_route=\/wp\/v2\/types\/post"}],"author":[{"embeddable":true,"href":"https:\/\/analyse.optim.biz\/index.php?rest_route=\/wp\/v2\/users\/1"}],"replies":[{"embeddable":true,"href":"https:\/\/analyse.optim.biz\/index.php?rest_route=%2Fwp%2Fv2%2Fcomments&post=2124763"}],"version-history":[{"count":0,"href":"https:\/\/analyse.optim.biz\/index.php?rest_route=\/wp\/v2\/posts\/2124763\/revisions"}],"wp:attachment":[{"href":"https:\/\/analyse.optim.biz\/index.php?rest_route=%2Fwp%2Fv2%2Fmedia&parent=2124763"}],"wp:term":[{"taxonomy":"category","embeddable":true,"href":"https:\/\/analyse.optim.biz\/index.php?rest_route=%2Fwp%2Fv2%2Fcategories&post=2124763"},{"taxonomy":"post_tag","embeddable":true,"href":"https:\/\/analyse.optim.biz\/index.php?rest_route=%2Fwp%2Fv2%2Ftags&post=2124763"}],"curies":[{"name":"wp","href":"https:\/\/api.w.org\/{rel}","templated":true}]}}