{"id":2124762,"date":"2026-09-02T00:00:00","date_gmt":"2026-09-01T21:00:00","guid":{"rendered":"https:\/\/analyse.optim.biz\/?p=2124762"},"modified":"2026-09-02T00:00:00","modified_gmt":"2026-09-01T21:00:00","slug":"mures-peste-300-de-alergatori-sunt-asteptati-la-editia-a-doua-a-sighisoara-10k","status":"publish","type":"post","link":"https:\/\/analyse.optim.biz\/?p=2124762","title":{"rendered":"Mure\u0219: Peste 300 de alerg\u0103tori sunt a\u0219tepta\u021bi la edi\u021bia a doua a &#8216;Sighi\u0219oara 10K&#8217;"},"content":{"rendered":"<p>[analyse_image type=&#8221;featured&#8221; src=&#8221;https:\/\/agerpres.ro\/data\/202609\/20260902183412_497231.jpg&#8221;]<\/p>\n<div class=\"mx-auto pt-3\">\n<p>Peste 300 de alerg\u0103tori \u0219i-au anun\u021bat participarea la cea de-a doua edi\u021bie a competi\u021biei atletice &#8216;Sighi\u0219oara 10K&#8217;, eveniment ce \u00eembin\u0103 activitatea fizic\u0103 cu promovarea patrimoniului istoric, oferind participan\u021bilor ocazia de a alerga printre zidurile Cet\u0103\u021bii Medievale.<\/p>\n<p>&#8216;Pe 5-6 septembrie Sighi\u0219oara se preg\u0103te\u0219te pentru cea de-a doua edi\u021bie a competi\u021biei Sighi\u0219oara 10K, un eveniment sportiv care \u00eembin\u0103 mi\u0219carea \u0219i patrimoniul construit \u0219i care le ofer\u0103 participan\u021bilor posibilitatea de a descoperi ora\u0219ul \u00eentr-un mod diferit, alerg\u00e2nd printre zidurile vechi \u0219i pove\u0219tile f\u0103r\u0103 timp ale Cet\u0103\u021bii Medievale. Startul \u0219i sosirea vor avea loc \u00een Pia\u021ba Cet\u0103\u021bii, iar traseele se vor desf\u0103\u0219ura pe str\u0103zile din jurul cet\u0103\u021bii medievale. Dup\u0103 succesul primei edi\u021bii, Sighi\u0219oara 10K revine \u00een acest an cu un interes \u0219i mai mare din partea participan\u021bilor. Peste 300 de alerg\u0103tori sunt a\u0219tepta\u021bi la start, veni\u021bi din toate col\u021burile \u021b\u0103rii, dar \u0219i din str\u0103in\u0103tate, reprezent\u00e2nd o gam\u0103 larg\u0103 de categorii de v\u00e2rst\u0103. De la cei mai tineri participan\u021bi p\u00e2n\u0103 la alerg\u0103tori experimenta\u021bi, competi\u021bia reune\u0219te oameni pasiona\u021bi de sport \u0219i mi\u0219care, indiferent de v\u00e2rst\u0103 sau nivel de preg\u0103tire&#8217;, au anun\u021bat organizatorii, miercuri, \u00eentr-un comunicat de pres\u0103.<\/p>\n<p>Ambasadorul oficial al evenimentului este atleta Gabriela Szabo, campioan\u0103 olimpic\u0103 \u0219i de\u021bin\u0103toare a trei medalii olimpice \u0219i opt mondiale.<\/p>\n<p>&#8216;Ambasadorul competi\u021biei este, \u0219i \u00een acest an, Gabriela Szabo, campioan\u0103 olimpic\u0103 \u0219i una dintre cele mai importante figuri ale atletismului rom\u00e2nesc. Prezen\u021ba sa reprezint\u0103 o onoare \u0219i o motiva\u021bie suplimentar\u0103 pentru to\u021bi participan\u021bii&#8217;, se arat\u0103 \u00een comunicatul de pres\u0103.<\/p>\n<p>Competi\u021bia este organizat\u0103 de AS World Cargo, \u00een parteneriat cu Asocia\u021bia P\u0103rin\u021bilor din Clubul Sportiv \u0218colar Sighi\u0219oara \u0219i Prim\u0103ria Municipiului Sighi\u0219oara, cu sprijinul tehnic al Master Ski &amp; Bike Club T\u00e2rgu Mure\u0219.<\/p>\n<p>&#8216;Sighi\u0219oara 10K a fost creat\u0103 \u0219i \u00een memoria regretatului doctor Stelian Larga, medic cardiolog \u0219i cet\u0103\u021bean implicat activ \u00een via\u021ba sportiv\u0103 \u0219i cultural\u0103 a ora\u0219ului, \u00een semn de respect pentru contribu\u021bia sa remarcabil\u0103 adus\u0103 comunit\u0103\u021bii. Prin num\u0103rul tot mai mare de participan\u021bi, inclusiv din afara \u021b\u0103rii, Sighi\u0219oara 10K confirm\u0103 c\u0103 prima edi\u021bie nu a fost doar un \u00eenceput, ci startul unei competi\u021bii care \u00ee\u0219i propune s\u0103 devin\u0103 o tradi\u021bie sportiv\u0103 \u00een inima Cet\u0103\u021bii Medievale. Sighi\u0219oara 10K &#8211; alerg\u0103m prin istorie!&#8217;, se mai men\u021bioneaz\u0103 \u00een comunicat.<\/p>\n<p>\u00cen timpul competi\u021biei, pentru buna desf\u0103\u0219urare a curselor \u0219i pentru siguran\u021ba participan\u021bilor vor fi impuse o serie de restric\u021bii temporare de circula\u021bie, \u00eentre orele 9:00 \u0219i 13:00, pe traseul: Pia\u021ba Cet\u0103\u021bii &#8211; Zidul Cet\u0103\u021bii &#8211; Anton Pann &#8211; V\u00e2rtej &#8211; Ilarie Chendi &#8211; Hermann Oberth (p\u00e2n\u0103 la Perla) &#8211; Turnului &#8211; Pia\u021ba Cet\u0103\u021bii.<\/p>\n<p>Organizatorii \u00eei roag\u0103 pe locuitorii ora\u0219ului \u0219i pe conduc\u0103torii auto s\u0103 \u021bin\u0103 cont de restric\u021biile de circula\u021bie, s\u0103 respecte indica\u021biile autorit\u0103\u021bilor \u0219i ale voluntarilor \u0219i s\u0103 \u00ee\u0219i planifice deplas\u0103rile din timp. AGERPRES\/(AS &#8211; redactor: Dorina Mati\u0219, editor: George Onea, editor online: Anda Badea)<\/p>\n<\/div>\n<div class=\"mx-auto pt-3\">\n                                Afisari: 198\n                            <\/div>\n<p>[analyse_source url=&#8221;https:\/\/agerpres.ro\/administratie\/2026\/09\/02\/mures-peste-300-de-alergatori-sunt-asteptati-la-editia-a-doua-a-sighisoara-10k&#8211;1590137&#8243;]<\/p>\n","protected":false},"excerpt":{"rendered":"<p>[analyse_image type=&#8221;featured&#8221; src=&#8221;https:\/\/agerpres.ro\/data\/202609\/20260902183412_497231.jpg&#8221;] Peste 300 de alerg\u0103tori \u0219i-au anun\u021bat participarea la cea de-a doua edi\u021bie a competi\u021biei atletice &#8216;Sighi\u0219oara 10K&#8217;, eveniment ce \u00eembin\u0103 activitatea fizic\u0103 cu promovarea patrimoniului istoric, oferind participan\u021bilor ocazia de a alerga printre zidurile Cet\u0103\u021bii Medievale. &#8216;Pe 5-6 septembrie Sighi\u0219oara se preg\u0103te\u0219te pentru cea de-a doua edi\u021bie a competi\u021biei Sighi\u0219oara 10K, un [&hellip;]<\/p>\n","protected":false},"author":1,"featured_media":0,"comment_status":"open","ping_status":"","sticky":false,"template":"","format":"standard","meta":{"footnotes":""},"categories":[2],"tags":[37,226],"class_list":["post-2124762","post","type-post","status-publish","format-standard","hentry","category-politics","tag-agerpres-ro","tag-crawlmanager"],"_links":{"self":[{"href":"https:\/\/analyse.optim.biz\/index.php?rest_route=\/wp\/v2\/posts\/2124762","targetHints":{"allow":["GET"]}}],"collection":[{"href":"https:\/\/analyse.optim.biz\/index.php?rest_route=\/wp\/v2\/posts"}],"about":[{"href":"https:\/\/analyse.optim.biz\/index.php?rest_route=\/wp\/v2\/types\/post"}],"author":[{"embeddable":true,"href":"https:\/\/analyse.optim.biz\/index.php?rest_route=\/wp\/v2\/users\/1"}],"replies":[{"embeddable":true,"href":"https:\/\/analyse.optim.biz\/index.php?rest_route=%2Fwp%2Fv2%2Fcomments&post=2124762"}],"version-history":[{"count":0,"href":"https:\/\/analyse.optim.biz\/index.php?rest_route=\/wp\/v2\/posts\/2124762\/revisions"}],"wp:attachment":[{"href":"https:\/\/analyse.optim.biz\/index.php?rest_route=%2Fwp%2Fv2%2Fmedia&parent=2124762"}],"wp:term":[{"taxonomy":"category","embeddable":true,"href":"https:\/\/analyse.optim.biz\/index.php?rest_route=%2Fwp%2Fv2%2Fcategories&post=2124762"},{"taxonomy":"post_tag","embeddable":true,"href":"https:\/\/analyse.optim.biz\/index.php?rest_route=%2Fwp%2Fv2%2Ftags&post=2124762"}],"curies":[{"name":"wp","href":"https:\/\/api.w.org\/{rel}","templated":true}]}}