{"id":2124761,"date":"2026-09-02T14:54:23","date_gmt":"2026-09-02T11:54:23","guid":{"rendered":"https:\/\/analyse.optim.biz\/?p=2124761"},"modified":"2026-09-02T14:54:23","modified_gmt":"2026-09-02T11:54:23","slug":"putin-terorizat-de-dronele-ucrainene-mitraliere-antiaeriene-si-o-scara-blindata-observate-in-timpul","status":"publish","type":"post","link":"https:\/\/analyse.optim.biz\/?p=2124761","title":{"rendered":"Putin, terorizat de dronele ucrainene. Mitraliere antiaeriene \u0219i o scar\u0103 blindat\u0103, observate \u00een timpul&#8230;"},"content":{"rendered":"<p>[analyse_image type=&#8221;featured&#8221; src=&#8221;https:\/\/cdn.adh.reperio.news\/image-0\/0da50a6f-ac5e-43cd-a585-59eba4225b54\/index.jpeg?p=f%3Djpeg%26w%3D1200%26h%3D630%26r%3Dcover&#8221;]<\/p>\n<article class=\"svelte-x63bga\">\n<nav>\n<ul class=\"breadcrump svelte-1pk9a69\">\n<li class=\"svelte-1pk9a69\"><a href=\"https:\/\/adevarul.ro\/\" title=\"Adev\u0103rul\" class=\"svelte-1pk9a69\">Home<\/a><\/li>\n<li class=\"svelte-1pk9a69\"><a href=\"https:\/\/adevarul.ro\/stiri-externe\" class=\"svelte-1pk9a69\">\u0218tiri Externe<\/a><\/li>\n<li class=\"svelte-1pk9a69\"><a href=\"https:\/\/adevarul.ro\/stiri-externe\/rusia\" class=\"svelte-1pk9a69\">Rusia<\/a><\/li>\n<li class=\"svelte-1pk9a69\"><a href=\"https:\/\/adevarul.ro\/stiri-externe\/rusia\/putin-terorizat-de-dronele-ucrainene-mitraliere-2553687.html\" class=\"svelte-1pk9a69\">Putin, terorizat de dronele ucrainene. Mitraliere antiaeriene \u0219i o scar\u0103 blindat\u0103, observate \u00een timpul vizitei la Vladivostok<\/a><\/li>\n<\/ul>\n<\/nav>\n<p><main class=\"svelte-x63bga\"><\/p>\n<p>M\u0103surile de securitate din jurul pre\u0219edintelui rus Vladimir Putin par s\u0103 fi fost intensificate \u00een timpul vizitei sale la Vladivostok, unde particip\u0103 la Forumul Economic de Est. \u00cen coloana oficial\u0103 a liderului de la Kremlin a fost observat\u0103 o camionet\u0103 echipat\u0103 cu o mitralier\u0103 antiaerian\u0103, iar militari \u0219i tehnic\u0103 militar\u0103 au fost disloca\u021bi de-a lungul traseului preziden\u021bial.<\/p>\n<div class=\"container-image  svelte-1xbw4f3\"><source type=\"image\/webp\" srcset=\"https:\/\/cdn.adh.reperio.news\/image-0\/0da50a6f-ac5e-43cd-a585-59eba4225b54\/index.jpeg?p=a%3D1%26co%3D1.05%26w%3D1400%26h%3D750%26r%3Dcontain%26f%3Dwebp 1400w\" media=\"(min-width: 1400px)\" \/><\/p>\n<div class=\"caption svelte-1xbw4f3\"><span class=\"captionText svelte-1xbw4f3\">Vladimir Putin.  <span class=\"source svelte-1xbw4f3\">Foto: AFP<\/span><\/span><\/div>\n<\/div>\n<p>Imaginile cu coloana lui Putin \u00een apropierea aeroportului din Vladivostok au fost publicate de pagina local\u0103\u00a0<a href=\"https:\/\/t.me\/svodka25\/38959\" rel=\"nofollow\">Svodka-25.<\/a><\/p>\n<p>Prezen\u021ba militarilor \u0219i a echipamentelor de securitate de-a lungul traseului a provocat \u0219i nemul\u021bumiri \u00een r\u00e2ndul localnicilor, care s-au pl\u00e2ns \u00een grupurile de chat de ambuteiajele provocate de blocarea unor drumuri.<\/p>\n<div class=\"_hydratable\" data-props=\"%7B%22data%22%3A%7B%22caption%22%3A%22%22%2C%22embed%22%3A%22https%3A%2F%2Ftwitframe.reperio.news%3Furl%3Dhttps%3A%2F%2Ftwitter.com%2FSota_Vision%2Fstatus%2F2095054430727237760%3Fs%3D20%22%2C%22height%22%3A300%2C%22measured_height%22%3A101%2C%22service%22%3A%22x%22%2C%22source%22%3A%22https%3A%2F%2Fx.com%2FSota_Vision%2Fstatus%2F2095054430727237760%3Fs%3D20%22%2C%22width%22%3A600%7D%2C%22id%22%3A%22PJTIkVRXkz%22%2C%22type%22%3A%22embed%22%2C%22lines%22%3A10%2C%22linesAbove%22%3A34%2C%22index%22%3A4%2C%22paragraphsAbove%22%3A3%2C%22percentage%22%3A0.2956521739130435%2C%22linesBellow%22%3A81%7D\" data-context=\"%7B%22parentBlockColumnCount%22%3A%7B%22value%22%3A0%2C%22type%22%3A%22store%2Freadable%22%7D%2C%22parentBlockBackgroundColor%22%3A%7B%22type%22%3A%22store%2Freadable%22%7D%7D\" data-component=\"EditorEmbedViewDefault\">\n<div class=\"container-embed svelte-1petmjv\"><\/div>\n<\/div>\n<p>Un alt element neobi\u0219nuit remarcat \u00een timpul vizitei a fost utilizarea unei rampe \u00eenchise cu o structur\u0103 arcuit\u0103 de protec\u021bie, prin care Putin a cobor\u00e2t din avion. Potrivit publica\u021biei \u201eSibir. Realii\u201d, este pentru a doua oar\u0103 c\u00e2nd o astfel de construc\u021bie este folosit\u0103 \u00een jurul liderului rus.<\/p>\n<div class=\"_hydratable\" data-props=\"%7B%22data%22%3A%7B%22caption%22%3A%22%22%2C%22embed%22%3A%22https%3A%2F%2Ftwitframe.reperio.news%3Furl%3Dhttps%3A%2F%2Ftwitter.com%2FGerashchenko_en%2Fstatus%2F2095052571249426931%3Fs%3D20%22%2C%22height%22%3A300%2C%22measured_height%22%3A101%2C%22service%22%3A%22x%22%2C%22source%22%3A%22https%3A%2F%2Fx.com%2FGerashchenko_en%2Fstatus%2F2095052571249426931%3Fs%3D20%22%2C%22width%22%3A600%7D%2C%22id%22%3A%22T0h0S3drPC%22%2C%22type%22%3A%22embed%22%2C%22lines%22%3A10%2C%22linesAbove%22%3A49%2C%22index%22%3A6%2C%22paragraphsAbove%22%3A4%2C%22percentage%22%3A0.4260869565217391%2C%22linesBellow%22%3A66%7D\" data-context=\"%7B%22parentBlockColumnCount%22%3A%7B%22value%22%3A0%2C%22type%22%3A%22store%2Freadable%22%7D%2C%22parentBlockBackgroundColor%22%3A%7B%22type%22%3A%22store%2Freadable%22%7D%7D\" data-component=\"EditorEmbedViewDefault\">\n<div class=\"container-embed svelte-1petmjv\"><\/div>\n<\/div>\n<p>O structur\u0103 similar\u0103 a fost observat\u0103 pentru prima dat\u0103 pe 31 august, \u00een timpul vizitei lui Putin la Bi\u0219kek, cu ocazia summitului Organiza\u021biei de Cooperare de la Shanghai. \u00cen cazul altor vizite externe \u0219i interne recente, inclusiv \u00een Kazahstan, Novosibirsk \u0219i India, pre\u0219edintele rus a cobor\u00e2t din avion folosind o scar\u0103 obi\u0219nuit\u0103, f\u0103r\u0103 o astfel de protec\u021bie.<\/p>\n<h2>Expert: m\u0103surile ar putea avea leg\u0103tur\u0103 cu protec\u021bia \u00eempotriva dronelor<\/h2>\n<p>Expertul militar David Sharp consider\u0103 c\u0103 modific\u0103rile ar putea face parte dintr-un dispozitiv de securitate consolidat. Potrivit acestuia, dac\u0103 structura transparent\u0103 din jurul rampei este realizat\u0103 din sticl\u0103 blindat\u0103, aceasta ar putea oferi protec\u021bie suplimentar\u0103 pre\u0219edintelui rus \u00een intervalul vulnerabil dintre avion \u0219i momentul \u00een care acesta este preluat de garda de corp.<\/p>\n<p>M\u0103surile de securitate din jurul lui Putin au fost intensificate, potrivit unor relat\u0103ri din presa interna\u021bional\u0103, pe fondul atacurilor cu drone ucrainene tot mai frecvente \u00een teritoriul Rusiei.<\/p>\n<p>\u00cen luna mai, Financial Times relata, cit\u00e2nd surse, c\u0103 dispozitivul de protec\u021bie al pre\u0219edintelui rus ar fi fost consolidat semnificativ \u00een ultimele luni. Potrivit acelora\u0219i surse, Putin ar fi \u00eenceput s\u0103 petreac\u0103 mai mult timp \u00een bunc\u0103re subterane, din cauza unor presupuse temeri privind securitatea sa. Aceste informa\u021bii nu au fost confirmate oficial de Kremlin.<\/p>\n<p>Tot \u00een luna mai, \u00een coloana preziden\u021bial\u0103 au fost observate pentru prima dat\u0103 un vehicul blindat prev\u0103zut cu o pozi\u021bie pentru un mitralior \u0219i un autoturism dotat cu un sistem de r\u0103zboi electronic. Spa\u021biul aerian din zona deplas\u0103rii coloanei ar fi fost, de asemenea, supravegheat de un elicopter.<\/p>\n<h2>Coloanele preziden\u021biale ar circula uneori f\u0103r\u0103 Putin<\/h2>\n<p>The New York Times relata \u00een august c\u0103 preocup\u0103rile privind securitatea lui Putin ar fi crescut pe m\u0103sur\u0103 ce dronele ucrainene au \u00eenceput s\u0103 ajung\u0103 tot mai ad\u00e2nc pe teritoriul Rusiei \u0219i s\u0103 loveasc\u0103 inclusiv zona Moscovei.<\/p>\n<p>Potrivit unei surse apropiate Kremlinului citate de publica\u021bie, pentru a \u00eengreuna identificarea pozi\u021biei reale a pre\u0219edintelui, unele coloane preziden\u021biale ar fi \u00eenceput s\u0103 circule prin Moscova f\u0103r\u0103 ca Putin s\u0103 se afle \u00een interiorul acestora.<\/p>\n<h2>Putin \u0219i-a m\u0103rit efectivele de securitate<\/h2>\n<p>Vladimir Putin a semnat un decret privind o nou\u0103 extindere a aparatului central al Serviciului Federal de Protec\u021bie (FSO) \u2014 a patra de la \u00eenceputul invaziei la scar\u0103 larg\u0103 \u00een Ucraina. Potrivit documentului, efectivul maxim al angaja\u021bilor din aparatul central al FSO cre\u0219te de la 785 la 812 persoane.<\/p>\n<p>Precedenta majorare fusese aprobat\u0103 la 1 ianuarie 2025 (p\u00e2n\u0103 la 785 de persoane), iar \u00eenainte de aceasta, personalul fusese extins la 1 ianuarie 2024 (p\u00e2n\u0103 la 775) \u0219i la finalul lui 2022 (de la 725 la 760). \u00cenainte de r\u0103zboi, aparatul central al FSO nu mai fusese extins de aproape 13 ani, scrie Moscow Times. Mai multe detalii pe subiect pot fi g\u0103site\u00a0<a href=\"https:\/\/adevarul.ro\/stiri-externe\/rusia\/putin-si-a-marit-efectivele-de-securitate-pentru-2553343.html\">AICI.<\/a><\/p>\n<p><\/main><\/p>\n<footer class=\"svelte-x63bga\">\n<div class=\"related-wrap related-footer svelte-78g0vl\"><span class=\"related-label svelte-78g0vl\">Cite\u0219te \u0219i<\/span><a class=\"related svelte-78g0vl\" data-gtrack=\"{&quot;event&quot;:&quot;utm_click&quot;,&quot;data&quot;:{&quot;event_category&quot;:&quot;article_related&quot;}}\" href=\"https:\/\/adevarul.ro\/securitate-si-aparare\/atacul-cu-drone-din-germania-parte-din-noua-2553605.html\" title=\"Alt articol de interes pentru tine\"><img decoding=\"async\" class=\"thumb svelte-78g0vl\" src=\"https:\/\/cdn.adh.reperio.news\/image-5\/5c8c2e76-9531-4145-b1e1-2911de44fa3b\/index.jpeg?p=f%3Dwebp%26w%3D120%26h%3D80%26r%3Dcover%26a%3D0\" alt loading=\"lazy\" width=\"80\" height=\"54\"><span class=\"title svelte-78g0vl\">Atacul cu drone din Germania, parte din noua tactic\u0103 a Rusiei. General rom\u00e2n: \u201eSuntem \u00eentr-un pericol latent\u201d<\/span><\/a><a class=\"related svelte-78g0vl\" data-gtrack=\"{&quot;event&quot;:&quot;utm_click&quot;,&quot;data&quot;:{&quot;event_category&quot;:&quot;article_related&quot;}}\" href=\"https:\/\/adevarul.ro\/stiri-externe\/rusia\/moscova-reactioneaza-dupa-represaliile-berlinului-2553683.html\" title=\"Alt articol de interes pentru tine\"><img decoding=\"async\" class=\"thumb svelte-78g0vl\" src=\"https:\/\/cdn.adh.reperio.news\/image-3\/37dbafba-69e0-47c2-9be1-ac675d25e46d\/index.png?p=f%3Dwebp%26w%3D120%26h%3D80%26r%3Dcover%26a%3D0\" alt loading=\"lazy\" width=\"80\" height=\"54\"><span class=\"title svelte-78g0vl\">Moscova reac\u021bioneaz\u0103 dup\u0103 represaliile Berlinului: diplomatul german a fost convocat la Ministerul rus de Externe<\/span><\/a><a class=\"related svelte-78g0vl\" data-gtrack=\"{&quot;event&quot;:&quot;utm_click&quot;,&quot;data&quot;:{&quot;event_category&quot;:&quot;article_related&quot;}}\" href=\"https:\/\/adevarul.ro\/stiri-externe\/rusia\/un-elicopter-a-aterizat-de-urgenta-pe-o-sosea-din-2553688.html\" title=\"Alt articol de interes pentru tine\"><img decoding=\"async\" class=\"thumb svelte-78g0vl\" src=\"https:\/\/cdn.adh.reperio.news\/image-0\/0d5dc5d9-b1a6-406d-83ef-7c4e73014242\/index.gif?p=f%3Dwebp%26w%3D120%26h%3D80%26r%3Dcover%26a%3D0\" alt loading=\"lazy\" width=\"80\" height=\"54\"><span class=\"title svelte-78g0vl\">Un elicopter a aterizat de urgen\u021b\u0103 pe o \u0219osea din Rusia. Motoarele s-ar fi oprit din cauza lipsei de combustibil<\/span><\/a><\/div>\n<div class=\"meta svelte-x63bga\">\n<div class=\"authors svelte-x63bga\"><span class=\"names svelte-x63bga\"><a href=\"https:\/\/adevarul.ro\/author\/2086\" rel=\"author\" class=\"svelte-x63bga\">Oana Ababei<\/a><\/span><\/p>\n<div class=\"_hydratable\" data-props=\"%7B%22showLive%22%3Atrue%7D\" data-context=\"%7B%22parentBlockColumnCount%22%3A%7B%22value%22%3A0%2C%22type%22%3A%22store%2Freadable%22%7D%2C%22parentBlockBackgroundColor%22%3A%7B%22type%22%3A%22store%2Freadable%22%7D%7D\" data-component=\"ShareButton\">\n<div class=\"shareButtons svelte-itwbrr\">\n<div class=\"liveSessions metaFont svelte-1maxmbf\"><span class=\"value svelte-1maxmbf\">1<\/span> live <\/div>\n<\/div>\n<\/div>\n<\/div>\n<div class=\"tags svelte-1l3vwp1\"><span class=\"tags-label metaFont svelte-1l3vwp1\">Cite\u0219te mai multe despre<\/span><\/p>\n<div class=\"tags-list svelte-1l3vwp1\"><a href=\"https:\/\/adevarul.ro\/tag\/rusia\" title=\"Ultimele \u0219tiri despre rusia\" class=\"tag-pill svelte-1l3vwp1\">rusia<\/a><a href=\"https:\/\/adevarul.ro\/tag\/ucraina\" title=\"Ultimele \u0219tiri despre ucraina\" class=\"tag-pill svelte-1l3vwp1\">ucraina<\/a><a href=\"https:\/\/adevarul.ro\/tag\/vladimir%20putin\" title=\"Ultimele \u0219tiri despre vladimir putin\" class=\"tag-pill svelte-1l3vwp1\">vladimir putin<\/a><a href=\"https:\/\/adevarul.ro\/tag\/drone\" title=\"Ultimele \u0219tiri despre drone\" class=\"tag-pill svelte-1l3vwp1\">drone<\/a><a href=\"https:\/\/adevarul.ro\/tag\/blindate\" title=\"Ultimele \u0219tiri despre blindate\" class=\"tag-pill svelte-1l3vwp1\">blindate<\/a><a href=\"https:\/\/adevarul.ro\/tag\/masuri%20de%20securitate\" title=\"Ultimele \u0219tiri despre masuri de securitate\" class=\"tag-pill svelte-1l3vwp1\">masuri de securitate<\/a><\/div>\n<\/div>\n<\/div>\n<p><a class=\"moreFromCategory svelte-x63bga\" href=\"https:\/\/adevarul.ro\/stiri-externe\/rusia\" title=\"Rusia\">Mai multe din <strong class=\"svelte-x63bga\">Rusia<\/strong> \u203a<\/a><\/footer>\n<\/article>\n<p>[analyse_source url=&#8221;https:\/\/adevarul.ro\/stiri-externe\/rusia\/putin-terorizat-de-dronele-ucrainene-mitraliere-2553687.html&#8221;]<\/p>\n","protected":false},"excerpt":{"rendered":"<p>[analyse_image type=&#8221;featured&#8221; src=&#8221;https:\/\/cdn.adh.reperio.news\/image-0\/0da50a6f-ac5e-43cd-a585-59eba4225b54\/index.jpeg?p=f%3Djpeg%26w%3D1200%26h%3D630%26r%3Dcover&#8221;] Home \u0218tiri Externe Rusia Putin, terorizat de dronele ucrainene. Mitraliere antiaeriene \u0219i o scar\u0103 blindat\u0103, observate \u00een timpul vizitei la Vladivostok M\u0103surile de securitate din jurul pre\u0219edintelui rus Vladimir Putin par s\u0103 fi fost intensificate \u00een timpul vizitei sale la Vladivostok, unde particip\u0103 la Forumul Economic de Est. \u00cen coloana oficial\u0103 a [&hellip;]<\/p>\n","protected":false},"author":1,"featured_media":0,"comment_status":"open","ping_status":"","sticky":false,"template":"","format":"standard","meta":{"footnotes":""},"categories":[89],"tags":[19,226],"class_list":["post-2124761","post","type-post","status-publish","format-standard","hentry","category-romania","tag-adevarul","tag-crawlmanager"],"_links":{"self":[{"href":"https:\/\/analyse.optim.biz\/index.php?rest_route=\/wp\/v2\/posts\/2124761","targetHints":{"allow":["GET"]}}],"collection":[{"href":"https:\/\/analyse.optim.biz\/index.php?rest_route=\/wp\/v2\/posts"}],"about":[{"href":"https:\/\/analyse.optim.biz\/index.php?rest_route=\/wp\/v2\/types\/post"}],"author":[{"embeddable":true,"href":"https:\/\/analyse.optim.biz\/index.php?rest_route=\/wp\/v2\/users\/1"}],"replies":[{"embeddable":true,"href":"https:\/\/analyse.optim.biz\/index.php?rest_route=%2Fwp%2Fv2%2Fcomments&post=2124761"}],"version-history":[{"count":0,"href":"https:\/\/analyse.optim.biz\/index.php?rest_route=\/wp\/v2\/posts\/2124761\/revisions"}],"wp:attachment":[{"href":"https:\/\/analyse.optim.biz\/index.php?rest_route=%2Fwp%2Fv2%2Fmedia&parent=2124761"}],"wp:term":[{"taxonomy":"category","embeddable":true,"href":"https:\/\/analyse.optim.biz\/index.php?rest_route=%2Fwp%2Fv2%2Fcategories&post=2124761"},{"taxonomy":"post_tag","embeddable":true,"href":"https:\/\/analyse.optim.biz\/index.php?rest_route=%2Fwp%2Fv2%2Ftags&post=2124761"}],"curies":[{"name":"wp","href":"https:\/\/api.w.org\/{rel}","templated":true}]}}