{"id":2124757,"date":"2026-09-02T14:42:46","date_gmt":"2026-09-02T11:42:46","guid":{"rendered":"https:\/\/analyse.optim.biz\/?p=2124757"},"modified":"2026-09-02T14:42:46","modified_gmt":"2026-09-02T11:42:46","slug":"un-elicopter-a-aterizat-de-urgenta-pe-o-sosea-din-rusia-motoarele-s-ar-fi-oprit-din-cauza-lipsei-de","status":"publish","type":"post","link":"https:\/\/analyse.optim.biz\/?p=2124757","title":{"rendered":"Un elicopter a aterizat de urgen\u021b\u0103 pe o \u0219osea din Rusia. Motoarele s-ar fi oprit din cauza lipsei de&#8230;"},"content":{"rendered":"<p>[analyse_image type=&#8221;featured&#8221; src=&#8221;https:\/\/cdn.adh.reperio.news\/image-0\/0d5dc5d9-b1a6-406d-83ef-7c4e73014242\/index.gif?p=f%3Djpeg%26w%3D1200%26h%3D630%26r%3Dcover&#8221;]<\/p>\n<article class=\"svelte-x63bga\">\n<nav>\n<ul class=\"breadcrump svelte-1pk9a69\">\n<li class=\"svelte-1pk9a69\"><a href=\"https:\/\/adevarul.ro\/\" title=\"Adev\u0103rul\" class=\"svelte-1pk9a69\">Home<\/a><\/li>\n<li class=\"svelte-1pk9a69\"><a href=\"https:\/\/adevarul.ro\/stiri-externe\" class=\"svelte-1pk9a69\">\u0218tiri Externe<\/a><\/li>\n<li class=\"svelte-1pk9a69\"><a href=\"https:\/\/adevarul.ro\/stiri-externe\/rusia\" class=\"svelte-1pk9a69\">Rusia<\/a><\/li>\n<li class=\"svelte-1pk9a69\"><a href=\"https:\/\/adevarul.ro\/stiri-externe\/rusia\/un-elicopter-a-aterizat-de-urgenta-pe-o-sosea-din-2553688.html\" class=\"svelte-1pk9a69\">Un elicopter a aterizat de urgen\u021b\u0103 pe o \u0219osea din Rusia. Motoarele s-ar fi oprit din cauza lipsei de combustibil<\/a><\/li>\n<\/ul>\n<\/nav>\n<p><main class=\"svelte-x63bga\"><\/p>\n<p>Un elicopter a efectuat o aterizare de urgen\u021b\u0103 pe o \u0219osea din insula Sahalin \u0219i s-a r\u0103sturnat \u00een \u0219an\u021b. Ambele motoare ale Mi-8-ului s-ar fi oprit dup\u0103 ce aparatul a r\u0103mas f\u0103r\u0103 combustibil.<\/p>\n<div class=\"_hydratable\" data-props=\"%7B%22type%22%3A%22video%22%2C%22data%22%3A%7B%22player_options%22%3A%7B%7D%2C%22video%22%3A%7B%22animated%22%3A0%2C%22created_at%22%3A%222026-09-02T14%3A22%3A40.000Z%22%2C%22created_by%22%3A267%2C%22entity_type%22%3A%22media%22%2C%22extension%22%3A%22mp4%22%2C%22id%22%3A%2265e0ab68-94ba-40fd-92c5-9dc6e18aa312%22%2C%22origin_duration%22%3A22440%2C%22origin_hash%22%3A%2298cc44786fea00ab91494358af59687c40a7c8ca%22%2C%22origin_height%22%3A1080%2C%22origin_name%22%3A%22elicopter%20rusia.mp4%22%2C%22origin_size%22%3A23158195%2C%22origin_width%22%3A1920%2C%22path%22%3A%22video-6%2F65e0ab68-94ba-40fd-92c5-9dc6e18aa312%2Findex.m3u8%22%2C%22prevent_prune%22%3A0%2C%22published%22%3A0%2C%22restrict_domains%22%3Anull%2C%22source%22%3A%22captur%C4%83%20video%20X%22%2C%22source_url%22%3Anull%2C%22status%22%3A%22ready%22%2C%22thumb%22%3A%22https%3A%2F%2Fcdn.adh.reperio.news%2Fvideo-6%2F65e0ab68-94ba-40fd-92c5-9dc6e18aa312%2Fthumb.0000000.jpg%22%2C%22title%22%3A%22elicopter%20rusia%20mp4%22%2C%22type%22%3A%22video%22%2C%22updated_at%22%3A%222026-09-02T14%3A22%3A55.000Z%22%2C%22url%22%3A%22https%3A%2F%2Fcdn.adh.reperio.news%2Fvideo-6%2F65e0ab68-94ba-40fd-92c5-9dc6e18aa312%2Findex.m3u8%22%2C%22video_raw%22%3Anull%2C%22video_thumbnail%22%3A%22thumb.0000000.jpg%22%7D%7D%7D\" data-context=\"%7B%22parentBlockColumnCount%22%3A%7B%22value%22%3A0%2C%22type%22%3A%22store%2Freadable%22%7D%2C%22parentBlockBackgroundColor%22%3A%7B%22type%22%3A%22store%2Freadable%22%7D%7D\" data-component=\"EditorVideoPlayer\"><\/div>\n<p>Potrivit\u00a0<a href=\"https:\/\/www.dialog.ua\" rel=\"nofollow\">Dialog<\/a>, pe re\u021belele sociale a ap\u0103rut o \u00eenregistrare video cu accidentul unui elicopter rusesc Mi-8, care a r\u0103mas f\u0103r\u0103 combustibil \u00een timpul zborului. <\/p>\n<p>Motoarele s-au oprit, iar elicopterul a \u00eencercat s\u0103 aterizeze pe \u0219oseaua pe care circulau \u00een acel moment mai multe ma\u0219ini. Aparatul de zbor a ie\u0219it de pe carosabil \u0219i a ajuns \u00een \u0219an\u021b, \u00een apropierea localit\u0103\u021bii Sokol. Momentul incidentului a fost surprins de o camer\u0103 de bord.<\/p>\n<p>Jurnali\u0219ti locali, cit\u00e2nd martori, relateaz\u0103 c\u0103 elicopterul a \u00eenceput s\u0103 piard\u0103 brusc altitudine cu aproximativ un kilometru \u00eenainte de aerodrom \u0219i a aterizat pe \u0219osea. Ulterior, Mi-8 s-a r\u0103sturnat \u00een \u0219an\u021b, lovind copacii cu palele. Elicopterul ar fi suferit avarii semnificative. <\/p>\n<p>Canalul Z militar \u0219i paramilitar \u201eFighterbomber\u201d sus\u021bine c\u0103 aterizarea de urgen\u021b\u0103 a fost provocat\u0103 de oprirea ambelor motoare din cauza epuiz\u0103rii complete a combustibilului.<\/p>\n<p>Potrivit comisiei electorale din regiunea Sahalin, elicopterul zbura spre Capul Terpenia pentru a asigura desf\u0103\u0219urarea votului \u00een zone greu accesibile. Incidentul s-a produs \u00een timpul zborului de \u00eentoarcere. La bord se aflau opt persoane: trei membri ai echipajului, un angajat al comisiei electorale \u0219i jurnali\u0219ti. <\/p>\n<p>Elicopterul nu a mai ajuns la aerodrom, r\u0103m\u00e2n\u00e2nd la aproximativ cinci kilometri de acesta.<\/p>\n<p>Cauza exact\u0103 pentru care a r\u0103mas f\u0103r\u0103 combustibil nu a fost stabilit\u0103 oficial \u0219i urmeaz\u0103 s\u0103 fie clarificat\u0103 \u00een urma anchetei.<\/p>\n<p><a href=\"https:\/\/adevarul.ro\/stiri-externe\/rusia\/soferii-din-rusia-s-au-luat-la-bataie-intr-o-2553170.html\">Criza combustibilului \u00een Rusia<\/a>\u00a0a \u00eenceput s\u0103 se agraveze \u00een prim\u0103var\u0103, pe fondul atacurilor cu drone asupra rafin\u0103riilor ruse\u0219ti \u0219i al cre\u0219terii sezoniere a cererii. \u00cen unele regiuni au ap\u0103rut cozi \u0219i limite la cantitatea de combustibil pe care o poate cump\u0103ra un \u0219ofer. <\/p>\n<p>Autorit\u0103\u021bile de la Moscova au reac\u021bionat prin interzicerea exporturilor, relaxarea temporar\u0103 a unor cerin\u021be privind\u00a0<a href=\"https:\/\/adevarul.ro\/stiri-externe\/rusia\/rafinariile-rusesti-vor-avea-liber-sa-amestece-2485534.html\" target=\"_blank\">calitatea combustibilului<\/a>.<\/p>\n<p><\/main><\/p>\n<footer class=\"svelte-x63bga\">\n<div class=\"related-wrap related-footer svelte-78g0vl\"><span class=\"related-label svelte-78g0vl\">Cite\u0219te \u0219i<\/span><a class=\"related svelte-78g0vl\" data-gtrack=\"{&quot;event&quot;:&quot;utm_click&quot;,&quot;data&quot;:{&quot;event_category&quot;:&quot;article_related&quot;}}\" href=\"https:\/\/adevarul.ro\/stiri-interne\/evenimente\/rusii-au-ajuns-sa-vaneze-benzina-si-sa-se-teama-de-2546272.html\" title=\"Alt articol de interes pentru tine\"><img decoding=\"async\" class=\"thumb svelte-78g0vl\" src=\"https:\/\/cdn.adh.reperio.news\/image-7\/7b79cd50-ea64-4ca5-81cb-c3bd87b30216\/index.jpeg?p=f%3Dwebp%26w%3D120%26h%3D80%26r%3Dcover%26a%3D0\" alt loading=\"lazy\" width=\"80\" height=\"54\"><span class=\"title svelte-78g0vl\">Ru\u0219ii au ajuns s\u0103 v\u00e2neze benzin\u0103 \u0219i s\u0103 se team\u0103 de iarn\u0103: tr\u0103iesc scenariul apocaliptic pe care \u00eel promiteau Europei<\/span><\/a><a class=\"related svelte-78g0vl\" data-gtrack=\"{&quot;event&quot;:&quot;utm_click&quot;,&quot;data&quot;:{&quot;event_category&quot;:&quot;article_related&quot;}}\" href=\"https:\/\/adevarul.ro\/stiri-externe\/rusia\/rusii-care-se-plang-de-lipsa-benzinei-sunt-2550715.html\" title=\"Alt articol de interes pentru tine\"><img decoding=\"async\" class=\"thumb svelte-78g0vl\" src=\"https:\/\/cdn.adh.reperio.news\/image-9\/9d4ef6fa-26a8-4781-93c4-844d011af78d\/index.gif?p=f%3Dwebp%26w%3D120%26h%3D80%26r%3Dcover%26a%3D0\" alt loading=\"lazy\" width=\"80\" height=\"54\"><span class=\"title svelte-78g0vl\">Ru\u0219ii care se pl\u00e2ng de lipsa benzinei sunt amenda\u021bi sau aresta\u021bi: b\u0103t\u0103i la pompe \u0219i cozi de 5 ore <\/span><\/a><a class=\"related svelte-78g0vl\" data-gtrack=\"{&quot;event&quot;:&quot;utm_click&quot;,&quot;data&quot;:{&quot;event_category&quot;:&quot;article_related&quot;}}\" href=\"https:\/\/adevarul.ro\/stiri-externe\/rusia\/soferii-din-rusia-s-au-luat-la-bataie-intr-o-2553170.html\" title=\"Alt articol de interes pentru tine\"><img decoding=\"async\" class=\"thumb svelte-78g0vl\" src=\"https:\/\/cdn.adh.reperio.news\/image-4\/415106b8-d531-43ea-8645-f63712a9d7b0\/index.gif?p=f%3Dwebp%26w%3D120%26h%3D80%26r%3Dcover%26a%3D0\" alt loading=\"lazy\" width=\"80\" height=\"54\"><span class=\"title svelte-78g0vl\">\u0218oferii din Rusia s-au luat la b\u0103taie \u00eentr-o benzin\u0103rie, pe fondul crizei de combustibil. Aproximativ zece persoane au fost implicate<\/span><\/a><\/div>\n<div class=\"meta svelte-x63bga\">\n<div class=\"authors svelte-x63bga\"><span class=\"names svelte-x63bga\"><a href=\"https:\/\/adevarul.ro\/author\/2070\" rel=\"author\" class=\"svelte-x63bga\">Narcis Ghiurca<\/a><\/span><\/p>\n<div class=\"_hydratable\" data-props=\"%7B%22showLive%22%3Atrue%7D\" data-context=\"%7B%22parentBlockColumnCount%22%3A%7B%22value%22%3A0%2C%22type%22%3A%22store%2Freadable%22%7D%2C%22parentBlockBackgroundColor%22%3A%7B%22type%22%3A%22store%2Freadable%22%7D%7D\" data-component=\"ShareButton\">\n<div class=\"shareButtons svelte-itwbrr\">\n<div class=\"liveSessions metaFont svelte-1maxmbf\"><span class=\"value svelte-1maxmbf\">1<\/span> live <\/div>\n<\/div>\n<\/div>\n<\/div>\n<div class=\"tags svelte-1l3vwp1\"><span class=\"tags-label metaFont svelte-1l3vwp1\">Cite\u0219te mai multe despre<\/span><\/p>\n<div class=\"tags-list svelte-1l3vwp1\"><a href=\"https:\/\/adevarul.ro\/tag\/elicopter\" title=\"Ultimele \u0219tiri despre elicopter\" class=\"tag-pill svelte-1l3vwp1\">elicopter<\/a><a href=\"https:\/\/adevarul.ro\/tag\/sahalin\" title=\"Ultimele \u0219tiri despre sahalin\" class=\"tag-pill svelte-1l3vwp1\">sahalin<\/a><\/div>\n<\/div>\n<\/div>\n<p><a class=\"moreFromCategory svelte-x63bga\" href=\"https:\/\/adevarul.ro\/stiri-externe\/rusia\" title=\"Rusia\">Mai multe din <strong class=\"svelte-x63bga\">Rusia<\/strong> \u203a<\/a><\/footer>\n<\/article>\n<p>[analyse_source url=&#8221;https:\/\/adevarul.ro\/stiri-externe\/rusia\/un-elicopter-a-aterizat-de-urgenta-pe-o-sosea-din-2553688.html&#8221;]<\/p>\n","protected":false},"excerpt":{"rendered":"<p>[analyse_image type=&#8221;featured&#8221; src=&#8221;https:\/\/cdn.adh.reperio.news\/image-0\/0d5dc5d9-b1a6-406d-83ef-7c4e73014242\/index.gif?p=f%3Djpeg%26w%3D1200%26h%3D630%26r%3Dcover&#8221;] Home \u0218tiri Externe Rusia Un elicopter a aterizat de urgen\u021b\u0103 pe o \u0219osea din Rusia. Motoarele s-ar fi oprit din cauza lipsei de combustibil Un elicopter a efectuat o aterizare de urgen\u021b\u0103 pe o \u0219osea din insula Sahalin \u0219i s-a r\u0103sturnat \u00een \u0219an\u021b. Ambele motoare ale Mi-8-ului s-ar fi oprit dup\u0103 ce [&hellip;]<\/p>\n","protected":false},"author":1,"featured_media":0,"comment_status":"open","ping_status":"","sticky":false,"template":"","format":"standard","meta":{"footnotes":""},"categories":[89],"tags":[19,226],"class_list":["post-2124757","post","type-post","status-publish","format-standard","hentry","category-romania","tag-adevarul","tag-crawlmanager"],"_links":{"self":[{"href":"https:\/\/analyse.optim.biz\/index.php?rest_route=\/wp\/v2\/posts\/2124757","targetHints":{"allow":["GET"]}}],"collection":[{"href":"https:\/\/analyse.optim.biz\/index.php?rest_route=\/wp\/v2\/posts"}],"about":[{"href":"https:\/\/analyse.optim.biz\/index.php?rest_route=\/wp\/v2\/types\/post"}],"author":[{"embeddable":true,"href":"https:\/\/analyse.optim.biz\/index.php?rest_route=\/wp\/v2\/users\/1"}],"replies":[{"embeddable":true,"href":"https:\/\/analyse.optim.biz\/index.php?rest_route=%2Fwp%2Fv2%2Fcomments&post=2124757"}],"version-history":[{"count":0,"href":"https:\/\/analyse.optim.biz\/index.php?rest_route=\/wp\/v2\/posts\/2124757\/revisions"}],"wp:attachment":[{"href":"https:\/\/analyse.optim.biz\/index.php?rest_route=%2Fwp%2Fv2%2Fmedia&parent=2124757"}],"wp:term":[{"taxonomy":"category","embeddable":true,"href":"https:\/\/analyse.optim.biz\/index.php?rest_route=%2Fwp%2Fv2%2Fcategories&post=2124757"},{"taxonomy":"post_tag","embeddable":true,"href":"https:\/\/analyse.optim.biz\/index.php?rest_route=%2Fwp%2Fv2%2Ftags&post=2124757"}],"curies":[{"name":"wp","href":"https:\/\/api.w.org\/{rel}","templated":true}]}}