{"id":2124752,"date":"2026-09-02T14:25:24","date_gmt":"2026-09-02T11:25:24","guid":{"rendered":"https:\/\/analyse.optim.biz\/?p=2124752"},"modified":"2026-09-02T14:25:24","modified_gmt":"2026-09-02T11:25:24","slug":"moscova-reactioneaza-dupa-represaliile-berlinului-diplomatul-german-a-fost-convocat-la-ministerul-rus-de","status":"publish","type":"post","link":"https:\/\/analyse.optim.biz\/?p=2124752","title":{"rendered":"Moscova reac\u021bioneaz\u0103 dup\u0103 represaliile Berlinului: diplomatul german a fost convocat la Ministerul rus de&#8230;"},"content":{"rendered":"<p>[analyse_image type=&#8221;featured&#8221; src=&#8221;https:\/\/cdn.adh.reperio.news\/image-3\/37dbafba-69e0-47c2-9be1-ac675d25e46d\/index.png?p=f%3Djpeg%26w%3D1200%26h%3D630%26r%3Dcover&#8221;]<\/p>\n<article class=\"svelte-x63bga\">\n<nav>\n<ul class=\"breadcrump svelte-1pk9a69\">\n<li class=\"svelte-1pk9a69\"><a href=\"https:\/\/adevarul.ro\/\" title=\"Adev\u0103rul\" class=\"svelte-1pk9a69\">Home<\/a><\/li>\n<li class=\"svelte-1pk9a69\"><a href=\"https:\/\/adevarul.ro\/stiri-externe\" class=\"svelte-1pk9a69\">\u0218tiri Externe<\/a><\/li>\n<li class=\"svelte-1pk9a69\"><a href=\"https:\/\/adevarul.ro\/stiri-externe\/rusia\" class=\"svelte-1pk9a69\">Rusia<\/a><\/li>\n<li class=\"svelte-1pk9a69\"><a href=\"https:\/\/adevarul.ro\/stiri-externe\/rusia\/moscova-reactioneaza-dupa-represaliile-berlinului-2553683.html\" class=\"svelte-1pk9a69\">Moscova reac\u021bioneaz\u0103 dup\u0103 represaliile Berlinului: diplomatul german a fost convocat la Ministerul rus de Externe<\/a><\/li>\n<\/ul>\n<\/nav>\n<p><main class=\"svelte-x63bga\"><\/p>\n<p>Ministerul rus de Externe l-a convocat miercuri pe \u00eens\u0103rcinatul cu afaceri al Germaniei la Moscova, Bernd Finke, la o zi dup\u0103 ce Berlinul a anun\u021bat o serie de m\u0103suri de represalii \u00eempotriva Rusiei, pe care o acuz\u0103 c\u0103 s-ar afla \u00een spatele unui incident cu o dron\u0103 \u00eenc\u0103rcat\u0103 cu explozibili, produs la \u00eenceputul lunii august pe aeroportul Leipzig\/Halle.<\/p>\n<div class=\"container-image  svelte-1xbw4f3\"><source type=\"image\/webp\" srcset=\"https:\/\/cdn.adh.reperio.news\/image-3\/37dbafba-69e0-47c2-9be1-ac675d25e46d\/index.png?p=a%3D1%26co%3D1.05%26w%3D1400%26h%3D750%26r%3Dcontain%26f%3Dwebp 1400w\" media=\"(min-width: 1400px)\" \/><\/p>\n<div class=\"caption svelte-1xbw4f3\"><span class=\"captionText svelte-1xbw4f3\">\u00cens\u0103rcinatul cu afaceri al Germaniei la Moscova, Bernd Finke, a fost convocat \u00een capitala rus\u0103. <span class=\"source svelte-1xbw4f3\">Foto: captur\u0103 video X<\/span><\/span><\/div>\n<\/div>\n<p>Diploma\u021bia rus\u0103 a anun\u021bat c\u0103 diplomatul german a fost convocat <i>\u201e\u00een urma ac\u021biunilor \u0219i declara\u021biilor antiruse\u0219ti ale autorit\u0103\u021bilor germane\u201d. <\/i>Potrivit agen\u021biei TASS, Bernd Finke a petrecut aproximativ o or\u0103 la Ministerul rus de Externe, dup\u0103 care a p\u0103r\u0103sit cl\u0103direa.<\/p>\n<p>Convocarea are loc la o zi dup\u0103 ce\u00a0<a href=\"https:\/\/adevarul.ro\/stiri-externe\/europa\/germania-acuza-oficial-rusia-pentru-incidentul-cu-2553486.html\">guvernul german a atribuit oficial Rusiei responsabilitatea pentru incidentul cu drona<\/a>\u00a0de la aeroportul Leipzig\/Halle \u0219i a anun\u021bat m\u0103suri de ripost\u0103.<\/p>\n<div class=\"_hydratable\" data-props=\"%7B%22data%22%3A%7B%22caption%22%3A%22%22%2C%22embed%22%3A%22https%3A%2F%2Ftwitframe.reperio.news%3Furl%3Dhttps%3A%2F%2Ftwitter.com%2FBrianMcDonaldIE%2Fstatus%2F2095124321291096494%3Fs%3D20%22%2C%22height%22%3A300%2C%22measured_height%22%3A1329%2C%22service%22%3A%22x%22%2C%22source%22%3A%22https%3A%2F%2Fx.com%2FBrianMcDonaldIE%2Fstatus%2F2095124321291096494%3Fs%3D20%22%2C%22width%22%3A600%7D%2C%22id%22%3A%22LEJwPMx1dt%22%2C%22type%22%3A%22embed%22%2C%22lines%22%3A10%2C%22linesAbove%22%3A37%2C%22index%22%3A4%2C%22paragraphsAbove%22%3A3%2C%22percentage%22%3A0.37755102040816324%2C%22linesBellow%22%3A61%7D\" data-context=\"%7B%22parentBlockColumnCount%22%3A%7B%22value%22%3A0%2C%22type%22%3A%22store%2Freadable%22%7D%2C%22parentBlockBackgroundColor%22%3A%7B%22type%22%3A%22store%2Freadable%22%7D%7D\" data-component=\"EditorEmbedViewDefault\">\n<div class=\"container-embed svelte-1petmjv\"><\/div>\n<\/div>\n<p>Printre deciziile Berlinului se num\u0103r\u0103 \u00eenchiderea Consulatului General al Federa\u021biei Ruse de la Bonn, \u00eencep\u00e2nd cu 18 septembrie. Germania a decis, de asemenea, denun\u021barea acordului care reglementa activitatea \u201eCasei Rusia\u201d din Berlin \u0219i \u00een\u0103sprirea controalelor la intrarea \u00een \u021bar\u0103 pentru cet\u0103\u021benii ru\u0219i.<\/p>\n<h2>Putin acuz\u0103 Berlinul de o \u201egre\u0219eal\u0103 grav\u0103\u201d<\/h2>\n<p>Pre\u0219edintele rus Vladimir Putin a criticat dur m\u0103surile anun\u021bate de Germania, calific\u00e2ndu-le drept o alt\u0103 \u201egre\u0219eal\u0103 grav\u0103\u201d a autorit\u0103\u021bilor de la Berlin.<\/p>\n<p>Liderul de la Kremlin sus\u021bine c\u0103 deciziile Berlinului contravin intereselor poporului german \u0219i afirm\u0103 c\u0103 acestea ar fi legate inclusiv de situa\u021bia politic\u0103 intern\u0103 din Germania \u0219i de pozi\u021bia cancelarului Friedrich Merz.<\/p>\n<p>Moscova respinge astfel acuza\u021biile \u0219i m\u0103surile adoptate de Berlin \u00een urma incidentului de la Leipzig \u0219i avertizeaz\u0103 c\u0103 rela\u021biile dintre cele dou\u0103 \u021b\u0103ri s-ar putea deteriora \u0219i mai mult.<\/p>\n<p>La r\u00e2ndul s\u0103u, viceministrul rus de Externe, Aleksandr Gru\u0219ko, a declarat c\u0103 Germania a ales <i>\u201ecalea escalad\u0103rii\u201d.<\/i> Diplomatul a sugerat c\u0103 Moscova ar putea lua \u00een calcul inclusiv reducerea nivelului rela\u021biilor diplomatice dintre cele dou\u0103 state, de\u0219i a precizat c\u0103 acest lucru nu exclude continuarea eforturilor diplomatice.<\/p>\n<h2>General rom\u00e2n: \u201eSuntem \u00eentr-un pericol latent\u201d<\/h2>\n<p>\u00centr-un interviu pentru \u201eAdev\u0103rul\u201d, generalul Marius Cr\u0103ciun, cofondator al For\u0163ele pentru Opera\u0163ii Speciale din Rom\u00e2nia, a vorbit recent despre ac\u021biunile ruse\u0219ti hibride din Germania \u0219i Rom\u00e2nia, despre riscurile pe care le prezint\u0103 acestea \u0219i inventivitatea FSB. Detalii\u00a0<a href=\"https:\/\/adevarul.ro\/securitate-si-aparare\/atacul-cu-drone-din-germania-parte-din-noua-2553605.html\">AICI.<\/a><\/p>\n<h2>Reprezentanta Rom\u00e2niei \u00een capitala rus\u0103 a fost convocat\u0103 de urgen\u021b\u0103 s\u0103 dea explica\u021bii<\/h2>\n<p>Amintim c\u0103 Liliana Burda, \u00eens\u0103rcinata cu afaceri a Rom\u00e2niei \u00een Rusia, a fost convocat\u0103 joi, 27 august, la Ministerul Afacerilor Externe de la Moscova.\u00a0Convocarea are loc pe fondul deterior\u0103rii rela\u021biilor diplomatice dintre Bucure\u0219ti \u0219i Moscova \u0219i a numeroaselor incidente cu drone din ultimul timp.\u00a0<\/p>\n<div class=\"_hydratable\" data-props=\"%7B%22data%22%3A%7B%22caption%22%3A%22%22%2C%22embed%22%3A%22https%3A%2F%2Ftwitframe.reperio.news%3Furl%3Dhttps%3A%2F%2Ftwitter.com%2Fmfa_russia%2Fstatus%2F2092878631207084070%3Fs%3D20%22%2C%22height%22%3A300%2C%22measured_height%22%3A607%2C%22service%22%3A%22x%22%2C%22source%22%3A%22https%3A%2F%2Fx.com%2Fmfa_russia%2Fstatus%2F2092878631207084070%3Fs%3D20%22%2C%22width%22%3A600%7D%2C%22id%22%3A%22K62pGud5df%22%2C%22type%22%3A%22embed%22%2C%22lines%22%3A10%2C%22linesAbove%22%3A98%2C%22index%22%3A15%2C%22paragraphsAbove%22%3A10%2C%22percentage%22%3A1%2C%22linesBellow%22%3A0%7D\" data-context=\"%7B%22parentBlockColumnCount%22%3A%7B%22value%22%3A0%2C%22type%22%3A%22store%2Freadable%22%7D%2C%22parentBlockBackgroundColor%22%3A%7B%22type%22%3A%22store%2Freadable%22%7D%7D\" data-component=\"EditorEmbedViewDefault\">\n<div class=\"container-embed svelte-1petmjv\"><\/div>\n<\/div>\n<p><\/main><\/p>\n<footer class=\"svelte-x63bga\">\n<div class=\"related-wrap related-footer svelte-78g0vl\"><span class=\"related-label svelte-78g0vl\">Cite\u0219te \u0219i<\/span><a class=\"related svelte-78g0vl\" data-gtrack=\"{&quot;event&quot;:&quot;utm_click&quot;,&quot;data&quot;:{&quot;event_category&quot;:&quot;article_related&quot;}}\" href=\"https:\/\/adevarul.ro\/stiri-externe\/rusia\/rusia-ajuta-in-secret-iranul-sa-dezvolte-rachete-2553567.html\" title=\"Alt articol de interes pentru tine\"><img decoding=\"async\" class=\"thumb svelte-78g0vl\" src=\"https:\/\/cdn.adh.reperio.news\/image-f\/ffd599cb-9cd1-4ef2-b040-eacb3232b59a\/index.jpeg?p=f%3Dwebp%26w%3D120%26h%3D80%26r%3Dcover%26a%3D0\" alt loading=\"lazy\" width=\"80\" height=\"54\"><span class=\"title svelte-78g0vl\">Rusia ajut\u0103 \u00een secret Iranul s\u0103 dezvolte rachete de croazier\u0103 supersonice, potrivit Financial Times<\/span><\/a><a class=\"related svelte-78g0vl\" data-gtrack=\"{&quot;event&quot;:&quot;utm_click&quot;,&quot;data&quot;:{&quot;event_category&quot;:&quot;article_related&quot;}}\" href=\"https:\/\/adevarul.ro\/securitate-si-aparare\/atacul-cu-drone-din-germania-parte-din-noua-2553605.html\" title=\"Alt articol de interes pentru tine\"><img decoding=\"async\" class=\"thumb svelte-78g0vl\" src=\"https:\/\/cdn.adh.reperio.news\/image-5\/5c8c2e76-9531-4145-b1e1-2911de44fa3b\/index.jpeg?p=f%3Dwebp%26w%3D120%26h%3D80%26r%3Dcover%26a%3D0\" alt loading=\"lazy\" width=\"80\" height=\"54\"><span class=\"title svelte-78g0vl\">Atacul cu drone din Germania, parte din noua tactic\u0103 a Rusiei. General rom\u00e2n: \u201eSuntem \u00eentr-un pericol latent\u201d<\/span><\/a><a class=\"related svelte-78g0vl\" data-gtrack=\"{&quot;event&quot;:&quot;utm_click&quot;,&quot;data&quot;:{&quot;event_category&quot;:&quot;article_related&quot;}}\" href=\"https:\/\/adevarul.ro\/stiri-externe\/europa\/zboruri-spre-moscova-oprite-in-aer-dupa-2553631.html\" title=\"Alt articol de interes pentru tine\"><img decoding=\"async\" class=\"thumb svelte-78g0vl\" src=\"https:\/\/cdn.adh.reperio.news\/image-d\/d54865e3-32c1-4843-825a-8749bb87435d\/index.jpeg?p=f%3Dwebp%26w%3D120%26h%3D80%26r%3Dcover%26a%3D0\" alt loading=\"lazy\" width=\"80\" height=\"54\"><span class=\"title svelte-78g0vl\">Zboruri spre Moscova, oprite \u00een aer dup\u0103 avertismentul lui Zelenski<\/span><\/a><\/div>\n<div class=\"meta svelte-x63bga\">\n<div class=\"authors svelte-x63bga\"><span class=\"names svelte-x63bga\"><a href=\"https:\/\/adevarul.ro\/author\/2086\" rel=\"author\" class=\"svelte-x63bga\">Oana Ababei<\/a><\/span><\/p>\n<div class=\"_hydratable\" data-props=\"%7B%22showLive%22%3Atrue%7D\" data-context=\"%7B%22parentBlockColumnCount%22%3A%7B%22value%22%3A0%2C%22type%22%3A%22store%2Freadable%22%7D%2C%22parentBlockBackgroundColor%22%3A%7B%22type%22%3A%22store%2Freadable%22%7D%7D\" data-component=\"ShareButton\">\n<div class=\"shareButtons svelte-itwbrr\">\n<div class=\"liveSessions metaFont svelte-1maxmbf\"><span class=\"value svelte-1maxmbf\">1<\/span> live <\/div>\n<\/div>\n<\/div>\n<\/div>\n<div class=\"tags svelte-1l3vwp1\"><span class=\"tags-label metaFont svelte-1l3vwp1\">Cite\u0219te mai multe despre<\/span><\/p>\n<div class=\"tags-list svelte-1l3vwp1\"><a href=\"https:\/\/adevarul.ro\/tag\/rusia\" title=\"Ultimele \u0219tiri despre rusia\" class=\"tag-pill svelte-1l3vwp1\">rusia<\/a><a href=\"https:\/\/adevarul.ro\/tag\/vladimir%20putin\" title=\"Ultimele \u0219tiri despre vladimir putin\" class=\"tag-pill svelte-1l3vwp1\">vladimir putin<\/a><a href=\"https:\/\/adevarul.ro\/tag\/germania\" title=\"Ultimele \u0219tiri despre germania\" class=\"tag-pill svelte-1l3vwp1\">germania<\/a><\/div>\n<\/div>\n<\/div>\n<p><a class=\"moreFromCategory svelte-x63bga\" href=\"https:\/\/adevarul.ro\/stiri-externe\/rusia\" title=\"Rusia\">Mai multe din <strong class=\"svelte-x63bga\">Rusia<\/strong> \u203a<\/a><\/footer>\n<\/article>\n<p>[analyse_source url=&#8221;https:\/\/adevarul.ro\/stiri-externe\/rusia\/moscova-reactioneaza-dupa-represaliile-berlinului-2553683.html&#8221;]<\/p>\n","protected":false},"excerpt":{"rendered":"<p>[analyse_image type=&#8221;featured&#8221; src=&#8221;https:\/\/cdn.adh.reperio.news\/image-3\/37dbafba-69e0-47c2-9be1-ac675d25e46d\/index.png?p=f%3Djpeg%26w%3D1200%26h%3D630%26r%3Dcover&#8221;] Home \u0218tiri Externe Rusia Moscova reac\u021bioneaz\u0103 dup\u0103 represaliile Berlinului: diplomatul german a fost convocat la Ministerul rus de Externe Ministerul rus de Externe l-a convocat miercuri pe \u00eens\u0103rcinatul cu afaceri al Germaniei la Moscova, Bernd Finke, la o zi dup\u0103 ce Berlinul a anun\u021bat o serie de m\u0103suri de represalii \u00eempotriva Rusiei, [&hellip;]<\/p>\n","protected":false},"author":1,"featured_media":0,"comment_status":"open","ping_status":"","sticky":false,"template":"","format":"standard","meta":{"footnotes":""},"categories":[89],"tags":[19,226],"class_list":["post-2124752","post","type-post","status-publish","format-standard","hentry","category-romania","tag-adevarul","tag-crawlmanager"],"_links":{"self":[{"href":"https:\/\/analyse.optim.biz\/index.php?rest_route=\/wp\/v2\/posts\/2124752","targetHints":{"allow":["GET"]}}],"collection":[{"href":"https:\/\/analyse.optim.biz\/index.php?rest_route=\/wp\/v2\/posts"}],"about":[{"href":"https:\/\/analyse.optim.biz\/index.php?rest_route=\/wp\/v2\/types\/post"}],"author":[{"embeddable":true,"href":"https:\/\/analyse.optim.biz\/index.php?rest_route=\/wp\/v2\/users\/1"}],"replies":[{"embeddable":true,"href":"https:\/\/analyse.optim.biz\/index.php?rest_route=%2Fwp%2Fv2%2Fcomments&post=2124752"}],"version-history":[{"count":0,"href":"https:\/\/analyse.optim.biz\/index.php?rest_route=\/wp\/v2\/posts\/2124752\/revisions"}],"wp:attachment":[{"href":"https:\/\/analyse.optim.biz\/index.php?rest_route=%2Fwp%2Fv2%2Fmedia&parent=2124752"}],"wp:term":[{"taxonomy":"category","embeddable":true,"href":"https:\/\/analyse.optim.biz\/index.php?rest_route=%2Fwp%2Fv2%2Fcategories&post=2124752"},{"taxonomy":"post_tag","embeddable":true,"href":"https:\/\/analyse.optim.biz\/index.php?rest_route=%2Fwp%2Fv2%2Ftags&post=2124752"}],"curies":[{"name":"wp","href":"https:\/\/api.w.org\/{rel}","templated":true}]}}