{"id":2124751,"date":"2026-09-02T00:00:00","date_gmt":"2026-09-01T21:00:00","guid":{"rendered":"https:\/\/analyse.optim.biz\/?p=2124751"},"modified":"2026-09-02T00:00:00","modified_gmt":"2026-09-01T21:00:00","slug":"doina-banciu-aosr-secolul-xxi-al-informatiei-este-secolul-bibliotecilor","status":"publish","type":"post","link":"https:\/\/analyse.optim.biz\/?p=2124751","title":{"rendered":"Doina Banciu (AOSR): Secolul XXI, al informa\u021biei, este secolul bibliotecilor"},"content":{"rendered":"<p>[analyse_image type=&#8221;featured&#8221; src=&#8221;https:\/\/foto.agerpres.ro\/foto\/detaliu\/18137520&#8243;]<\/p>\n<div class=\"mx-auto pt-3\">\n<p>Pre\u0219edintele Academiei Oamenilor de \u0218tiin\u021b\u0103 din Rom\u00e2nia (AOSR), Doina Banciu, invitat\u0103 la Conferin\u021ba Na\u021bional\u0103 a Asocia\u021biei Bibliotecarilor din Rom\u00e2nia, desf\u0103\u0219urat\u0103 la Bra\u0219ov, a \u021binut, miercuri, &#8216;o pledoarie&#8217; despre bibliotec\u0103, ar\u0103t\u00e2nd c\u0103 aceast\u0103 institu\u021bie trebuie sus\u021binut\u0103 deoarece \u00eenseamn\u0103 cunoa\u0219tere \u0219i a f\u0103cut o paralel\u0103 \u00eentre bibliotecari \u0219i informaticieni, care au acela\u0219i obiect al muncii, informa\u021bia.<\/p>\n<p>&#8216;Bibliotecile promoveaz\u0103 cunoa\u0219terea \u0219i acest lucru este motto-ul pe care trebuie s\u0103-l \u00een\u021beleag\u0103 \u0219i cei care au fost aici, al\u0103turi de noi, \u0219i cei care sunt deasupra noastr\u0103, care iau decizii, \u0219i anume c\u0103 o bibliotec\u0103 \u00eenseamn\u0103 spirit liber, constructiv \u0219i crea\u021bie. \u00cen Academie, cel pu\u021bin de c\u00e2nd am fost aleas\u0103 \u00een func\u021bie, am \u00eencercat s\u0103 promovez ac\u021biuni legate de biblioteci. (&#8230;) Secolul acesta este al bibliotecilor, dar nu \u00een sensul plastic, ci al informa\u021biei. V\u0103 spun cu responsabilitatea a 50 de ani de c\u00e2nd suntem \u00eempreun\u0103: \u0219i bibliotecarii, \u0219i informaticienii au acela\u0219i obiect al muncii \u0219i anume informa\u021bia. \u0218i v\u0103 spun cu toat\u0103 responsabilitatea: bibliotecile sunt precursorul inteligen\u021bei artificiale. M-am \u00eent\u00e2lnit acum aproape o jum\u0103tate de secol cu lumea dumneavoastr\u0103 \u0219i am \u00een\u021beles c\u0103 ea este una pe care trebuie s\u0103 o pre\u021buim noi, cei care venim din alte meserii, eu fiind inginer. (&#8230;) P\u00e2n\u0103 \u00een prezent, bibliotecile au \u021binut pasul cu tehnologia, mai greu, unele mai dezvoltate, altele mai pu\u021bin dezvoltate, dar au fost \u00eentotdeauna prezente \u00een topul institu\u021biilor care implementeaz\u0103 tehnologia&#8217;, a spus prof. dr. ing. Doina Banciu.<\/p>\n<p>Pe de alt\u0103 parte, directorul general al Bibliotecii Central Universitare &#8216;Carol I&#8217; Bucure\u0219ti, conf. univ. dr. Mireille R\u0103doi a subliniat c\u0103, \u00een contextul actual, apari\u021bia site-urilor de piraterie pune presiune \u0219i &#8216;\u00eempinge profesia de bibliotecar spre reinventare&#8217;, astfel c\u0103 rolul acestuia este nu doar de administrare a colec\u021biei, ci \u0219i de \u00eendrumare a activ\u0103 a utilizatorilor c\u0103tre surse legale \u0219i verificate.<\/p>\n<p><img decoding=\"async\" alt src=\"https:\/\/foto.agerpres.ro\/photos\/19525658\/cover.jpg\">Foto: (C)\u00a0RADU TUTA \/ AGERPRES FOTO<\/p>\n<hr>\n<p>\u00a0<\/p>\n<p>\u00cen contextul \u00een care publicul ar putea crede c\u0103 &#8216;g\u0103se\u0219ti orice gratis online&#8217; \u0219i ignor\u0103 valoarea real\u0103 a expertizei de specialitate, este important\u0103 promovarea resurselor legale, educarea utilizatorilor despre acces deschis spre depozite institu\u021bionale verificate \u0219i &#8216;alfabetizarea informa\u021bional\u0103&#8217;, care ajut\u0103 la distinc\u021bia dintre surs\u0103 verificat\u0103 \u0219i surs\u0103 piratat\u0103\/neverificat\u0103, a subliniat directorul BCU Bucure\u0219ti.<\/p>\n<p>&#8216;Biblioteca ofer\u0103 acces liber \u0219i gratuit la publica\u021bii ale patrimoniului cultural rom\u00e2nesc, disponibile oric\u00e2nd, de oriunde, f\u0103r\u0103 cont sau plat\u0103, digitalizate de institu\u021bie cu respectarea legisla\u021biei privind dreptului de autor, con\u021binut unic &#8211; manuscrise \u0219i c\u0103r\u021bi rare, unele imposibil de g\u0103sit pe alte platforme online, sigur, sus\u021binut pe termen lung, f\u0103r\u0103 riscul ca domeniul s\u0103 fie blocat oric\u00e2nd, \u0219i catalogare specializat\u0103: descrieri bibliografice verificate \u0219i catalogate conform normelor de specialitate&#8217;, a ar\u0103tat directorul BCU Bucure\u0219ti.<\/p>\n<p>La r\u00e2ndul s\u0103u, directorul Bibliotecii Jude\u021bene &#8216;George Bari\u021biu&#8217; Bra\u0219ov, dr. Daniel Nazare, a vorbit \u0219i despre leg\u0103tura dintre dezvoltarea ora\u0219ului \u0219i cea a bibliotecilor public\u0103 \u0219i respectiv cea universitar\u0103, subliniind faptul c\u0103 ambele &#8216;au o \u0219ans\u0103 \u00een acest deceniu&#8217; al tehnologiei \u0219i punct\u00e2nd c\u0103, \u00een pofida digitiz\u0103rii, s\u0103lile de lectur\u0103 ale institu\u021biei pe care o conduce &#8216;sunt pline&#8217;.<\/p>\n<p>&#8216;La Bra\u0219ov, mai \u00eent\u00e2i s-a inventat motorul \u0219i apoi s-a mers la bibliotec\u0103 s\u0103 se vad\u0103 cum trebuia acesta f\u0103cut cu adev\u0103rat. S\u0103 nu ajungem acolo, ci \u00eentotdeauna s\u0103 r\u0103m\u00e2nem cu cartea al\u0103turi de noi, s\u0103 reflect\u0103m la ce au f\u0103cut genera\u021biile de dinaintea noastr\u0103 \u0219i s\u0103 ne ducem la bibliotec\u0103, ce pentru orice ne poate oferi un r\u0103spuns&#8217;, a ar\u0103tat directorul Bibliotecii Jude\u021bene Bra\u0219ov.<\/p>\n<p><img decoding=\"async\" alt src=\"https:\/\/foto.agerpres.ro\/photos\/19283173\/cover.jpg\"><br \/>\nFoto: (C)\u00a0ALEX MICSIK \/ AGERPRES FOTO<\/p>\n<hr>\n<p>\u00a0<\/p>\n<p><strong>Directorul general al AGERPRES, Claudia Nicolae, a f\u0103cut o altfel de pledoarie pentru bibliotec\u0103, reamintind c\u0103, pe l\u00e2ng\u0103 marile biblioteci publice \u0219i universitare, exist\u0103 \u0219i cele comunale, s\u0103te\u0219ti, &#8216;cele pe care nimeni nu le mai fotografiaz\u0103 pentru c\u0103 nu produc breaking news&#8217;, \u00eens\u0103 pe care reporterii agen\u021biei le-au prezentat \u00eentr-un proiect ce se deruleaz\u0103 \u00eencep\u00e2nd din luna mai.<\/strong><\/p>\n<p>&#8216;Biblioteca de sat sau de comun\u0103 nu e o versiune mai mic\u0103 a bibliotecii mari din ora\u0219. E, de multe ori, singura institu\u021bie cultural\u0103 care mai exist\u0103 \u00eentr-o localitate. Iar c\u00e2nd o televiziune sau o agen\u021bie de pres\u0103 central\u0103 ignor\u0103 acest lucru, o comunitate \u00eentreag\u0103 devine invizibil\u0103 pentru restul \u021b\u0103rii. Aici e locul unde presa are o responsabilitate direct\u0103. O agen\u021bie na\u021bional\u0103 de pres\u0103 are re\u021bea de coresponden\u021bi \u00een toate jude\u021bele, are capacitate de a produce fotografie de calitate, are audien\u021b\u0103 \u0219i are, cel mai important, credibilitate institu\u021bional\u0103. Pun\u00e2nd aceast\u0103 infrastructur\u0103 la dispozi\u021bia bibliotecilor mici nu facem doar o relatare cultural\u0103 simpatic\u0103 &#8211; construim, episod cu episod, un fel de arhiv\u0103 vie a acestor institu\u021bii, vizibil\u0103 la nivel na\u021bional, exact \u00een momentul \u00een care multe dintre ele se lupt\u0103 pentru finan\u021bare, pentru dona\u021bii, pentru un motiv s\u0103 continue&#8217;, a spus directorul general al AGERPRES, Claudia Nicolae. AGERPRES\/(AS &#8211; redactor: Diana Dumitru, editor: George Onea, editor online: Anda Badea)<\/p>\n<\/div>\n<div class=\"mx-auto pt-3\">\n                                Afisari: 275\n                            <\/div>\n<p>[analyse_source url=&#8221;https:\/\/agerpres.ro\/cultura-media\/2026\/09\/02\/doina-banciu-aosr-secolul-xxi-al-informatiei-este-secolul-bibliotecilor&#8211;1590119&#8243;]<\/p>\n","protected":false},"excerpt":{"rendered":"<p>[analyse_image type=&#8221;featured&#8221; src=&#8221;https:\/\/foto.agerpres.ro\/foto\/detaliu\/18137520&#8243;] Pre\u0219edintele Academiei Oamenilor de \u0218tiin\u021b\u0103 din Rom\u00e2nia (AOSR), Doina Banciu, invitat\u0103 la Conferin\u021ba Na\u021bional\u0103 a Asocia\u021biei Bibliotecarilor din Rom\u00e2nia, desf\u0103\u0219urat\u0103 la Bra\u0219ov, a \u021binut, miercuri, &#8216;o pledoarie&#8217; despre bibliotec\u0103, ar\u0103t\u00e2nd c\u0103 aceast\u0103 institu\u021bie trebuie sus\u021binut\u0103 deoarece \u00eenseamn\u0103 cunoa\u0219tere \u0219i a f\u0103cut o paralel\u0103 \u00eentre bibliotecari \u0219i informaticieni, care au acela\u0219i obiect al [&hellip;]<\/p>\n","protected":false},"author":1,"featured_media":0,"comment_status":"open","ping_status":"","sticky":false,"template":"","format":"standard","meta":{"footnotes":""},"categories":[2],"tags":[37,226],"class_list":["post-2124751","post","type-post","status-publish","format-standard","hentry","category-politics","tag-agerpres-ro","tag-crawlmanager"],"_links":{"self":[{"href":"https:\/\/analyse.optim.biz\/index.php?rest_route=\/wp\/v2\/posts\/2124751","targetHints":{"allow":["GET"]}}],"collection":[{"href":"https:\/\/analyse.optim.biz\/index.php?rest_route=\/wp\/v2\/posts"}],"about":[{"href":"https:\/\/analyse.optim.biz\/index.php?rest_route=\/wp\/v2\/types\/post"}],"author":[{"embeddable":true,"href":"https:\/\/analyse.optim.biz\/index.php?rest_route=\/wp\/v2\/users\/1"}],"replies":[{"embeddable":true,"href":"https:\/\/analyse.optim.biz\/index.php?rest_route=%2Fwp%2Fv2%2Fcomments&post=2124751"}],"version-history":[{"count":0,"href":"https:\/\/analyse.optim.biz\/index.php?rest_route=\/wp\/v2\/posts\/2124751\/revisions"}],"wp:attachment":[{"href":"https:\/\/analyse.optim.biz\/index.php?rest_route=%2Fwp%2Fv2%2Fmedia&parent=2124751"}],"wp:term":[{"taxonomy":"category","embeddable":true,"href":"https:\/\/analyse.optim.biz\/index.php?rest_route=%2Fwp%2Fv2%2Fcategories&post=2124751"},{"taxonomy":"post_tag","embeddable":true,"href":"https:\/\/analyse.optim.biz\/index.php?rest_route=%2Fwp%2Fv2%2Ftags&post=2124751"}],"curies":[{"name":"wp","href":"https:\/\/api.w.org\/{rel}","templated":true}]}}