{"id":2124747,"date":"2026-09-02T13:37:31","date_gmt":"2026-09-02T10:37:31","guid":{"rendered":"https:\/\/analyse.optim.biz\/?p=2124747"},"modified":"2026-09-02T13:37:31","modified_gmt":"2026-09-02T10:37:31","slug":"primarul-londrei-amendat-pentru-ca-nu-ar-fi-platit-taxa-unei-masini-care-nu-ii-apartine-edilul-spune-ca","status":"publish","type":"post","link":"https:\/\/analyse.optim.biz\/?p=2124747","title":{"rendered":"Primarul Londrei, amendat pentru c\u0103 nu ar fi pl\u0103tit taxa unei ma\u0219ini care nu \u00eei apar\u021bine. Edilul spune c\u0103&#8230;"},"content":{"rendered":"<p>[analyse_image type=&#8221;featured&#8221; src=&#8221;https:\/\/cdn.adh.reperio.news\/image-d\/df400bd5-e91a-4d75-bfd3-c18bfdd6cfb2\/index.jpeg?p=f%3Djpeg%26w%3D1200%26h%3D630%26r%3Dcover&#8221;]<\/p>\n<article class=\"svelte-x63bga\">\n<nav>\n<ul class=\"breadcrump svelte-1pk9a69\">\n<li class=\"svelte-1pk9a69\"><a href=\"https:\/\/adevarul.ro\/\" title=\"Adev\u0103rul\" class=\"svelte-1pk9a69\">Home<\/a><\/li>\n<li class=\"svelte-1pk9a69\"><a href=\"https:\/\/adevarul.ro\/stiri-externe\" class=\"svelte-1pk9a69\">\u0218tiri Externe<\/a><\/li>\n<li class=\"svelte-1pk9a69\"><a href=\"https:\/\/adevarul.ro\/stiri-externe\/europa\" class=\"svelte-1pk9a69\">Europa<\/a><\/li>\n<li class=\"svelte-1pk9a69\"><a href=\"https:\/\/adevarul.ro\/stiri-externe\/europa\/primarul-londrei-amendat-pentru-ca-nu-ar-fi-2553652.html\" class=\"svelte-1pk9a69\">Primarul Londrei, amendat pentru c\u0103 nu ar fi pl\u0103tit taxa unei ma\u0219ini care nu \u00eei apar\u021bine. Edilul spune c\u0103 este \u201evictima unei escrocherii\u201d<\/a><\/li>\n<\/ul>\n<\/nav>\n<p><main class=\"svelte-x63bga\"><\/p>\n<p>Primarul Londrei, Sadiq Khan, sus\u021bine c\u0103 este <i>\u201evictima unei escrocherii\u201d,<\/i> dup\u0103 ce a fost condamnat \u00een lips\u0103 \u0219i amendat pentru c\u0103 nu ar fi pl\u0103tit taxa auto pentru un Nissan Micra vechi de 24 de ani, despre care autorit\u0103\u021bile locale spun c\u0103 nu \u00eei apar\u021bine.<\/p>\n<div class=\"container-image  svelte-1xbw4f3\"><source type=\"image\/webp\" srcset=\"https:\/\/cdn.adh.reperio.news\/image-d\/df400bd5-e91a-4d75-bfd3-c18bfdd6cfb2\/index.jpeg?p=a%3D1%26co%3D1.05%26w%3D1400%26h%3D750%26r%3Dcontain%26f%3Dwebp 1400w\" media=\"(min-width: 1400px)\" \/><\/p>\n<div class=\"caption svelte-1xbw4f3\"><span class=\"captionText svelte-1xbw4f3\">Sadiq Khan, primarul Londrei. <span class=\"source svelte-1xbw4f3\">Foto: Getty Images<\/span><\/span><\/div>\n<\/div>\n<p>Agen\u021bia britanic\u0103 pentru permise \u0219i \u00eenmatricul\u0103ri auto (DVLA) a anun\u021bat c\u0103 reanalizeaz\u0103 cazul \u0219i investigheaz\u0103 circumstan\u021bele \u00een care acesta a ajuns \u00een instan\u021b\u0103, relateaz\u0103\u00a0<a href=\"https:\/\/news.sky.com\/story\/sadiq-khan-says-hes-been-scammed-after-london-mayor-convicted-of-failing-to-tax-car-13580285?fbclid=IwY2xjawUE3ltwZG9mBWV4dG4DYWVtAjEwAGJyaWQRMThrNE5HR3RhVzVub0FXeXFzcnRjBmFwcF9pZBAyMjIwMzkxNzg4MjAwODkyAAEeZHaPpLit3sJSVz8LMX4oEHBabuapkMklUKGSo8goTKyE2ADp6zTc9PX-hUk_aem_5y6zahbS-JI0z8CKAGcYCg\" rel=\"nofollow\">Sky News.<\/a><\/p>\n<p>Cazul a ajuns \u00een fa\u021ba unui magistrat dup\u0103 ce DVLA l-a acuzat pe Khan c\u0103 de\u021binea un vehicul ne\u00eenmatriculat \u0219i pentru care nu fusese achitat\u0103 taxa anual\u0103. Judec\u0103torul l-a g\u0103sit vinovat luna trecut\u0103, \u00een cadrul procedurii judiciare accelerate \u201eSingle Justice Procedure\u201d, f\u0103r\u0103 ca primarul Londrei s\u0103 fie prezent \u00een sala de judecat\u0103 \u0219i f\u0103r\u0103 s\u0103 formuleze o pledoarie.<\/p>\n<p>Khan a fost obligat s\u0103 pl\u0103teasc\u0103 o amend\u0103 de 220 de lire sterline, cheltuieli de judecat\u0103 de 85 de lire \u0219i 35,84 de lire, reprezent\u00e2nd taxa neachitat\u0103 pentru autoturism.<\/p>\n<h2>Scrisorile DVLA au ajuns la restaurantul lui Gordon Ramsay<\/h2>\n<p>Situa\u021bia a luat o turnur\u0103 nea\u0219teptat\u0103 dup\u0103 ce documentele instan\u021bei au ar\u0103tat c\u0103 notific\u0103rile trimise de DVLA \u00een leg\u0103tur\u0103 cu presupusa datorie nu au ajuns la primarul Londrei.<\/p>\n<p>Scrisorile au fost expediate la adresa 9 Endeavour Square din estul Londrei, unde se afl\u0103 restaurantul Bread Street Kitchen, de\u021binut de celebrul buc\u0103tar Gordon Ramsay. Potrivit documentelor, restaurantul se afl\u0103 \u00een apropierea sediului companiei care gestioneaz\u0103 transportul public din Londra.<\/p>\n<p>Nici prim\u0103ria Londrei \u0219i nici compania Transport for London nu au recunoscut autoturismul ca apar\u021bin\u00e2ndu-le. \u00cen aceste condi\u021bii, exist\u0103 suspiciunea c\u0103 datele privind proprietarul vehiculului ar fi fost \u00eenregistrate \u00een mod fals.<\/p>\n<p>Un purt\u0103tor de cuv\u00e2nt al lui Sadiq Khan a declarat c\u0103 primarul este <i>\u201evictima unei escrocherii\u201d<\/i> \u0219i a afirmat c\u0103 nu este pentru prima dat\u0103 c\u00e2nd persoane necunoscute sus\u021bin \u00een mod fals c\u0103 acesta este proprietarul unui vehicul.<\/p>\n<p><i>\u201eEste o escrocherie, ceea ce reprezint\u0103 o infrac\u021biune\u201d, <\/i>a declarat reprezentantul primarului.<\/p>\n<h2>DVLA investigheaz\u0103 cazul<\/h2>\n<p>DVLA a confirmat c\u0103 reanalizeaz\u0103 situa\u021bia \u0219i verific\u0103 modul \u00een care s-a ajuns la procesul \u00eempotriva lui Sadiq Khan. Potrivit informa\u021biilor disponibile, sunt f\u0103cute demersuri pentru redeschiderea cazului c\u00e2t mai rapid.<\/p>\n<p>Dac\u0103 procedura va fi reluat\u0103, Khan ar putea fi nevoit s\u0103 se prezinte personal \u00een instan\u021b\u0103 pentru a \u00eencerca s\u0103 ob\u021bin\u0103 anularea condamn\u0103rii.<\/p>\n<p>\u00centre timp, restaurantul lui Gordon Ramsay a primit \u0219i o copie a hot\u0103r\u00e2rii prin care Khan era obligat s\u0103 achite, \u00een termen de 28 de zile, suma total\u0103 de 340,84 de lire sterline. \u00cen cazul nepl\u0103\u021bii, documentul men\u021bioneaz\u0103 posibilitatea unor sanc\u021biuni suplimentare, inclusiv interven\u021bia executorilor judec\u0103tore\u0219ti sau emiterea unui mandat pentru aducerea \u00een fa\u021ba instan\u021bei.<\/p>\n<h2>De ce ar fi fost trecut numele lui Khan pe ma\u0219in\u0103<\/h2>\n<p>Cazul apare \u00eentr-un context mai larg de dispute \u00eentre Sadiq Khan \u0219i o parte dintre \u0219oferii londonezi, dup\u0103 extinderea zonei cu emisii ultra-sc\u0103zute (ULEZ) la nivelul \u00eentregii Londre.<\/p>\n<p>Decizia primarului de a extinde ULEZ a generat critici \u0219i amenin\u021b\u0103ri cu ac\u021biuni \u00een justi\u021bie. Unii \u0219oferi au afirmat c\u0103 inten\u021bioneaz\u0103 s\u0103 \u00ee\u0219i \u00eenregistreze autoturismele pe numele lui Sadiq Khan, aparent pentru a-l face responsabil de plata taxei zilnice de 12,50 lire sterline.<\/p>\n<h2>Condamnarea a fost pronun\u021bat\u0103 \u00een cadrul unei proceduri controversate<\/h2>\n<p>Sadiq Khan a fost condamnat pe 18 august, \u00een cadrul <i>\u201eSingle Justice Procedure\u201d,<\/i> o procedur\u0103 introdus\u0103 \u00een 2015 pentru solu\u021bionarea mai rapid\u0103 \u0219i mai ieftin\u0103 a unor infrac\u021biuni considerate minore.<\/p>\n<p>Procedura permite unui magistrat s\u0103 analizeze cazul \u00een privat \u0219i s\u0103 pronun\u021be o sentin\u021b\u0103 f\u0103r\u0103 o audiere public\u0103 tradi\u021bional\u0103. Sistemul este \u00een prezent analizat de guvernul britanic, pe fondul criticilor privind modul \u00een care sunt solu\u021bionate astfel de cazuri.<\/p>\n<p>Documentele instan\u021bei arat\u0103 c\u0103 dosarul \u00eempotriva lui Khan a fost deschis dup\u0103 expirarea, \u00een septembrie anul trecut, a taxei anuale pentru un Nissan Micra albastru, \u00eenmatriculat pentru prima dat\u0103 \u00een 2002.<\/p>\n<p><\/main><\/p>\n<footer class=\"svelte-x63bga\">\n<div class=\"related-wrap related-footer svelte-78g0vl\"><span class=\"related-label svelte-78g0vl\">Cite\u0219te \u0219i<\/span><a class=\"related svelte-78g0vl\" data-gtrack=\"{&quot;event&quot;:&quot;utm_click&quot;,&quot;data&quot;:{&quot;event_category&quot;:&quot;article_related&quot;}}\" href=\"https:\/\/adevarul.ro\/stiri-externe\/europa\/dosarul-epstein-se-extinde-marea-britanie-ia-in-2547877.html\" title=\"Alt articol de interes pentru tine\"><img decoding=\"async\" class=\"thumb svelte-78g0vl\" src=\"https:\/\/cdn.adh.reperio.news\/image-6\/63a4357c-b8ee-40e5-a86d-3f5688286822\/index.jpeg?p=f%3Dwebp%26w%3D120%26h%3D80%26r%3Dcover%26a%3D0\" alt loading=\"lazy\" width=\"80\" height=\"54\"><span class=\"title svelte-78g0vl\">Dosarul Epstein se extinde: Marea Britanie ia \u00een calcul o anchet\u0103 independent\u0103<\/span><\/a><a class=\"related svelte-78g0vl\" data-gtrack=\"{&quot;event&quot;:&quot;utm_click&quot;,&quot;data&quot;:{&quot;event_category&quot;:&quot;article_related&quot;}}\" href=\"https:\/\/adevarul.ro\/stil-de-viata\/magazin\/au-fugit-de-agitatia-orasului-si-si-au-construit-2552621.html\" title=\"Alt articol de interes pentru tine\"><img decoding=\"async\" class=\"thumb svelte-78g0vl\" src=\"https:\/\/cdn.adh.reperio.news\/image-6\/63436c3c-4545-4fd1-8c95-0df7a1a79a7b\/index.jpeg?p=f%3Dwebp%26w%3D120%26h%3D80%26r%3Dcover%26a%3D0\" alt loading=\"lazy\" width=\"80\" height=\"54\"><span class=\"title svelte-78g0vl\">Povestea cuplului care a renun\u021bat la ora\u0219 pentru o cas\u0103 cu gr\u0103din\u0103 \u0219i f\u00e2nt\u00e2n\u0103: \u201eNe lipsea atmosfera cu care am crescut\u201c<\/span><\/a><a class=\"related svelte-78g0vl\" data-gtrack=\"{&quot;event&quot;:&quot;utm_click&quot;,&quot;data&quot;:{&quot;event_category&quot;:&quot;article_related&quot;}}\" href=\"https:\/\/adevarul.ro\/stiri-externe\/rusia\/putin-se-teme-ca-va-fi-spanzurat-pentru-esecul-2553156.html\" title=\"Alt articol de interes pentru tine\"><img decoding=\"async\" class=\"thumb svelte-78g0vl\" src=\"https:\/\/cdn.adh.reperio.news\/image-1\/1415c4d3-0097-4f43-8da9-7ab1302df0e1\/index.jpeg?p=f%3Dwebp%26w%3D120%26h%3D80%26r%3Dcover%26a%3D0\" alt loading=\"lazy\" width=\"80\" height=\"54\"><span class=\"title svelte-78g0vl\">Putin \u201ese teme c\u0103 va fi sp\u00e2nzurat&#8221; pentru e\u0219ecul din Ucraina \u0219i pl\u0103nuie\u0219te s\u0103 escaladeze r\u0103zboiul, sus\u021bine o surs\u0103 apropiat\u0103 Kremlinului<\/span><\/a><\/div>\n<div class=\"meta svelte-x63bga\">\n<div class=\"authors svelte-x63bga\"><span class=\"names svelte-x63bga\"><a href=\"https:\/\/adevarul.ro\/author\/2086\" rel=\"author\" class=\"svelte-x63bga\">Oana Ababei<\/a><\/span><\/p>\n<div class=\"_hydratable\" data-props=\"%7B%22showLive%22%3Atrue%7D\" data-context=\"%7B%22parentBlockColumnCount%22%3A%7B%22value%22%3A0%2C%22type%22%3A%22store%2Freadable%22%7D%2C%22parentBlockBackgroundColor%22%3A%7B%22type%22%3A%22store%2Freadable%22%7D%7D\" data-component=\"ShareButton\">\n<div class=\"shareButtons svelte-itwbrr\">\n<div class=\"liveSessions metaFont svelte-1maxmbf\"><span class=\"value svelte-1maxmbf\">1<\/span> live <\/div>\n<\/div>\n<\/div>\n<\/div>\n<div class=\"tags svelte-1l3vwp1\"><span class=\"tags-label metaFont svelte-1l3vwp1\">Cite\u0219te mai multe despre<\/span><\/p>\n<div class=\"tags-list svelte-1l3vwp1\"><a href=\"https:\/\/adevarul.ro\/tag\/marea%20britanie\" title=\"Ultimele \u0219tiri despre marea britanie\" class=\"tag-pill svelte-1l3vwp1\">marea britanie<\/a><a href=\"https:\/\/adevarul.ro\/tag\/londra\" title=\"Ultimele \u0219tiri despre londra\" class=\"tag-pill svelte-1l3vwp1\">londra<\/a><a href=\"https:\/\/adevarul.ro\/tag\/escrocherie\" title=\"Ultimele \u0219tiri despre escrocherie\" class=\"tag-pill svelte-1l3vwp1\">escrocherie<\/a><a href=\"https:\/\/adevarul.ro\/tag\/taxa%20auto\" title=\"Ultimele \u0219tiri despre taxa auto\" class=\"tag-pill svelte-1l3vwp1\">taxa auto<\/a><a href=\"https:\/\/adevarul.ro\/tag\/sadiq%20khan\" title=\"Ultimele \u0219tiri despre sadiq khan\" class=\"tag-pill svelte-1l3vwp1\">sadiq khan<\/a><\/div>\n<\/div>\n<\/div>\n<p><a class=\"moreFromCategory svelte-x63bga\" href=\"https:\/\/adevarul.ro\/stiri-externe\/europa\" title=\"Europa\">Mai multe din <strong class=\"svelte-x63bga\">Europa<\/strong> \u203a<\/a><\/footer>\n<\/article>\n<p>[analyse_source url=&#8221;https:\/\/adevarul.ro\/stiri-externe\/europa\/primarul-londrei-amendat-pentru-ca-nu-ar-fi-2553652.html&#8221;]<\/p>\n","protected":false},"excerpt":{"rendered":"<p>[analyse_image type=&#8221;featured&#8221; src=&#8221;https:\/\/cdn.adh.reperio.news\/image-d\/df400bd5-e91a-4d75-bfd3-c18bfdd6cfb2\/index.jpeg?p=f%3Djpeg%26w%3D1200%26h%3D630%26r%3Dcover&#8221;] Home \u0218tiri Externe Europa Primarul Londrei, amendat pentru c\u0103 nu ar fi pl\u0103tit taxa unei ma\u0219ini care nu \u00eei apar\u021bine. Edilul spune c\u0103 este \u201evictima unei escrocherii\u201d Primarul Londrei, Sadiq Khan, sus\u021bine c\u0103 este \u201evictima unei escrocherii\u201d, dup\u0103 ce a fost condamnat \u00een lips\u0103 \u0219i amendat pentru c\u0103 nu ar fi pl\u0103tit [&hellip;]<\/p>\n","protected":false},"author":1,"featured_media":0,"comment_status":"open","ping_status":"","sticky":false,"template":"","format":"standard","meta":{"footnotes":""},"categories":[89],"tags":[19,226],"class_list":["post-2124747","post","type-post","status-publish","format-standard","hentry","category-romania","tag-adevarul","tag-crawlmanager"],"_links":{"self":[{"href":"https:\/\/analyse.optim.biz\/index.php?rest_route=\/wp\/v2\/posts\/2124747","targetHints":{"allow":["GET"]}}],"collection":[{"href":"https:\/\/analyse.optim.biz\/index.php?rest_route=\/wp\/v2\/posts"}],"about":[{"href":"https:\/\/analyse.optim.biz\/index.php?rest_route=\/wp\/v2\/types\/post"}],"author":[{"embeddable":true,"href":"https:\/\/analyse.optim.biz\/index.php?rest_route=\/wp\/v2\/users\/1"}],"replies":[{"embeddable":true,"href":"https:\/\/analyse.optim.biz\/index.php?rest_route=%2Fwp%2Fv2%2Fcomments&post=2124747"}],"version-history":[{"count":0,"href":"https:\/\/analyse.optim.biz\/index.php?rest_route=\/wp\/v2\/posts\/2124747\/revisions"}],"wp:attachment":[{"href":"https:\/\/analyse.optim.biz\/index.php?rest_route=%2Fwp%2Fv2%2Fmedia&parent=2124747"}],"wp:term":[{"taxonomy":"category","embeddable":true,"href":"https:\/\/analyse.optim.biz\/index.php?rest_route=%2Fwp%2Fv2%2Fcategories&post=2124747"},{"taxonomy":"post_tag","embeddable":true,"href":"https:\/\/analyse.optim.biz\/index.php?rest_route=%2Fwp%2Fv2%2Ftags&post=2124747"}],"curies":[{"name":"wp","href":"https:\/\/api.w.org\/{rel}","templated":true}]}}