{"id":2124745,"date":"2026-09-02T00:00:00","date_gmt":"2026-09-01T21:00:00","guid":{"rendered":"https:\/\/analyse.optim.biz\/?p=2124745"},"modified":"2026-09-02T00:00:00","modified_gmt":"2026-09-01T21:00:00","slug":"mures-un-secol-de-cultura-transilvaneana-celebrat-printr-o-expozitie-de-arta-la-galeria-cetatii-din-targu-mures","status":"publish","type":"post","link":"https:\/\/analyse.optim.biz\/?p=2124745","title":{"rendered":"Mure\u0219: Un secol de cultur\u0103 transilv\u0103nean\u0103, celebrat printr-o expozi\u021bie de art\u0103 la Galeria Cet\u0103\u021bii din T\u00e2rgu Mure\u0219"},"content":{"rendered":"<p>[analyse_image type=&#8221;featured&#8221; src=&#8221;https:\/\/agerpres.ro\/data\/202609\/20260902181205_695284.jpg&#8221;]<\/p>\n<div class=\"mx-auto pt-3\">\n<p>Patrimoniul artistic \u0219i cultural al Helikonului Ardelean, una dintre cele mai importante grup\u0103ri intelectuale ale Transilvaniei interbelice, va fi prezentat publicului din T\u00e2rgu Mure\u0219 \u00een cadrul unei expozi\u021bii aniversare la \u00eemplinirea a 100 de ani de la constituirea acestei comunit\u0103\u021bi.<\/p>\n<p>Vernisajul expozi\u021biei &#8216;Helikonul Ardelean 100 &#8211; &#8216;Cercurile, cercurile &#8211; nu le p\u0103r\u0103si&#8217;. Dialogul dintre imagine \u0219i cuv\u00e2nt \u00een artele vizuale ale Helikonului Ardelean&#8217; va avea loc \u00een data de 11 septembrie, la ora 19:00, la Galeria Cet\u0103\u021bii Medievale din T\u00e2rgu Mure\u0219, a informat, miercuri, Centrul de Cultur\u0103, Art\u0103 \u0219i Agrement T\u00e2rgu Mure\u0219, \u00eentr-un comunicat de pres\u0103.<\/p>\n<p>Expozi\u021bia care va cuprinde peste 280 de lucr\u0103ri \u0219i celebreaz\u0103 momentul \u00een care, \u00een anul 1926, la castelul lui J\u00e1nos Kem\u00e9ny din Br\u00e2ncovene\u0219ti, lua na\u0219tere comunitatea Erd\u00e9lyi Helikon, devenit\u0103 un pilon al vie\u021bii culturale maghiare din Transilvania.<\/p>\n<p>&#8216;De\u0219i asociat\u0103 \u00een principal cu literatura, gruparea a men\u021binut leg\u0103turi str\u00e2nse cu artele plastice&#8217;, a transmis Centrul de Cultur\u0103, Art\u0103 \u0219i Agrement T\u00e2rgu Mure\u0219.<\/p>\n<p>Proiectul expozi\u021bional reune\u0219te piese valoroase din colec\u021bii de stat, ecleziastice \u0219i private, cuprinz\u00e2nd peste 100 de picturi, sculpturi, lucr\u0103ri de grafic\u0103, ilustra\u021bii \u0219i caricature, aproximativ 180 de obiecte \u0219i \u00eenscrisuri care reflect\u0103 activitatea editorial\u0103 a publica\u021biei Erd\u00e9lyi Helikon \u0219i a Erd\u00e9lyi Sz\u00e9pm\u00edves C\u00e9h.<\/p>\n<p>Lucr\u0103rile sunt semnate de mae\u0219tri precum K\u00e1roly K\u00f3s, Mikl\u00f3s B\u00e1nffy, S\u00e1ndor Szolnay, Alajos Str\u00f3bl, N\u00e1ndor Gallasz, Jen\u0151 Szerv\u00e1tiusz, B\u00e9la Gy. Szab\u00f3 \u0219i Gy\u00f6rgy Buday. Un punct central \u00eel reprezint\u0103 celebra serie de portrete realizat\u0103 de Imre Nagy.<\/p>\n<p>&#8216;Ini\u021biativa este rezultatul unei colabor\u0103ri extinse \u00eentre institu\u021bii de prestigiu, fiind curatoriat\u0103 de Zsuzsanna Szebeni (Institutul Liszt, Sf\u00e2ntu Gheorghe), Be\u00e1ta Bord\u00e1s (Centrul de Art\u0103 Transilvan\u0103), Robert Strebeli (Muzeul de Art\u0103 Baia Mare) \u0219i Adrienne M\u00e1rton (Centrul de Cultur\u0103, Art\u0103 \u0219i Agrement T\u00e2rgu Mure\u0219)&#8217;, se mai arat\u0103 \u00een comunicatul de pres\u0103.<\/p>\n<p>Organizatorii principali sunt Centrul de Cultur\u0103, Art\u0103 \u0219i Agrement T\u00e2rgu Mure\u0219, Prim\u0103ria Municipiului T\u00e2rgu Mure\u0219, Institutul Liszt &#8211; Sf\u00e2ntu Gheorghe, Asocia\u021bia Centrul de Art\u0103 Transilvan\u0103 \u0219i Prim\u0103ria Municipiului Sf\u00e2ntu Gheorghe, beneficiind de parteneriate cu muzee na\u021bionale \u0219i fonduri culturale.<\/p>\n<p>Expozi\u021bia va r\u0103m\u00e2ne deschis\u0103 \u00een perioada 11 septembrie &#8211; 18 octombrie 2026, iar publicul o poate vizita de miercuri p\u00e2n\u0103 duminic\u0103, \u00eentre orele 10:00 \u0219i 18:00. AGERPRES\/(AS &#8211; redactor: Dorina Mati\u0219, editor: Anamaria Constantin, editor online: Anda Badea)<\/p>\n<\/div>\n<div class=\"mx-auto pt-3\">\n                                Afisari: 226\n                            <\/div>\n<p>[analyse_source url=&#8221;https:\/\/agerpres.ro\/cultura-media\/2026\/09\/02\/mures-un-secol-de-cultura-transilvaneana-celebrat-printr-o-expozitie-de-arta-la-galeria-cetatii-din&#8212;1590125&#8243;]<\/p>\n","protected":false},"excerpt":{"rendered":"<p>[analyse_image type=&#8221;featured&#8221; src=&#8221;https:\/\/agerpres.ro\/data\/202609\/20260902181205_695284.jpg&#8221;] Patrimoniul artistic \u0219i cultural al Helikonului Ardelean, una dintre cele mai importante grup\u0103ri intelectuale ale Transilvaniei interbelice, va fi prezentat publicului din T\u00e2rgu Mure\u0219 \u00een cadrul unei expozi\u021bii aniversare la \u00eemplinirea a 100 de ani de la constituirea acestei comunit\u0103\u021bi. Vernisajul expozi\u021biei &#8216;Helikonul Ardelean 100 &#8211; &#8216;Cercurile, cercurile &#8211; nu le p\u0103r\u0103si&#8217;. [&hellip;]<\/p>\n","protected":false},"author":1,"featured_media":0,"comment_status":"open","ping_status":"","sticky":false,"template":"","format":"standard","meta":{"footnotes":""},"categories":[2],"tags":[37,226],"class_list":["post-2124745","post","type-post","status-publish","format-standard","hentry","category-politics","tag-agerpres-ro","tag-crawlmanager"],"_links":{"self":[{"href":"https:\/\/analyse.optim.biz\/index.php?rest_route=\/wp\/v2\/posts\/2124745","targetHints":{"allow":["GET"]}}],"collection":[{"href":"https:\/\/analyse.optim.biz\/index.php?rest_route=\/wp\/v2\/posts"}],"about":[{"href":"https:\/\/analyse.optim.biz\/index.php?rest_route=\/wp\/v2\/types\/post"}],"author":[{"embeddable":true,"href":"https:\/\/analyse.optim.biz\/index.php?rest_route=\/wp\/v2\/users\/1"}],"replies":[{"embeddable":true,"href":"https:\/\/analyse.optim.biz\/index.php?rest_route=%2Fwp%2Fv2%2Fcomments&post=2124745"}],"version-history":[{"count":0,"href":"https:\/\/analyse.optim.biz\/index.php?rest_route=\/wp\/v2\/posts\/2124745\/revisions"}],"wp:attachment":[{"href":"https:\/\/analyse.optim.biz\/index.php?rest_route=%2Fwp%2Fv2%2Fmedia&parent=2124745"}],"wp:term":[{"taxonomy":"category","embeddable":true,"href":"https:\/\/analyse.optim.biz\/index.php?rest_route=%2Fwp%2Fv2%2Fcategories&post=2124745"},{"taxonomy":"post_tag","embeddable":true,"href":"https:\/\/analyse.optim.biz\/index.php?rest_route=%2Fwp%2Fv2%2Ftags&post=2124745"}],"curies":[{"name":"wp","href":"https:\/\/api.w.org\/{rel}","templated":true}]}}