{"id":2124740,"date":"2026-09-02T00:00:00","date_gmt":"2026-09-01T21:00:00","guid":{"rendered":"https:\/\/analyse.optim.biz\/?p=2124740"},"modified":"2026-09-02T00:00:00","modified_gmt":"2026-09-01T21:00:00","slug":"fotbal-inter-milano-a-anuntat-plecarea-emblematicului-director-sportiv-piero-ausilio","status":"publish","type":"post","link":"https:\/\/analyse.optim.biz\/?p=2124740","title":{"rendered":"Fotbal: Inter Milano a anun\u021bat plecarea emblematicului director sportiv Piero Ausilio"},"content":{"rendered":"<p>[analyse_image type=&#8221;featured&#8221; src=&#8221;https:\/\/agerpres.ro\/data\/202609\/20260902194511_381313.jpg&#8221;]<\/p>\n<div class=\"mx-auto pt-3\">\n<p><strong>Clubul de fotbal Inter Milano, campioana en-titre a Italiei, al c\u0103rei antrenor este Cristian Chivu, a anun\u021bat miercuri plecarea surprinz\u0103toare a lui Piero Ausilio, directorul s\u0103u sportiv emblematic din 2014, informeaz\u0103 AFP.<\/strong><\/p>\n<p>&#8221;Inter Milano \u0219i Piero Ausilio au convenit de comun acord s\u0103 pun\u0103 cap\u0103t colabor\u0103rii&#8221;, a anun\u021bat clubul lombard, f\u0103r\u0103 a oferi detalii suplimentare privind motivele plec\u0103rii.<\/p>\n<p>Potrivit presei italiene, oficialul, al c\u0103rui contract urma s\u0103 expire \u00een 2027, nu a ob\u021binut prelungirea pe trei ani pe care o spera, \u00eentruc\u00e2t proprietarii americani ai clubului, Oaktree, i-au oferit o prelungire de numai un an.<\/p>\n<p>Ausilio a venit la Inter \u00een 1998, ini\u021bial pentru a coordona echipele de juniori. Sub conducerea sa, Inter a c\u00e2\u0219tigat 25 de trofee, inclusiv trei titluri de campioan\u0103 a Italiei. El va fi \u00eenlocuit de Dario Baccin, care se afl\u0103 deja \u00een cadrul clubului \u0219i va prelua func\u021bia de director al opera\u021biunilor sportive.<br \/>\nAGERPRES (AS\/editor: Mircea Lazaroniu, editor online: Gabriela Badea)\u00a0<\/p>\n<p><strong>* Sursa foto:<\/strong>\u00a0<a href=\"https:\/\/x.com\/Inter_Xtra\/status\/2095174335157674096\" target=\"_blank\">Inter Xtra<\/a> \/ Instagram.com\u00a0<\/p>\n<\/div>\n<div class=\"mx-auto pt-3\">\n                                Afisari: 113\n                            <\/div>\n<p>[analyse_source url=&#8221;https:\/\/agerpres.ro\/sport-extern\/2026\/09\/02\/fotbal-inter-milano-a-anuntat-plecarea-emblematicului-director-sportiv-piero-ausilio&#8211;1590160&#8243;]<\/p>\n","protected":false},"excerpt":{"rendered":"<p>[analyse_image type=&#8221;featured&#8221; src=&#8221;https:\/\/agerpres.ro\/data\/202609\/20260902194511_381313.jpg&#8221;] Clubul de fotbal Inter Milano, campioana en-titre a Italiei, al c\u0103rei antrenor este Cristian Chivu, a anun\u021bat miercuri plecarea surprinz\u0103toare a lui Piero Ausilio, directorul s\u0103u sportiv emblematic din 2014, informeaz\u0103 AFP. &#8221;Inter Milano \u0219i Piero Ausilio au convenit de comun acord s\u0103 pun\u0103 cap\u0103t colabor\u0103rii&#8221;, a anun\u021bat clubul lombard, f\u0103r\u0103 a [&hellip;]<\/p>\n","protected":false},"author":1,"featured_media":0,"comment_status":"open","ping_status":"","sticky":false,"template":"","format":"standard","meta":{"footnotes":""},"categories":[2],"tags":[],"class_list":["post-2124740","post","type-post","status-publish","format-standard","hentry","category-politics"],"_links":{"self":[{"href":"https:\/\/analyse.optim.biz\/index.php?rest_route=\/wp\/v2\/posts\/2124740","targetHints":{"allow":["GET"]}}],"collection":[{"href":"https:\/\/analyse.optim.biz\/index.php?rest_route=\/wp\/v2\/posts"}],"about":[{"href":"https:\/\/analyse.optim.biz\/index.php?rest_route=\/wp\/v2\/types\/post"}],"author":[{"embeddable":true,"href":"https:\/\/analyse.optim.biz\/index.php?rest_route=\/wp\/v2\/users\/1"}],"replies":[{"embeddable":true,"href":"https:\/\/analyse.optim.biz\/index.php?rest_route=%2Fwp%2Fv2%2Fcomments&post=2124740"}],"version-history":[{"count":0,"href":"https:\/\/analyse.optim.biz\/index.php?rest_route=\/wp\/v2\/posts\/2124740\/revisions"}],"wp:attachment":[{"href":"https:\/\/analyse.optim.biz\/index.php?rest_route=%2Fwp%2Fv2%2Fmedia&parent=2124740"}],"wp:term":[{"taxonomy":"category","embeddable":true,"href":"https:\/\/analyse.optim.biz\/index.php?rest_route=%2Fwp%2Fv2%2Fcategories&post=2124740"},{"taxonomy":"post_tag","embeddable":true,"href":"https:\/\/analyse.optim.biz\/index.php?rest_route=%2Fwp%2Fv2%2Ftags&post=2124740"}],"curies":[{"name":"wp","href":"https:\/\/api.w.org\/{rel}","templated":true}]}}