{"id":2124738,"date":"2026-09-02T13:11:54","date_gmt":"2026-09-02T10:11:54","guid":{"rendered":"https:\/\/analyse.optim.biz\/?p=2124738"},"modified":"2026-09-02T13:11:54","modified_gmt":"2026-09-02T10:11:54","slug":"ungaria-pregateste-un-impozit-nou-pentru-anumite-averi-cati-bani-estimeaza-guvernul-ca-va-incasa","status":"publish","type":"post","link":"https:\/\/analyse.optim.biz\/?p=2124738","title":{"rendered":"Ungaria preg\u0103te\u0219te un impozit nou pentru anumite averi. C\u00e2\u021bi bani estimeaz\u0103 Guvernul c\u0103 va \u00eencasa"},"content":{"rendered":"<p>[analyse_image type=&#8221;featured&#8221; src=&#8221;https:\/\/cdn.adh.reperio.news\/image-5\/56ab4968-08e8-499d-8719-c7c030ffd50c\/index.jpeg?p=f%3Djpeg%26w%3D1200%26h%3D630%26r%3Dcover&#8221;]<\/p>\n<article class=\"svelte-x63bga\">\n<nav>\n<ul class=\"breadcrump svelte-1pk9a69\">\n<li class=\"svelte-1pk9a69\"><a href=\"https:\/\/adevarul.ro\/\" title=\"Adev\u0103rul\" class=\"svelte-1pk9a69\">Home<\/a><\/li>\n<li class=\"svelte-1pk9a69\"><a href=\"https:\/\/adevarul.ro\/stiri-externe\" class=\"svelte-1pk9a69\">\u0218tiri Externe<\/a><\/li>\n<li class=\"svelte-1pk9a69\"><a href=\"https:\/\/adevarul.ro\/stiri-externe\/europa\" class=\"svelte-1pk9a69\">Europa<\/a><\/li>\n<li class=\"svelte-1pk9a69\"><a href=\"https:\/\/adevarul.ro\/stiri-externe\/europa\/ungaria-pregateste-un-impozit-nou-pentru-anumite-2553651.html\" class=\"svelte-1pk9a69\">Ungaria preg\u0103te\u0219te un impozit nou pentru anumite averi. C\u00e2\u021bi bani estimeaz\u0103 Guvernul c\u0103 va \u00eencasa<\/a><\/li>\n<\/ul>\n<\/nav>\n<p><main class=\"svelte-x63bga\"><\/p>\n<p>Guvernul de la Budapesta inten\u021bioneaz\u0103 s\u0103 introduc\u0103, de anul viitor, un impozit pe avere pentru persoanele ale c\u0103ror venituri \u0219i active dep\u0103\u0219esc un miliard de forin\u021bi, echivalentul a aproximativ 3,1 milioane de dolari. Anun\u021bul a fost f\u0103cut de B\u00e1lint Ruff, \u0219eful de cabinet al premierului ungar Peter Magyar.<\/p>\n<div class=\"container-image  svelte-1xbw4f3\"><source type=\"image\/webp\" srcset=\"https:\/\/cdn.adh.reperio.news\/image-5\/56ab4968-08e8-499d-8719-c7c030ffd50c\/index.jpeg?p=a%3D1%26co%3D1.05%26w%3D1400%26h%3D750%26r%3Dcontain%26f%3Dwebp 1400w\" media=\"(min-width: 1400px)\" \/><\/p>\n<div class=\"caption svelte-1xbw4f3\"><span class=\"captionText svelte-1xbw4f3\">Peter Magyar. <span class=\"source svelte-1xbw4f3\">Foto: AFP<\/span><\/span><\/div>\n<\/div>\n<p><i>\u201eImpozitul pe avere va fi o piatr\u0103 de hotar\u201d, <\/i>a declarat B\u00e1lint Ruff \u00eentr-un interviu acordat portalului de \u0219tiri Telex, citat de Bloomberg, preciz\u00e2nd c\u0103 regulamentul pentru noua tax\u0103 este deja preg\u0103tit \u0219i c\u0103 aceasta va viza veniturile \u0219i activele care dep\u0103\u0219esc pragul de un miliard de forin\u021bi.<\/p>\n<p>Liderul partidului Tisza, Peter Magyar, a anun\u021bat \u00eenc\u0103 din luna iunie c\u0103 impozitul pe avere ar putea fi introdus \u00eencep\u00e2nd de anul viitor \u0219i ar putea aduce anual la buget \u00eentre 300 \u0219i 600 de miliarde de forin\u021bi, noteaz\u0103 Bloomberg \u0219i\u00a0<a href=\"https:\/\/agerpres.ro\/economic-extern\/2026\/09\/02\/ungaria-intentioneaza-sa-introduca-un-impozit-pe-avere-pentru-activele-care-depasesc-3-1-milioane-de--1589981\" rel=\"nofollow\">Agerpres.<\/a><\/p>\n<p>Deocamdat\u0103, autorit\u0103\u021bile de la Budapesta nu au prezentat detaliile privind modul \u00een care va fi aplicat\u0103 taxa. Nu este cunoscut\u0103 nici rata de impozitare \u0219i nici lista exact\u0103 a activelor care vor fi incluse \u00een baza de taxare.<\/p>\n<h2>Ungaria are nevoie de venituri suplimentare<\/h2>\n<p>Introducerea impozitului pe avere vine \u00een contextul \u00een care Ungaria se confrunt\u0103 cu un\u00a0<a href=\"https:\/\/adevarul.ro\/economie\/deficitul-bugetar-al-ungariei-depaseste-tinta-2294754.html\">deficit bugetar ridicat.\u00a0<\/a>Deficitul este estimat la aproximativ 7,5% din PIB \u00een acest an, unul dintre cele mai mari niveluri din Uniunea European\u0103.<\/p>\n<p>Magyar a sus\u021binut c\u0103 scopul taxei nu este unul <i>\u201epunitiv\u201d,<\/i> ci extinderea responsabilit\u0103\u021bii sociale. El a criticat inclusiv sistemul ungar de impozitare cu cot\u0103 unic\u0103 pentru veniturile persoanelor fizice, despre care sus\u021bin\u0103torii reformei afirm\u0103 c\u0103 \u00eei afecteaz\u0103 mai puternic pe cei cu venituri mici \u0219i este mai favorabil persoanelor \u00eenst\u0103rite.<\/p>\n<h2>Taxele pe avere, o m\u0103sur\u0103 controversat\u0103<\/h2>\n<p>Ideea tax\u0103rii averilor mari a c\u00e2\u0219tigat teren \u00een mai multe \u021b\u0103ri, pe fondul preocup\u0103rilor privind cre\u0219terea inegalit\u0103\u021bilor \u0219i necesitatea unor venituri bugetare suplimentare.<\/p>\n<p>Experien\u021bele statelor care au introdus astfel de taxe sunt \u00eens\u0103 mixte. \u00cen Norvegia, majorarea taxelor pentru persoanele \u00eenst\u0103rite dup\u0103 2021 a fost urmat\u0103 de plecarea din \u021bar\u0103 a unora dintre cei mai boga\u021bi reziden\u021bi. Ulterior, o comisie guvernamental\u0103 a recomandat reducerea semnificativ\u0103 a impozitului pe avere, \u00een \u00eencercarea de a \u00eembun\u0103t\u0103\u021bi mediul de afaceri.<\/p>\n<h2>Condi\u021bia premierului Ungariei pentru a debloca negocierile de aderare ale Ucrainei la UE<\/h2>\n<p>\u00cen paralel cu discu\u021biile pentru impozitul pe avere, Ungaria este dispus\u0103 s\u0103 aprobe deschiderea urm\u0103toarelor grupuri de negocieri pentru Ucraina, dac\u0103 Kievul demonstreaz\u0103 c\u0103 a \u00eenregistrat progrese \u00een ceea ce prive\u0219te protejarea drepturilor minorit\u0103\u021bii na\u021bionale maghiare din Ucraina.<\/p>\n<p>Ungaria solicit\u0103 Ucrainei s\u0103 fac\u0103 progrese \u00een \u00eendeplinirea angajamentelor sale fa\u021b\u0103 de minoritatea maghiar\u0103 \u00eenainte ca Budapesta s\u0103 deblocheze negocierile. Detalii\u00a0<a href=\"https:\/\/adevarul.ro\/stiri-externe\/europa\/conditia-premierului-ungariei-pentru-a-debloca-2553529.html\">AICI.<\/a><\/p>\n<p><\/main><\/p>\n<footer class=\"svelte-x63bga\">\n<div class=\"related-wrap related-footer svelte-78g0vl\"><span class=\"related-label svelte-78g0vl\">Cite\u0219te \u0219i<\/span><a class=\"related svelte-78g0vl\" data-gtrack=\"{&quot;event&quot;:&quot;utm_click&quot;,&quot;data&quot;:{&quot;event_category&quot;:&quot;article_related&quot;}}\" href=\"https:\/\/adevarul.ro\/politica\/relatiile-diplomatice-cu-ungaria-scartaie-peter-2552313.html\" title=\"Alt articol de interes pentru tine\"><img decoding=\"async\" class=\"thumb svelte-78g0vl\" src=\"https:\/\/cdn.adh.reperio.news\/image-7\/7bbd82f6-65b2-4679-9370-d675a0770fdc\/index.png?p=f%3Dwebp%26w%3D120%26h%3D80%26r%3Dcover%26a%3D0\" alt loading=\"lazy\" width=\"80\" height=\"54\"><span class=\"title svelte-78g0vl\">Rela\u021biile diplomatice cu Ungaria sc\u00e2r\u021b\u00e2ie: P\u00e9ter Magyar s-a v\u0103zut cu to\u021bi omologii vecini importan\u021bi, mai pu\u021bin cu Bolojan. Problema diploma\u021biei rom\u00e2ne\u0219ti, analizat\u0103 de un expert<\/span><\/a><a class=\"related svelte-78g0vl\" data-gtrack=\"{&quot;event&quot;:&quot;utm_click&quot;,&quot;data&quot;:{&quot;event_category&quot;:&quot;article_related&quot;}}\" href=\"https:\/\/adevarul.ro\/securitate-si-aparare\/de-ce-romania-si-ungaria-au-nevoie-disperata-una-2552901.html\" title=\"Alt articol de interes pentru tine\"><img decoding=\"async\" class=\"thumb svelte-78g0vl\" src=\"https:\/\/cdn.adh.reperio.news\/image-6\/670a7c15-5661-47ef-aac0-88c670168f92\/index.png?p=f%3Dwebp%26w%3D120%26h%3D80%26r%3Dcover%26a%3D0\" alt loading=\"lazy\" width=\"80\" height=\"54\"><span class=\"title svelte-78g0vl\">De ce Rom\u00e2nia \u0219i Ungaria au nevoie disperat\u0103 una de cealalt\u0103. Expert: \u201ePr\u0103bu\u0219irea vecinului te trage \u00een pr\u0103pastie\u201d<\/span><\/a><a class=\"related svelte-78g0vl\" data-gtrack=\"{&quot;event&quot;:&quot;utm_click&quot;,&quot;data&quot;:{&quot;event_category&quot;:&quot;article_related&quot;}}\" href=\"https:\/\/adevarul.ro\/stiri-externe\/europa\/conditia-premierului-ungariei-pentru-a-debloca-2553529.html\" title=\"Alt articol de interes pentru tine\"><img decoding=\"async\" class=\"thumb svelte-78g0vl\" src=\"https:\/\/cdn.adh.reperio.news\/image-9\/9e4260a9-c171-4dd3-b487-de12888cd681\/index.jpeg?p=f%3Dwebp%26w%3D120%26h%3D80%26r%3Dcover%26a%3D0\" alt loading=\"lazy\" width=\"80\" height=\"54\"><span class=\"title svelte-78g0vl\">Condi\u021bia premierului Ungariei pentru a debloca negocierile de aderare ale Ucrainei la UE<\/span><\/a><\/div>\n<div class=\"meta svelte-x63bga\">\n<div class=\"authors svelte-x63bga\"><span class=\"names svelte-x63bga\"><a href=\"https:\/\/adevarul.ro\/author\/2086\" rel=\"author\" class=\"svelte-x63bga\">Oana Ababei<\/a><\/span><\/p>\n<div class=\"_hydratable\" data-props=\"%7B%22showLive%22%3Atrue%7D\" data-context=\"%7B%22parentBlockColumnCount%22%3A%7B%22value%22%3A0%2C%22type%22%3A%22store%2Freadable%22%7D%2C%22parentBlockBackgroundColor%22%3A%7B%22type%22%3A%22store%2Freadable%22%7D%7D\" data-component=\"ShareButton\">\n<div class=\"shareButtons svelte-itwbrr\">\n<div class=\"liveSessions metaFont svelte-1maxmbf\"><span class=\"value svelte-1maxmbf\">1<\/span> live <\/div>\n<\/div>\n<\/div>\n<\/div>\n<div class=\"tags svelte-1l3vwp1\"><span class=\"tags-label metaFont svelte-1l3vwp1\">Cite\u0219te mai multe despre<\/span><\/p>\n<div class=\"tags-list svelte-1l3vwp1\"><a href=\"https:\/\/adevarul.ro\/tag\/ungaria\" title=\"Ultimele \u0219tiri despre ungaria\" class=\"tag-pill svelte-1l3vwp1\">ungaria<\/a><a href=\"https:\/\/adevarul.ro\/tag\/taxe\" title=\"Ultimele \u0219tiri despre taxe\" class=\"tag-pill svelte-1l3vwp1\">taxe<\/a><a href=\"https:\/\/adevarul.ro\/tag\/peter%20magyar\" title=\"Ultimele \u0219tiri despre peter magyar\" class=\"tag-pill svelte-1l3vwp1\">peter magyar<\/a><a href=\"https:\/\/adevarul.ro\/tag\/impozit%20pe%20avere\" title=\"Ultimele \u0219tiri despre impozit pe avere\" class=\"tag-pill svelte-1l3vwp1\">impozit pe avere<\/a><\/div>\n<\/div>\n<\/div>\n<p><a class=\"moreFromCategory svelte-x63bga\" href=\"https:\/\/adevarul.ro\/stiri-externe\/europa\" title=\"Europa\">Mai multe din <strong class=\"svelte-x63bga\">Europa<\/strong> \u203a<\/a><\/footer>\n<\/article>\n<p>[analyse_source url=&#8221;https:\/\/adevarul.ro\/stiri-externe\/europa\/ungaria-pregateste-un-impozit-nou-pentru-anumite-2553651.html&#8221;]<\/p>\n","protected":false},"excerpt":{"rendered":"<p>[analyse_image type=&#8221;featured&#8221; src=&#8221;https:\/\/cdn.adh.reperio.news\/image-5\/56ab4968-08e8-499d-8719-c7c030ffd50c\/index.jpeg?p=f%3Djpeg%26w%3D1200%26h%3D630%26r%3Dcover&#8221;] Home \u0218tiri Externe Europa Ungaria preg\u0103te\u0219te un impozit nou pentru anumite averi. C\u00e2\u021bi bani estimeaz\u0103 Guvernul c\u0103 va \u00eencasa Guvernul de la Budapesta inten\u021bioneaz\u0103 s\u0103 introduc\u0103, de anul viitor, un impozit pe avere pentru persoanele ale c\u0103ror venituri \u0219i active dep\u0103\u0219esc un miliard de forin\u021bi, echivalentul a aproximativ 3,1 milioane de dolari. [&hellip;]<\/p>\n","protected":false},"author":1,"featured_media":0,"comment_status":"open","ping_status":"","sticky":false,"template":"","format":"standard","meta":{"footnotes":""},"categories":[89],"tags":[19,226],"class_list":["post-2124738","post","type-post","status-publish","format-standard","hentry","category-romania","tag-adevarul","tag-crawlmanager"],"_links":{"self":[{"href":"https:\/\/analyse.optim.biz\/index.php?rest_route=\/wp\/v2\/posts\/2124738","targetHints":{"allow":["GET"]}}],"collection":[{"href":"https:\/\/analyse.optim.biz\/index.php?rest_route=\/wp\/v2\/posts"}],"about":[{"href":"https:\/\/analyse.optim.biz\/index.php?rest_route=\/wp\/v2\/types\/post"}],"author":[{"embeddable":true,"href":"https:\/\/analyse.optim.biz\/index.php?rest_route=\/wp\/v2\/users\/1"}],"replies":[{"embeddable":true,"href":"https:\/\/analyse.optim.biz\/index.php?rest_route=%2Fwp%2Fv2%2Fcomments&post=2124738"}],"version-history":[{"count":0,"href":"https:\/\/analyse.optim.biz\/index.php?rest_route=\/wp\/v2\/posts\/2124738\/revisions"}],"wp:attachment":[{"href":"https:\/\/analyse.optim.biz\/index.php?rest_route=%2Fwp%2Fv2%2Fmedia&parent=2124738"}],"wp:term":[{"taxonomy":"category","embeddable":true,"href":"https:\/\/analyse.optim.biz\/index.php?rest_route=%2Fwp%2Fv2%2Fcategories&post=2124738"},{"taxonomy":"post_tag","embeddable":true,"href":"https:\/\/analyse.optim.biz\/index.php?rest_route=%2Fwp%2Fv2%2Ftags&post=2124738"}],"curies":[{"name":"wp","href":"https:\/\/api.w.org\/{rel}","templated":true}]}}