{"id":2124734,"date":"2026-09-02T11:58:00","date_gmt":"2026-09-02T08:58:00","guid":{"rendered":"https:\/\/analyse.optim.biz\/?p=2124734"},"modified":"2026-09-02T11:58:00","modified_gmt":"2026-09-02T08:58:00","slug":"zboruri-spre-moscova-oprite-in-aer-dupa-avertismentul-lui-zelenski","status":"publish","type":"post","link":"https:\/\/analyse.optim.biz\/?p=2124734","title":{"rendered":"Zboruri spre Moscova, oprite \u00een aer dup\u0103 avertismentul lui Zelenski"},"content":{"rendered":"<p>[analyse_image type=&#8221;featured&#8221; src=&#8221;https:\/\/cdn.adh.reperio.news\/image-d\/d54865e3-32c1-4843-825a-8749bb87435d\/index.jpeg?p=f%3Djpeg%26w%3D1200%26h%3D630%26r%3Dcover&#8221;]<\/p>\n<article class=\"svelte-x63bga\">\n<nav>\n<ul class=\"breadcrump svelte-1pk9a69\">\n<li class=\"svelte-1pk9a69\"><a href=\"https:\/\/adevarul.ro\/\" title=\"Adev\u0103rul\" class=\"svelte-1pk9a69\">Home<\/a><\/li>\n<li class=\"svelte-1pk9a69\"><a href=\"https:\/\/adevarul.ro\/stiri-externe\" class=\"svelte-1pk9a69\">\u0218tiri Externe<\/a><\/li>\n<li class=\"svelte-1pk9a69\"><a href=\"https:\/\/adevarul.ro\/stiri-externe\/europa\" class=\"svelte-1pk9a69\">Europa<\/a><\/li>\n<li class=\"svelte-1pk9a69\"><a href=\"https:\/\/adevarul.ro\/stiri-externe\/europa\/zboruri-spre-moscova-oprite-in-aer-dupa-2553631.html\" class=\"svelte-1pk9a69\">Zboruri spre Moscova, oprite \u00een aer dup\u0103 avertismentul lui Zelenski<\/a><\/li>\n<\/ul>\n<\/nav>\n<p><main class=\"svelte-x63bga\"><\/p>\n<p>Mai multe avioane ale companiei aeriene turce Pegasus, care se \u00eendreptau c\u0103tre Moscova, au fost \u00eentoarse din drum \u00een noaptea de 1 spre 2 septembrie, pe fondul avertismentelor pre\u0219edintelui ucrainean Volodimir Zelenski privind intensificarea atacurilor cu drone asupra teritoriului Rusiei.<\/p>\n<div class=\"container-image  svelte-1xbw4f3\"><source type=\"image\/webp\" srcset=\"https:\/\/cdn.adh.reperio.news\/image-d\/d54865e3-32c1-4843-825a-8749bb87435d\/index.jpeg?p=a%3D1%26co%3D1.05%26w%3D1400%26h%3D750%26r%3Dcontain%26f%3Dwebp 1400w\" media=\"(min-width: 1400px)\" \/><\/p>\n<div class=\"caption svelte-1xbw4f3\"><span class=\"captionText svelte-1xbw4f3\">Mai multe avioane ale companiei aeriene turce Pegasus au fost \u00eentoarse din drum.  <span class=\"source svelte-1xbw4f3\">Foto: Unsplash<\/span><\/span><\/div>\n<\/div>\n<p>Zborurile Pegasus PC1456, de pe ruta Bodrum-Moscova, PC1521, Izmir-Moscova, \u0219i PC1576, Antalya-Moscova, au fost rechemate c\u0103tre aeroporturile de unde decolaser\u0103, relateaz\u0103\u00a0<a href=\"https:\/\/ru.themoscowtimes.com\/2026\/09\/02\/krupneishaya-chastnaya-aviakompaniya-turtsiya-razvernula-samoleti-v-nebe-i-otmenila-reisi-v-moskvu-posle-ugrozi-zelenskogo-zakrit-vozdushnoe-prostranstvo-rossii-a205029\" rel=\"nofollow\">The Moscow Times.<\/a><\/p>\n<p>\u00cen diminea\u021ba zilei de miercuri, compania aerian\u0103 ar fi anulat alte c\u00e2teva zeci de curse c\u0103tre Rusia, inclusiv zboruri de la Istanbul c\u0103tre Moscova \u0219i Sankt Petersburg, dar \u0219i de la Antalya, Izmir \u0219i Dalaman c\u0103tre mai multe ora\u0219e ruse\u0219ti. Au fost anulate \u0219i zboruri programate pentru \u00eentoarcerea din Rusia.<\/p>\n<p>Un reprezentant al companiei Pegasus le-ar fi transmis pasagerilor unuia dintre zborurile anulate c\u0103 <i>\u201epartea turc\u0103 interzice plec\u0103rile\u201d<\/i> \u0219i c\u0103, \u00een acest moment, compania nu \u0219tie cum va evolua situa\u021bia.<\/p>\n<p>Reprezentan\u021bii Pegasus din Rusia nu au putut preciza dac\u0103\u00a0<a href=\"https:\/\/adevarul.ro\/stiri-externe\/rusia\/rusia-ajuta-in-secret-iranul-sa-dezvolte-rachete-2553567.html\">zborurile c\u0103tre Moscova<\/a>\u00a0vor fi reluate \u0219i nici c\u00e2nd ar putea avea loc urm\u0103toarele curse.<\/p>\n<h2>Aproximativ 80 de zboruri, afectate pe aeroporturile din Moscova<\/h2>\n<p>Perturb\u0103rile nu au vizat doar compania turc\u0103. Potrivit site-ului rusesc Ostorozhno Novosti, aproximativ 80 de zboruri au fost anulate sau \u00eent\u00e2rziate pe aeroporturile din Moscova \u00een cursul serii de mar\u021bi, pe fondul amenin\u021b\u0103rilor cu atacuri cu drone.<\/p>\n<p>Cele mai multe probleme au fost raportate pe aeroportul \u0218eremetievo, unde au fost afectate 40 de zboruri. La Domodedovo au fost raportate 20 de curse cu probleme, iar la Vnukovo alte 17.<\/p>\n<p>Ministerul rus al Ap\u0103r\u0103rii a anun\u021bat c\u0103, \u00een cursul nop\u021bii, for\u021bele ruse ar fi dobor\u00e2t 130 de drone ucrainene deasupra a 11 regiuni din Rusia, inclusiv \u00een regiunea Moscovei, precum \u0219i \u00een Crimeea, teritoriu anexat ilegal de Rusia \u00een 2014 \u0219i revendicat de Ucraina.<\/p>\n<h2>Zelenski: \u201eSpa\u021biul aerian rusesc devine complet nesigur\u201d<\/h2>\n<p>Cu o zi \u00eenaintea acestor perturb\u0103ri, pre\u0219edintele ucrainean Volodimir Zelenski avertizase companiile aeriene \u0219i operatorii care continu\u0103 s\u0103 utilizeze\u00a0<a href=\"https:\/\/adevarul.ro\/stiri-externe\/rusia\/escaladare-majora-in-razboiul-rusia-ucraina-2553548.html\">spa\u021biul aerian rusesc c\u0103 acesta ar putea deveni nesigur.<\/a><\/p>\n<p><i>\u201eAvertiz\u0103m fiecare companie aerian\u0103 care folose\u0219te spa\u021biul aerian rusesc, fiecare asigur\u0103tor \u0219i pe to\u021bi cei care continu\u0103 s\u0103 utilizeze aeroporturi ruse\u0219ti-cheie: spa\u021biul aerian rusesc devine complet nesigur\u201d, <\/i>a declarat Zelenski.<\/p>\n<p>Liderul de la Kiev a precizat c\u0103 for\u021bele ucrainene nu inten\u021bioneaz\u0103 s\u0103 atace aeronave civile, \u00eens\u0103 a avertizat c\u0103 dronele vor fi prezente pe cerul Rusiei <i>\u201ela o scar\u0103 care trebuie luat\u0103 \u00een considerare\u201d. <\/i>Potrivit lui Zelenski, Moscova, Sankt Petersburg \u0219i alte destina\u021bii importante ar urma s\u0103 fie afectate \u00een mod special.<\/p>\n<p>Declara\u021biile pre\u0219edintelui ucrainean au provocat o reac\u021bie rapid\u0103 din partea Moscovei.<\/p>\n<p>Vladimir Putin a calificat amenin\u021barea drept o form\u0103 de<i> \u201eterorism de stat\u201d<\/i> \u0219i a declarat c\u0103 Rusia va g\u0103si o modalitate de a r\u0103spunde.<\/p>\n<p><i>\u201eVom g\u0103si o modalitate de a r\u0103spunde. S\u0103 nu se \u00eendoiasc\u0103 nimeni de acest lucru\u201d,<\/i> a afirmat pre\u0219edintele rus.<\/p>\n<p>\u0218i ministrul rus al Transporturilor, Andrei Nikitin, a declarat c\u0103 autorit\u0103\u021bile vor \u00eencerca s\u0103 previn\u0103<i> \u201eorice perturb\u0103ri semnificative\u201d <\/i>ale opera\u021biunilor avia\u021biei civile. Oficialul rus a dat asigur\u0103ri c\u0103 Moscova va g\u0103si o solu\u021bie la aceast\u0103 situa\u021bie.<\/p>\n<p>Zelenski le-a cerut, de asemenea, ambasadorilor acredita\u021bi la Kiev \u0219i Moscova s\u0103 \u00ee\u0219i informeze guvernele \u0219i companiile aeriene care opereaz\u0103 zboruri c\u0103tre Rusia cu privire la riscurile existente.<\/p>\n<p>Potrivit pre\u0219edintelui ucrainean, Kievul va transmite organismelor interna\u021bionale informa\u021bii detaliate despre aceste riscuri.<\/p>\n<p>\u00cen acela\u0219i timp, Zelenski a l\u0103sat deschis\u0103 posibilitatea unor perioade limitate \u00een care atacurile cu drone s\u0103 fie suspendate, \u00een anumite direc\u021bii, \u00een cazul unor negocieri.<\/p>\n<p><\/main><\/p>\n<footer class=\"svelte-x63bga\">\n<div class=\"related-wrap related-footer svelte-78g0vl\"><span class=\"related-label svelte-78g0vl\">Cite\u0219te \u0219i<\/span><a class=\"related svelte-78g0vl\" data-gtrack=\"{&quot;event&quot;:&quot;utm_click&quot;,&quot;data&quot;:{&quot;event_category&quot;:&quot;article_related&quot;}}\" href=\"https:\/\/adevarul.ro\/stiri-externe\/europa\/ce-s-a-schimbat-in-razboiul-cu-drone-al-rusiei-2553474.html\" title=\"Alt articol de interes pentru tine\"><img decoding=\"async\" class=\"thumb svelte-78g0vl\" src=\"https:\/\/cdn.adh.reperio.news\/image-5\/5afda082-dbed-4428-bcf4-7e08b0b260b0\/index.jpeg?p=f%3Dwebp%26w%3D120%26h%3D80%26r%3Dcover%26a%3D0\" alt loading=\"lazy\" width=\"80\" height=\"54\"><span class=\"title svelte-78g0vl\">Ce s-a schimbat \u00een r\u0103zboiul cu drone al Rusiei \u00eempotriva Ucrainei? Budanov sus\u021bine c\u0103 atacurile ruse\u0219ti vor continua p\u00e2n\u0103 dup\u0103 alegerile legislative<\/span><\/a><a class=\"related svelte-78g0vl\" data-gtrack=\"{&quot;event&quot;:&quot;utm_click&quot;,&quot;data&quot;:{&quot;event_category&quot;:&quot;article_related&quot;}}\" href=\"https:\/\/adevarul.ro\/stiri-externe\/rusia\/putin-acuza-ucraina-de-terorism-de-stat-nu-se-2553527.html\" title=\"Alt articol de interes pentru tine\"><img decoding=\"async\" class=\"thumb svelte-78g0vl\" src=\"https:\/\/cdn.adh.reperio.news\/image-0\/0da50a6f-ac5e-43cd-a585-59eba4225b54\/index.jpeg?p=f%3Dwebp%26w%3D120%26h%3D80%26r%3Dcover%26a%3D0\" alt loading=\"lazy\" width=\"80\" height=\"54\"><span class=\"title svelte-78g0vl\">Putin acuz\u0103 Ucraina de \u201eterorism de stat\u201d: \u201eNu se negociaz\u0103 cu terori\u0219tii\u201d<\/span><\/a><a class=\"related svelte-78g0vl\" data-gtrack=\"{&quot;event&quot;:&quot;utm_click&quot;,&quot;data&quot;:{&quot;event_category&quot;:&quot;article_related&quot;}}\" href=\"https:\/\/adevarul.ro\/stiri-externe\/europa\/unde-sunt-dovezile-putin-respinge-acuzatiile-2553551.html\" title=\"Alt articol de interes pentru tine\"><img decoding=\"async\" class=\"thumb svelte-78g0vl\" src=\"https:\/\/cdn.adh.reperio.news\/image-7\/7474278e-1b26-4e3e-87e2-7e1676ecb1f7\/index.jpeg?p=f%3Dwebp%26w%3D120%26h%3D80%26r%3Dcover%26a%3D0\" alt loading=\"lazy\" width=\"80\" height=\"54\"><span class=\"title svelte-78g0vl\">\u201eUnde sunt dovezile?\u201d Putin respinge acuza\u021biile Germaniei privind incidentul cu drona de pe aeroportul din Leipzig<\/span><\/a><\/div>\n<div class=\"meta svelte-x63bga\">\n<div class=\"authors svelte-x63bga\"><span class=\"names svelte-x63bga\"><a href=\"https:\/\/adevarul.ro\/author\/2086\" rel=\"author\" class=\"svelte-x63bga\">Oana Ababei<\/a><\/span><\/p>\n<div class=\"_hydratable\" data-props=\"%7B%22showLive%22%3Atrue%7D\" data-context=\"%7B%22parentBlockColumnCount%22%3A%7B%22value%22%3A0%2C%22type%22%3A%22store%2Freadable%22%7D%2C%22parentBlockBackgroundColor%22%3A%7B%22type%22%3A%22store%2Freadable%22%7D%7D\" data-component=\"ShareButton\">\n<div class=\"shareButtons svelte-itwbrr\">\n<div class=\"liveSessions metaFont svelte-1maxmbf\"><span class=\"value svelte-1maxmbf\">1<\/span> live <\/div>\n<\/div>\n<\/div>\n<\/div>\n<div class=\"tags svelte-1l3vwp1\"><span class=\"tags-label metaFont svelte-1l3vwp1\">Cite\u0219te mai multe despre<\/span><\/p>\n<div class=\"tags-list svelte-1l3vwp1\"><a href=\"https:\/\/adevarul.ro\/tag\/rusia\" title=\"Ultimele \u0219tiri despre rusia\" class=\"tag-pill svelte-1l3vwp1\">rusia<\/a><a href=\"https:\/\/adevarul.ro\/tag\/ucraina\" title=\"Ultimele \u0219tiri despre ucraina\" class=\"tag-pill svelte-1l3vwp1\">ucraina<\/a><a href=\"https:\/\/adevarul.ro\/tag\/volodimir%20zelenski\" title=\"Ultimele \u0219tiri despre volodimir zelenski\" class=\"tag-pill svelte-1l3vwp1\">volodimir zelenski<\/a><a href=\"https:\/\/adevarul.ro\/tag\/zboruri\" title=\"Ultimele \u0219tiri despre zboruri\" class=\"tag-pill svelte-1l3vwp1\">zboruri<\/a><\/div>\n<\/div>\n<\/div>\n<p><a class=\"moreFromCategory svelte-x63bga\" href=\"https:\/\/adevarul.ro\/stiri-externe\/europa\" title=\"Europa\">Mai multe din <strong class=\"svelte-x63bga\">Europa<\/strong> \u203a<\/a><\/footer>\n<\/article>\n<p>[analyse_source url=&#8221;https:\/\/adevarul.ro\/stiri-externe\/europa\/zboruri-spre-moscova-oprite-in-aer-dupa-2553631.html&#8221;]<\/p>\n","protected":false},"excerpt":{"rendered":"<p>[analyse_image type=&#8221;featured&#8221; src=&#8221;https:\/\/cdn.adh.reperio.news\/image-d\/d54865e3-32c1-4843-825a-8749bb87435d\/index.jpeg?p=f%3Djpeg%26w%3D1200%26h%3D630%26r%3Dcover&#8221;] Home \u0218tiri Externe Europa Zboruri spre Moscova, oprite \u00een aer dup\u0103 avertismentul lui Zelenski Mai multe avioane ale companiei aeriene turce Pegasus, care se \u00eendreptau c\u0103tre Moscova, au fost \u00eentoarse din drum \u00een noaptea de 1 spre 2 septembrie, pe fondul avertismentelor pre\u0219edintelui ucrainean Volodimir Zelenski privind intensificarea atacurilor cu drone asupra [&hellip;]<\/p>\n","protected":false},"author":1,"featured_media":0,"comment_status":"open","ping_status":"","sticky":false,"template":"","format":"standard","meta":{"footnotes":""},"categories":[89],"tags":[19,226],"class_list":["post-2124734","post","type-post","status-publish","format-standard","hentry","category-romania","tag-adevarul","tag-crawlmanager"],"_links":{"self":[{"href":"https:\/\/analyse.optim.biz\/index.php?rest_route=\/wp\/v2\/posts\/2124734","targetHints":{"allow":["GET"]}}],"collection":[{"href":"https:\/\/analyse.optim.biz\/index.php?rest_route=\/wp\/v2\/posts"}],"about":[{"href":"https:\/\/analyse.optim.biz\/index.php?rest_route=\/wp\/v2\/types\/post"}],"author":[{"embeddable":true,"href":"https:\/\/analyse.optim.biz\/index.php?rest_route=\/wp\/v2\/users\/1"}],"replies":[{"embeddable":true,"href":"https:\/\/analyse.optim.biz\/index.php?rest_route=%2Fwp%2Fv2%2Fcomments&post=2124734"}],"version-history":[{"count":0,"href":"https:\/\/analyse.optim.biz\/index.php?rest_route=\/wp\/v2\/posts\/2124734\/revisions"}],"wp:attachment":[{"href":"https:\/\/analyse.optim.biz\/index.php?rest_route=%2Fwp%2Fv2%2Fmedia&parent=2124734"}],"wp:term":[{"taxonomy":"category","embeddable":true,"href":"https:\/\/analyse.optim.biz\/index.php?rest_route=%2Fwp%2Fv2%2Fcategories&post=2124734"},{"taxonomy":"post_tag","embeddable":true,"href":"https:\/\/analyse.optim.biz\/index.php?rest_route=%2Fwp%2Fv2%2Ftags&post=2124734"}],"curies":[{"name":"wp","href":"https:\/\/api.w.org\/{rel}","templated":true}]}}