{"id":2124730,"date":"2026-09-02T10:04:23","date_gmt":"2026-09-02T07:04:23","guid":{"rendered":"https:\/\/analyse.optim.biz\/?p=2124730"},"modified":"2026-09-02T10:04:23","modified_gmt":"2026-09-02T07:04:23","slug":"fmi-avertizeaza-liderii-lumii-privind-socul-energetic-depaseste-maximele-inregistrate-dupa-al-doilea","status":"publish","type":"post","link":"https:\/\/analyse.optim.biz\/?p=2124730","title":{"rendered":"FMI avertizeaz\u0103 liderii lumii privind \u015focul energetic. \u201eDep\u0103\u015fe\u015fte maximele \u00eenregistrate dup\u0103 Al Doilea&#8230;"},"content":{"rendered":"<p>[analyse_image type=&#8221;featured&#8221; src=&#8221;https:\/\/cdn.adh.reperio.news\/image-1\/14b66eaa-d639-45c0-ba36-dbd3f2fc668a\/index.jpeg?p=f%3Djpeg%26w%3D1200%26h%3D630%26r%3Dcover&#8221;]<\/p>\n<article class=\"svelte-x63bga\">\n<nav>\n<ul class=\"breadcrump svelte-1pk9a69\">\n<li class=\"svelte-1pk9a69\"><a href=\"https:\/\/adevarul.ro\/\" title=\"Adev\u0103rul\" class=\"svelte-1pk9a69\">Home<\/a><\/li>\n<li class=\"svelte-1pk9a69\"><a href=\"https:\/\/adevarul.ro\/stiri-externe\" class=\"svelte-1pk9a69\">\u0218tiri Externe<\/a><\/li>\n<li class=\"svelte-1pk9a69\"><a href=\"https:\/\/adevarul.ro\/stiri-externe\/in-lume\" class=\"svelte-1pk9a69\">\u00cen lume<\/a><\/li>\n<li class=\"svelte-1pk9a69\"><a href=\"https:\/\/adevarul.ro\/stiri-externe\/in-lume\/fmi-avertizeaza-liderii-lumii-privind-socul-2553604.html\" class=\"svelte-1pk9a69\">FMI avertizeaz\u0103 liderii lumii privind \u015focul energetic. \u201eDep\u0103\u015fe\u015fte maximele \u00eenregistrate dup\u0103 Al Doilea R\u0103zboi Mondial&#8221;<\/a><\/li>\n<\/ul>\n<\/nav>\n<p><main class=\"svelte-x63bga\"><\/p>\n<p>Directorul general al Fondului Monetar Interna\u0163ional (FMI), Kristalina Georgieva, a avertizat mar\u0163i, 1 septembrie, la \u00eencheierea reuniunii mini\u015ftrilor de Finan\u0163e din G20, c\u0103 \u015focul energetic rezultat din \u00eenchiderea Str\u00e2mtorii Ormuz nu s-a \u00eencheiat \u00eenc\u0103 \u015fi c\u0103 dezvoltarea inteligen\u0163ei artificiale majoreaz\u0103 cererea de energie.<\/p>\n<div class=\"container-image  svelte-1xbw4f3\"><source type=\"image\/webp\" srcset=\"https:\/\/cdn.adh.reperio.news\/image-1\/14b66eaa-d639-45c0-ba36-dbd3f2fc668a\/index.jpeg?p=a%3D1%26co%3D1.05%26w%3D1400%26h%3D750%26r%3Dcontain%26f%3Dwebp 1400w\" media=\"(min-width: 1400px)\" \/><\/p>\n<div class=\"caption svelte-1xbw4f3\"><span class=\"captionText svelte-1xbw4f3\">Kristalina Georgieva, \u0219efa FMI <span class=\"source svelte-1xbw4f3\">Foto: Facebook\/Kristalina Georgieva<\/span><\/span><\/div>\n<\/div>\n<p><i>\u201eStr\u00e2mtoarea Ormuz r\u0103m\u00e2ne \u00een mare parte \u00eenchis\u0103, rezervele strategice de petrol \u015fi gaze vor trebui ref\u0103cute, AI duce la cre\u015fterea cererii de energie, iar iarna se apropie \u00een emisfera nordic\u0103&#8221;<\/i>, a declarat Georgieva, la sf\u00e2r\u015fitul reuniunii mini\u015ftrilor de Finan\u0163e \u015fi a guvernatorilor b\u0103ncilor centrale de la Asheville, Carolina de Nord, scrie Agerpres.<\/p>\n<p>Georgieva a afirmat c\u0103 economia global\u0103 a absorbit \u015focul energetic \u201e<i>mai bine dec\u00e2t se a\u015ftepta&#8221;<\/i> \u015fi a apreciat c\u0103 acest lucru are leg\u0103tur\u0103 cu <i>\u201emajorarea investi\u0163iilor \u00een AI<\/i>&#8220;, care a <i>\u201estimulat cre\u015fterea&#8221;<\/i> \u00een SUA, Coreea de Sud \u015fi alte \u0163\u0103ri aflate de-a lungul lan\u0163ului valoric, <i>\u201einclusiv proiecte de produc\u0163ie de energie pentru a satisface nevoile lor energetice&#8221;.<\/i><\/p>\n<p>Cu toate acestea, \u015fefa FMI a subliniat c\u0103 exist\u0103 o \u201e<i>divergen\u0163\u0103 semnificativ\u0103<\/i>&#8221; \u00eentre traiectoriile economice \u015fi c\u0103 riscurile la adresa perspectivelor de cre\u015ftere global\u0103, care s-au stabilizat \u00een jurul valorii de 3%, r\u0103m\u00e2n ridicate.<\/p>\n<p>Printre riscurile pe care Georgieva le-a enumerat, pe l\u00e2ng\u0103 continuarea \u015focului energetic, se num\u0103r\u0103 cre\u015fterea \u00eengrijor\u0103toare a datoriei publice, care, a declarat ea, \u201e<i>dep\u0103\u015fe\u015fte maximele \u00eenregistrate dup\u0103 al Doilea R\u0103zboi Mondial&#8221;<\/i>, se apropie de 100% din PIB la nivel global \u015fi este a\u015fteptat\u0103 s\u0103 continue s\u0103 creasc\u0103.<\/p>\n<p><i>\u201ePrivind \u00een urm\u0103, traiectoria datoriei seam\u0103n\u0103 cu o scar\u0103: salturi verticale mari atunci c\u00e2nd apar \u015focuri \u015fi o reducere mic\u0103 sau deloc ulterior<\/i>&#8220;, a explicat ea.<\/p>\n<p><a href=\"https:\/\/adevarul.ro\/economie\/sefa-fmi-afirma-ca-economia-mondiala-a-rezistat-2552108.html\">De asemenea, Georgieva a sus\u0163inut<\/a> c\u0103 procesul dezinfla\u0163ionist a stagnat \u00een multe \u0163\u0103ri, presiunile fiscale tot mai mari duc la cre\u015fterea randamentelor obliga\u0163iunilor guvernamentale, iar interac\u0163iunea dintre politica fiscal\u0103 \u015fi cea monetar\u0103 deranjeaz\u0103 pie\u0163ele.<\/p>\n<p><a href=\"https:\/\/adevarul.ro\/stiri-externe\/sua\/toate-drumurile-duc-la-scumpiri-avertismentul-2520916.html\">Un alt risc men\u0163ionat de directorul general al FMI<\/a> este c\u0103 impactul AI asupra productivit\u0103\u0163ii \u015fi stabilit\u0103\u0163ii financiare \u201e<i>este \u00eenv\u0103luit \u00een incertitudine&#8221;<\/i>. \u00cen acest sens, Georgieva a subliniat c\u0103 priorit\u0103\u0163ile politicii economice \u201e<i>sunt clare<\/i>&#8221; \u015fi a \u00eendemnat b\u0103ncile centrale s\u0103 se concentreze pe stabilitatea pre\u0163urilor \u015fi autorit\u0103\u0163ile fiscale \u201e<i>s\u0103 convin\u0103 asupra unor planuri credibile de consolidare pe termen mediu&#8221;.<\/i><\/p>\n<p><i>\u201ePoliticile structurale trebuie s\u0103 se concentreze pe reducerea birocra\u0163iei \u015fi eliminarea obstacolelor \u00een calea cre\u015fterii impuse chiar de \u0163\u0103ri, deoarece o cre\u015ftere poten\u0163ial\u0103 mai mare ar ajuta la rezolvarea problemelor fiscale, iar abordarea problemelor fiscale ar contribui la \u00eembun\u0103t\u0103\u0163irea perspectivelor de cre\u015ftere&#8221;<\/i>, a subliniat Georgieva.<\/p>\n<p><\/main><\/p>\n<footer class=\"svelte-x63bga\">\n<div class=\"related-wrap related-footer svelte-78g0vl\"><span class=\"related-label svelte-78g0vl\">Cite\u0219te \u0219i<\/span><a class=\"related svelte-78g0vl\" data-gtrack=\"{&quot;event&quot;:&quot;utm_click&quot;,&quot;data&quot;:{&quot;event_category&quot;:&quot;article_related&quot;}}\" href=\"https:\/\/adevarul.ro\/stiri-externe\/in-lume\/sefa-fmi-kristalina-georgieva-puneti-va-2477973.html\" title=\"Alt articol de interes pentru tine\"><img decoding=\"async\" class=\"thumb svelte-78g0vl\" src=\"https:\/\/cdn.adh.reperio.news\/image-1\/14b66eaa-d639-45c0-ba36-dbd3f2fc668a\/index.jpeg?p=f%3Dwebp%26w%3D120%26h%3D80%26r%3Dcover%26a%3D0\" alt loading=\"lazy\" width=\"80\" height=\"54\"><span class=\"title svelte-78g0vl\">\u0218efa FMI Kristalina Georgieva: \u201ePune\u0163i-v\u0103 centurile. Incertitudinea a devenit noua normalitate\u201d<\/span><\/a><a class=\"related svelte-78g0vl\" data-gtrack=\"{&quot;event&quot;:&quot;utm_click&quot;,&quot;data&quot;:{&quot;event_category&quot;:&quot;article_related&quot;}}\" href=\"https:\/\/adevarul.ro\/economie\/sefa-fmi-semnal-de-alarma-privind-crizele-2522973.html\" title=\"Alt articol de interes pentru tine\"><img decoding=\"async\" class=\"thumb svelte-78g0vl\" src=\"https:\/\/cdn.adh.reperio.news\/image-1\/14b66eaa-d639-45c0-ba36-dbd3f2fc668a\/index.jpeg?p=f%3Dwebp%26w%3D120%26h%3D80%26r%3Dcover%26a%3D0\" alt loading=\"lazy\" width=\"80\" height=\"54\"><span class=\"title svelte-78g0vl\">\u0218efa FMI, semnal de alarm\u0103 privind \u201ecrizele suprapuse\u201d ale economiei globale. Prognoza de cre\u0219tere pentru Rom\u00e2nia, \u00eenjum\u0103t\u0103\u021bit\u0103 \u00een 2026<\/span><\/a><a class=\"related svelte-78g0vl\" data-gtrack=\"{&quot;event&quot;:&quot;utm_click&quot;,&quot;data&quot;:{&quot;event_category&quot;:&quot;article_related&quot;}}\" href=\"https:\/\/adevarul.ro\/economie\/sefa-fmi-afirma-ca-economia-mondiala-a-rezistat-2552108.html\" title=\"Alt articol de interes pentru tine\"><img decoding=\"async\" class=\"thumb svelte-78g0vl\" src=\"https:\/\/cdn.adh.reperio.news\/image-1\/14b66eaa-d639-45c0-ba36-dbd3f2fc668a\/index.jpeg?p=f%3Dwebp%26w%3D120%26h%3D80%26r%3Dcover%26a%3D0\" alt loading=\"lazy\" width=\"80\" height=\"54\"><span class=\"title svelte-78g0vl\">\u0218efa FMI afirm\u0103 c\u0103 economia mondial\u0103 a rezistat bine \u015focului energetic provocat de r\u0103zboiul cu Iranul<\/span><\/a><\/div>\n<div class=\"meta svelte-x63bga\">\n<div class=\"authors svelte-x63bga\"><span class=\"names svelte-x63bga\"><a href=\"https:\/\/adevarul.ro\/author\/672\" rel=\"author\" class=\"svelte-x63bga\">\u0218tefan Borcea<\/a><\/span><\/p>\n<div class=\"_hydratable\" data-props=\"%7B%22showLive%22%3Atrue%7D\" data-context=\"%7B%22parentBlockColumnCount%22%3A%7B%22value%22%3A0%2C%22type%22%3A%22store%2Freadable%22%7D%2C%22parentBlockBackgroundColor%22%3A%7B%22type%22%3A%22store%2Freadable%22%7D%7D\" data-component=\"ShareButton\">\n<div class=\"shareButtons svelte-itwbrr\">\n<div class=\"liveSessions metaFont svelte-1maxmbf\"><span class=\"value svelte-1maxmbf\">1<\/span> live <\/div>\n<\/div>\n<\/div>\n<\/div>\n<div class=\"tags svelte-1l3vwp1\"><span class=\"tags-label metaFont svelte-1l3vwp1\">Cite\u0219te mai multe despre<\/span><\/p>\n<div class=\"tags-list svelte-1l3vwp1\"><a href=\"https:\/\/adevarul.ro\/tag\/kristalina%20georgieva\" title=\"Ultimele \u0219tiri despre kristalina georgieva\" class=\"tag-pill svelte-1l3vwp1\">kristalina georgieva<\/a><\/div>\n<\/div>\n<\/div>\n<p><a class=\"moreFromCategory svelte-x63bga\" href=\"https:\/\/adevarul.ro\/stiri-externe\/in-lume\" title=\"\u00cen lume\">Mai multe din <strong class=\"svelte-x63bga\">\u00cen lume<\/strong> \u203a<\/a><\/footer>\n<\/article>\n<p>[analyse_source url=&#8221;https:\/\/adevarul.ro\/stiri-externe\/in-lume\/fmi-avertizeaza-liderii-lumii-privind-socul-2553604.html&#8221;]<\/p>\n","protected":false},"excerpt":{"rendered":"<p>[analyse_image type=&#8221;featured&#8221; src=&#8221;https:\/\/cdn.adh.reperio.news\/image-1\/14b66eaa-d639-45c0-ba36-dbd3f2fc668a\/index.jpeg?p=f%3Djpeg%26w%3D1200%26h%3D630%26r%3Dcover&#8221;] Home \u0218tiri Externe \u00cen lume FMI avertizeaz\u0103 liderii lumii privind \u015focul energetic. \u201eDep\u0103\u015fe\u015fte maximele \u00eenregistrate dup\u0103 Al Doilea R\u0103zboi Mondial&#8221; Directorul general al Fondului Monetar Interna\u0163ional (FMI), Kristalina Georgieva, a avertizat mar\u0163i, 1 septembrie, la \u00eencheierea reuniunii mini\u015ftrilor de Finan\u0163e din G20, c\u0103 \u015focul energetic rezultat din \u00eenchiderea Str\u00e2mtorii Ormuz nu s-a [&hellip;]<\/p>\n","protected":false},"author":1,"featured_media":0,"comment_status":"open","ping_status":"","sticky":false,"template":"","format":"standard","meta":{"footnotes":""},"categories":[89],"tags":[19,226],"class_list":["post-2124730","post","type-post","status-publish","format-standard","hentry","category-romania","tag-adevarul","tag-crawlmanager"],"_links":{"self":[{"href":"https:\/\/analyse.optim.biz\/index.php?rest_route=\/wp\/v2\/posts\/2124730","targetHints":{"allow":["GET"]}}],"collection":[{"href":"https:\/\/analyse.optim.biz\/index.php?rest_route=\/wp\/v2\/posts"}],"about":[{"href":"https:\/\/analyse.optim.biz\/index.php?rest_route=\/wp\/v2\/types\/post"}],"author":[{"embeddable":true,"href":"https:\/\/analyse.optim.biz\/index.php?rest_route=\/wp\/v2\/users\/1"}],"replies":[{"embeddable":true,"href":"https:\/\/analyse.optim.biz\/index.php?rest_route=%2Fwp%2Fv2%2Fcomments&post=2124730"}],"version-history":[{"count":0,"href":"https:\/\/analyse.optim.biz\/index.php?rest_route=\/wp\/v2\/posts\/2124730\/revisions"}],"wp:attachment":[{"href":"https:\/\/analyse.optim.biz\/index.php?rest_route=%2Fwp%2Fv2%2Fmedia&parent=2124730"}],"wp:term":[{"taxonomy":"category","embeddable":true,"href":"https:\/\/analyse.optim.biz\/index.php?rest_route=%2Fwp%2Fv2%2Fcategories&post=2124730"},{"taxonomy":"post_tag","embeddable":true,"href":"https:\/\/analyse.optim.biz\/index.php?rest_route=%2Fwp%2Fv2%2Ftags&post=2124730"}],"curies":[{"name":"wp","href":"https:\/\/api.w.org\/{rel}","templated":true}]}}