{"id":2124729,"date":"2026-09-02T00:00:00","date_gmt":"2026-09-01T21:00:00","guid":{"rendered":"https:\/\/analyse.optim.biz\/?p=2124729"},"modified":"2026-09-02T00:00:00","modified_gmt":"2026-09-01T21:00:00","slug":"ciclism-matthew-brennan-s-a-impus-in-etapa-a-11-a-a-turului-spaniei-mas-ramane-lider-la-general","status":"publish","type":"post","link":"https:\/\/analyse.optim.biz\/?p=2124729","title":{"rendered":"Ciclism: Matthew Brennan s-a impus \u00een etapa a 11-a a Turului Spaniei; Mas r\u0103m\u00e2ne lider la general"},"content":{"rendered":"<p>[analyse_image type=&#8221;featured&#8221; src=&#8221;https:\/\/agerpres.ro\/data\/202609\/20260902190520_439613.jpg&#8221;]<\/p>\n<div class=\"mx-auto pt-3\">\n<p><strong>Britanicul Matthew Brennan s-a impus miercuri \u00eentr-un sprint haotic la linia de sosire a etapei a 11-a din Turul Spaniei, desf\u0103\u0219urat\u0103 pe distan\u021ba de 151,3 km \u00eentre Cartagena \u0219i Lorca, ciclistul de 21 de ani de la echipa Visma-Lease a Bike bif\u00e2nd astfel a treia sa victorie de etap\u0103 la debutul \u00eentr-un mare tur, informeaz\u0103 Reuters.<\/strong><\/p>\n<p>Matthew Brennan, care a c\u00e2\u0219tigat \u0219i etapele a doua \u0219i a patra, a fost cronometrat \u00een 3 h 17 min 18 sec, \u00eenving\u00e2ndu-i pe francezul Bryan Coquard (Cofidis) \u0219i belgianul Jordi Meeus (Red Bull-Bora-Hansgrohe) la fotofini\u0219.<\/p>\n<p>Purt\u0103torul tricoului ro\u0219u, spaniolul Enric Mas (Movistar), \u0219i-a p\u0103strat pozi\u021bia de lider la general \u00een fa\u021ba slovenului Primoz Roglic (Red Bull-Bora-Hansgrohe), de patru ori c\u00e2\u0219tig\u0103tor al Turului Spaniei, \u00een timp ce aproape \u00eentregul pluton a trecut laolalt\u0103 linia de sosire, la finalul etapei.<\/p>\n<p>Enric Mas este urmat de Primoz Roglic la 1 min 18 sec \u0219i de austriacul Felix Gall (Decathlon CMA CGM) la 1:39.<\/p>\n<p><strong>Joi va avea loc etapa a 12-a, Vera &#8211; Calar Alto (166,6 km).\u00a0<\/strong><br \/>\nAGERPRES (AS\/editor: Mircea Lazaroniu, editor online: Gabriela Badea)\u00a0<\/p>\n<\/div>\n<div class=\"mx-auto pt-3\">\n                                Afisari: 159\n                            <\/div>\n<p>[analyse_source url=&#8221;https:\/\/agerpres.ro\/sport-extern\/2026\/09\/02\/ciclism-matthew-brennan-s-a-impus-in-etapa-a-11-a-a-turului-spaniei-mas-ramane-lider-la-general&#8211;1590147&#8243;]<\/p>\n","protected":false},"excerpt":{"rendered":"<p>[analyse_image type=&#8221;featured&#8221; src=&#8221;https:\/\/agerpres.ro\/data\/202609\/20260902190520_439613.jpg&#8221;] Britanicul Matthew Brennan s-a impus miercuri \u00eentr-un sprint haotic la linia de sosire a etapei a 11-a din Turul Spaniei, desf\u0103\u0219urat\u0103 pe distan\u021ba de 151,3 km \u00eentre Cartagena \u0219i Lorca, ciclistul de 21 de ani de la echipa Visma-Lease a Bike bif\u00e2nd astfel a treia sa victorie de etap\u0103 la debutul \u00eentr-un [&hellip;]<\/p>\n","protected":false},"author":1,"featured_media":0,"comment_status":"open","ping_status":"","sticky":false,"template":"","format":"standard","meta":{"footnotes":""},"categories":[2],"tags":[],"class_list":["post-2124729","post","type-post","status-publish","format-standard","hentry","category-politics"],"_links":{"self":[{"href":"https:\/\/analyse.optim.biz\/index.php?rest_route=\/wp\/v2\/posts\/2124729","targetHints":{"allow":["GET"]}}],"collection":[{"href":"https:\/\/analyse.optim.biz\/index.php?rest_route=\/wp\/v2\/posts"}],"about":[{"href":"https:\/\/analyse.optim.biz\/index.php?rest_route=\/wp\/v2\/types\/post"}],"author":[{"embeddable":true,"href":"https:\/\/analyse.optim.biz\/index.php?rest_route=\/wp\/v2\/users\/1"}],"replies":[{"embeddable":true,"href":"https:\/\/analyse.optim.biz\/index.php?rest_route=%2Fwp%2Fv2%2Fcomments&post=2124729"}],"version-history":[{"count":0,"href":"https:\/\/analyse.optim.biz\/index.php?rest_route=\/wp\/v2\/posts\/2124729\/revisions"}],"wp:attachment":[{"href":"https:\/\/analyse.optim.biz\/index.php?rest_route=%2Fwp%2Fv2%2Fmedia&parent=2124729"}],"wp:term":[{"taxonomy":"category","embeddable":true,"href":"https:\/\/analyse.optim.biz\/index.php?rest_route=%2Fwp%2Fv2%2Fcategories&post=2124729"},{"taxonomy":"post_tag","embeddable":true,"href":"https:\/\/analyse.optim.biz\/index.php?rest_route=%2Fwp%2Fv2%2Ftags&post=2124729"}],"curies":[{"name":"wp","href":"https:\/\/api.w.org\/{rel}","templated":true}]}}