{"id":2124724,"date":"2026-09-02T00:00:00","date_gmt":"2026-09-01T21:00:00","guid":{"rendered":"https:\/\/analyse.optim.biz\/?p=2124724"},"modified":"2026-09-02T00:00:00","modified_gmt":"2026-09-01T21:00:00","slug":"ucraina-ue-va-inaspri-regimul-de-sanctiuni-impotriva-rusiei-anunta-sefa-diplomatiei-europene","status":"publish","type":"post","link":"https:\/\/analyse.optim.biz\/?p=2124724","title":{"rendered":"#Ucraina: UE va \u00een\u0103spri regimul de sanc\u021biuni \u00eempotriva Rusiei, anun\u021b\u0103 \u0219efa diploma\u021biei europene"},"content":{"rendered":"<p>[analyse_image type=&#8221;featured&#8221; src=&#8221;https:\/\/agerpres.ro\/data\/202609\/20260902191325_286586.jpg&#8221;]<\/p>\n<div class=\"mx-auto pt-3\">\n<p><strong>Uniunea European\u0103 va c\u0103uta s\u0103 \u00een\u0103spreasc\u0103 punerea \u00een aplicare a sanc\u021biunilor contra Rusiei, simultan cu sporirea presiunii asupra Moscovei \u0219i cu cre\u0219terea sprijinului pentru Ucraina, a anun\u021bat miercuri \u0219efa diploma\u021biei europene Kaja Kallas, transmit Reuters \u0219i AFP.<\/strong><\/p>\n<p>&#8221;Lucr\u0103m la noi propuneri pentru \u00een\u0103sprirea aplic\u0103rii sanc\u021biunilor \u0219i avans\u0103m cu noi sanc\u021biuni. \u00cencerc\u0103rile de a intimida Europa vor e\u0219ua&#8221;, a spus Kaja Kallas dup\u0103 o reuniune informal\u0103 a mini\u0219trilor de externe din UE, organizat\u0103 \u00een Irlanda, \u021bara ce de\u021bine pre\u0219edin\u021bia semestrial\u0103 a Consiliului UE.<\/p>\n<p>Ea a evocat un &#8221;sprijin larg&#8221; \u00een r\u00e2ndul mini\u0219trilor \u00een ceea ce prive\u0219te propunerea de introducere a unei interdic\u021bii de intrare pentru fo\u0219tii combatan\u021bi ru\u0219i \u0219i a unor restric\u021bii mai dure pentru turi\u0219tii ru\u0219i.<\/p>\n<p>&#8221;Suntem bucuro\u0219i c\u0103 am auzit ast\u0103zi anun\u021buri ale statelor membre c\u0103 vor furniza mijloace de ap\u0103rare aerian\u0103 ce au fost at\u00e2t de mult timp cerute&#8221;, a ad\u0103ugat fosta \u0219ef\u0103 a guvernului eston.<\/p>\n<p>Uniunea European\u0103 a adoptat sanc\u021biuni masive \u0219i f\u0103r\u0103 precedent \u00eempotriva persoanelor \u0219i entit\u0103\u021bilor implicate \u00een invadarea pe scar\u0103 larg\u0103 a Ucrainei de c\u0103tre Rusia. \u00cencep\u00e2nd din martie 2014, UE a impus progresiv Moscovei m\u0103suri restrictive ca r\u0103spuns la anexarea ilegal\u0103 a Crimeei (2014), la invadarea pe scar\u0103 larg\u0103 a Ucrainei (2022) \u0219i la anexarea ilegal\u0103 a regiunilor ucrainene Done\u021bk, Lugansk, Zaporojie \u0219i Herson (2022).<\/p>\n<p>P\u00e2n\u0103 \u00een prezent, UE a adoptat 21 pachete de sanc\u021biuni contra Rusiei, cel mai recent pe 23 iulie. Atunci, UE a decis interdic\u021bia de acces \u00een porturi pentru \u00eenc\u0103 41 de nave din &#8221;flota fantom\u0103&#8221; a Rusiei, interzicerea tranzac\u021biilor cu alte 33 de institu\u021bii de credit \u0219i financiare ruse \u0219i patru b\u0103nci din \u021b\u0103ri din afara UE.<\/p>\n<p>De asemenea, pe lista persoanelor \u0219i entit\u0103\u021bilor sanc\u021bionate au fost ad\u0103ugate 218 nume.<\/p>\n<p>M\u0103surile restrictive ale UE \u00een raport cu ac\u021biunile ce submineaz\u0103 sau amenin\u021b\u0103 integritatea teritorial\u0103, suveranitatea \u0219i independen\u021ba Ucrainei se aplic\u0103 acum pentru aproximativ 3.000 de persoane \u0219i entit\u0103\u021bi. AGERPRES\/(AS &#8211; redactor: Tudor Martalogu, editor online: Simona Aru\u015ftei)<\/p>\n<\/div>\n<div class=\"mx-auto pt-3\">\n                                Afisari: 121\n                            <\/div>\n<p>[analyse_source url=&#8221;https:\/\/agerpres.ro\/politic-extern\/2026\/09\/02\/ucraina-ue-va-inaspri-regimul-de-sanctiuni-impotriva-rusiei-anunta-sefa-diplomatiei-europene&#8211;1590152&#8243;]<\/p>\n","protected":false},"excerpt":{"rendered":"<p>[analyse_image type=&#8221;featured&#8221; src=&#8221;https:\/\/agerpres.ro\/data\/202609\/20260902191325_286586.jpg&#8221;] Uniunea European\u0103 va c\u0103uta s\u0103 \u00een\u0103spreasc\u0103 punerea \u00een aplicare a sanc\u021biunilor contra Rusiei, simultan cu sporirea presiunii asupra Moscovei \u0219i cu cre\u0219terea sprijinului pentru Ucraina, a anun\u021bat miercuri \u0219efa diploma\u021biei europene Kaja Kallas, transmit Reuters \u0219i AFP. &#8221;Lucr\u0103m la noi propuneri pentru \u00een\u0103sprirea aplic\u0103rii sanc\u021biunilor \u0219i avans\u0103m cu noi sanc\u021biuni. \u00cencerc\u0103rile de [&hellip;]<\/p>\n","protected":false},"author":1,"featured_media":0,"comment_status":"open","ping_status":"","sticky":false,"template":"","format":"standard","meta":{"footnotes":""},"categories":[2],"tags":[37,226],"class_list":["post-2124724","post","type-post","status-publish","format-standard","hentry","category-politics","tag-agerpres-ro","tag-crawlmanager"],"_links":{"self":[{"href":"https:\/\/analyse.optim.biz\/index.php?rest_route=\/wp\/v2\/posts\/2124724","targetHints":{"allow":["GET"]}}],"collection":[{"href":"https:\/\/analyse.optim.biz\/index.php?rest_route=\/wp\/v2\/posts"}],"about":[{"href":"https:\/\/analyse.optim.biz\/index.php?rest_route=\/wp\/v2\/types\/post"}],"author":[{"embeddable":true,"href":"https:\/\/analyse.optim.biz\/index.php?rest_route=\/wp\/v2\/users\/1"}],"replies":[{"embeddable":true,"href":"https:\/\/analyse.optim.biz\/index.php?rest_route=%2Fwp%2Fv2%2Fcomments&post=2124724"}],"version-history":[{"count":0,"href":"https:\/\/analyse.optim.biz\/index.php?rest_route=\/wp\/v2\/posts\/2124724\/revisions"}],"wp:attachment":[{"href":"https:\/\/analyse.optim.biz\/index.php?rest_route=%2Fwp%2Fv2%2Fmedia&parent=2124724"}],"wp:term":[{"taxonomy":"category","embeddable":true,"href":"https:\/\/analyse.optim.biz\/index.php?rest_route=%2Fwp%2Fv2%2Fcategories&post=2124724"},{"taxonomy":"post_tag","embeddable":true,"href":"https:\/\/analyse.optim.biz\/index.php?rest_route=%2Fwp%2Fv2%2Ftags&post=2124724"}],"curies":[{"name":"wp","href":"https:\/\/api.w.org\/{rel}","templated":true}]}}