{"id":2124722,"date":"2026-09-02T08:55:10","date_gmt":"2026-09-02T05:55:10","guid":{"rendered":"https:\/\/analyse.optim.biz\/?p=2124722"},"modified":"2026-09-02T08:55:10","modified_gmt":"2026-09-02T05:55:10","slug":"explozie-intr-o-gara-din-germania-doi-adolescenti-au-fost-raniti-politia-investigheaza-cauza","status":"publish","type":"post","link":"https:\/\/analyse.optim.biz\/?p=2124722","title":{"rendered":"Explozie \u00eentr-o gar\u0103 din Germania: doi adolescen\u021bi au fost r\u0103ni\u021bi. Poli\u021bia investigheaz\u0103 cauza"},"content":{"rendered":"<p>[analyse_image type=&#8221;featured&#8221; src=&#8221;https:\/\/cdn.adh.reperio.news\/image-5\/58f938b8-39b0-4288-b579-ed0beeeb0f6b\/index.jpeg?p=f%3Djpeg%26w%3D1200%26h%3D630%26r%3Dcover&#8221;]<\/p>\n<article class=\"svelte-x63bga\">\n<nav>\n<ul class=\"breadcrump svelte-1pk9a69\">\n<li class=\"svelte-1pk9a69\"><a href=\"https:\/\/adevarul.ro\/\" title=\"Adev\u0103rul\" class=\"svelte-1pk9a69\">Home<\/a><\/li>\n<li class=\"svelte-1pk9a69\"><a href=\"https:\/\/adevarul.ro\/stiri-externe\" class=\"svelte-1pk9a69\">\u0218tiri Externe<\/a><\/li>\n<li class=\"svelte-1pk9a69\"><a href=\"https:\/\/adevarul.ro\/stiri-externe\/europa\" class=\"svelte-1pk9a69\">Europa<\/a><\/li>\n<li class=\"svelte-1pk9a69\"><a href=\"https:\/\/adevarul.ro\/stiri-externe\/europa\/explozie-intr-o-gara-din-germania-doi-adolescenti-2553589.html\" class=\"svelte-1pk9a69\">Explozie \u00eentr-o gar\u0103 din Germania: doi adolescen\u021bi au fost r\u0103ni\u021bi. Poli\u021bia investigheaz\u0103 cauza<\/a><\/li>\n<\/ul>\n<\/nav>\n<p><main class=\"svelte-x63bga\"><\/p>\n<p>O explozie produs\u0103 miercuri \u00een zona g\u0103rii centrale din Augsburg, \u00een sudul Germaniei, a declan\u0219at o ampl\u0103 interven\u021bie a poli\u021biei. Dou\u0103 persoane au fost r\u0103nite, iar autorit\u0103\u021bile \u00eencearc\u0103 s\u0103 stabileasc\u0103 ce a provocat deflagra\u021bia.<\/p>\n<div class=\"container-image  svelte-1xbw4f3\"><source type=\"image\/webp\" srcset=\"https:\/\/cdn.adh.reperio.news\/image-5\/58f938b8-39b0-4288-b579-ed0beeeb0f6b\/index.jpeg?p=a%3D1%26co%3D1.05%26w%3D1400%26h%3D735%26r%3Dcontain%26f%3Dwebp 1400w\" media=\"(min-width: 1400px)\" \/><\/p>\n<div class=\"caption svelte-1xbw4f3\"><span class=\"captionText svelte-1xbw4f3\">Gara din Augsburg, Germania\/FOTO:X@BasilTheGreat  <span class=\"source svelte-1xbw4f3\">Foto: X@BasilTheGreat<\/span><\/span><\/div>\n<\/div>\n<p>Potrivit poli\u021biei din Bavaria, explozia a avut loc \u00eentr-un hol al cl\u0103dirii g\u0103rii. Incidentul a fost raportat \u00een jurul orei 05:00, ora local\u0103.<\/p>\n<p>O fat\u0103 de 17 ani \u0219i un b\u0103iat de 18 ani au fost transporta\u021bi la spital. Cei doi au suferit traumatisme acustice provocate de zgomotul puternic al exploziei, potrivit autorit\u0103\u021bilor.<\/p>\n<p>Nu este clar deocamdat\u0103 ce obiect sau dispozitiv a explodat. Poli\u021bia a anun\u021bat c\u0103, \u00een urma incidentului, a fost descoperit \u0219i un obiect suspect \u00een gar\u0103.<\/p>\n<div class=\"_hydratable\" data-props=\"%7B%22data%22%3A%7B%22caption%22%3A%22%22%2C%22embed%22%3A%22https%3A%2F%2Ftwitframe.reperio.news%3Furl%3Dhttps%3A%2F%2Ftwitter.com%2Fderspiegel%2Fstatus%2F2095030174572335131%22%2C%22height%22%3A300%2C%22measured_height%22%3A100%2C%22service%22%3A%22x%22%2C%22source%22%3A%22https%3A%2F%2Fx.com%2Fderspiegel%2Fstatus%2F2095030174572335131%22%2C%22width%22%3A600%7D%2C%22id%22%3A%22NXd7KP2LjT%22%2C%22type%22%3A%22embed%22%2C%22lines%22%3A10%2C%22linesAbove%22%3A33%2C%22index%22%3A5%2C%22paragraphsAbove%22%3A4%2C%22percentage%22%3A0.4177215189873418%2C%22linesBellow%22%3A46%7D\" data-context=\"%7B%22parentBlockColumnCount%22%3A%7B%22value%22%3A0%2C%22type%22%3A%22store%2Freadable%22%7D%2C%22parentBlockBackgroundColor%22%3A%7B%22type%22%3A%22store%2Freadable%22%7D%7D\" data-component=\"EditorEmbedViewDefault\">\n<div class=\"container-embed svelte-1petmjv\"><\/div>\n<\/div>\n<h2>Gara, \u00eenchis\u0103 temporar<\/h2>\n<p>Gara central\u0103 din Augsburg a fost \u00eenchis\u0103, iar traficul feroviar a fost suspendat.<\/p>\n<p><i>\u201eTraficul feroviar a fost suspendat\u201d<\/i>, a transmis poli\u021bia pe platforma X.<\/p>\n<p>Circula\u021bia trenurilor \u0219i transportul public din zona g\u0103rii au fost afectate \u00een urma incidentului. Poli\u021bia a instituit un perimetru de securitate, \u00een timp ce speciali\u0219tii au verificat zona.<\/p>\n<p>Potrivit publica\u021biei germane Augsburger Allgemeine, la fa\u021ba locului au fost trimi\u0219i speciali\u0219ti ai Oficiului de Stat pentru Investiga\u021bii Criminale (LKA), inclusiv un robot utilizat pentru verificarea \u0219i, dac\u0103 este necesar, neutralizarea dispozitivelor explozive.<\/p>\n<div class=\"_hydratable\" data-props=\"%7B%22data%22%3A%7B%22caption%22%3A%22%22%2C%22embed%22%3A%22https%3A%2F%2Ftwitframe.reperio.news%3Furl%3Dhttps%3A%2F%2Ftwitter.com%2Fanadoluajansi%2Fstatus%2F2095052424587235827%22%2C%22height%22%3A300%2C%22measured_height%22%3A100%2C%22service%22%3A%22x%22%2C%22source%22%3A%22https%3A%2F%2Fx.com%2Fanadoluajansi%2Fstatus%2F2095052424587235827%22%2C%22width%22%3A600%7D%2C%22id%22%3A%22hQ_b2vPWM7%22%2C%22type%22%3A%22embed%22%2C%22lines%22%3A10%2C%22linesAbove%22%3A61%2C%22index%22%3A11%2C%22paragraphsAbove%22%3A8%2C%22percentage%22%3A0.7721518987341772%2C%22linesBellow%22%3A18%7D\" data-context=\"%7B%22parentBlockColumnCount%22%3A%7B%22value%22%3A0%2C%22type%22%3A%22store%2Freadable%22%7D%2C%22parentBlockBackgroundColor%22%3A%7B%22type%22%3A%22store%2Freadable%22%7D%7D\" data-component=\"EditorEmbedViewDefault\">\n<div class=\"container-embed svelte-1petmjv\"><\/div>\n<\/div>\n<p>Autorit\u0103\u021bile nu au oferit deocamdat\u0103 informa\u021bii despre natura obiectului suspect sau despre cauza exploziei.<\/p>\n<p>Ancheta este \u00een desf\u0103\u0219urare. Poli\u021bia \u00eencearc\u0103 s\u0103 stabileasc\u0103 at\u00e2t originea obiectului care a explodat, c\u00e2t \u0219i circumstan\u021bele \u00een care acesta a ajuns \u00een gar\u0103.<\/p>\n<p>Deocamdat\u0103 nu exist\u0103 informa\u021bii oficiale care s\u0103 indice dac\u0103 explozia a fost accidental\u0103 sau dac\u0103 a fost provocat\u0103 inten\u021bionat.<\/p>\n<h2>Augsburg, important nod feroviar regional<\/h2>\n<p>Augsburg este un important nod de transport din Bavaria, situat la aproximativ 55 de kilometri nord-vest de M\u00fcnchen.<\/p>\n<p>Gara central\u0103 deserve\u0219te numeroase rute regionale \u0219i reprezint\u0103 un punct important de leg\u0103tur\u0103 pentru transportul feroviar din regiune.<\/p>\n<p><\/main><\/p>\n<footer class=\"svelte-x63bga\">\n<div class=\"meta svelte-x63bga\">\n<div class=\"authors svelte-x63bga\"><span class=\"names svelte-x63bga\"><a href=\"https:\/\/adevarul.ro\/author\/647\" rel=\"author\" class=\"svelte-x63bga\">Viorica Marin<\/a><\/span><\/p>\n<div class=\"_hydratable\" data-props=\"%7B%22showLive%22%3Atrue%7D\" data-context=\"%7B%22parentBlockColumnCount%22%3A%7B%22value%22%3A0%2C%22type%22%3A%22store%2Freadable%22%7D%2C%22parentBlockBackgroundColor%22%3A%7B%22type%22%3A%22store%2Freadable%22%7D%7D\" data-component=\"ShareButton\">\n<div class=\"shareButtons svelte-itwbrr\">\n<div class=\"liveSessions metaFont svelte-1maxmbf\"><span class=\"value svelte-1maxmbf\">1<\/span> live <\/div>\n<\/div>\n<\/div>\n<\/div>\n<div class=\"tags svelte-1l3vwp1\"><span class=\"tags-label metaFont svelte-1l3vwp1\">Cite\u0219te mai multe despre<\/span><\/p>\n<div class=\"tags-list svelte-1l3vwp1\"><a href=\"https:\/\/adevarul.ro\/tag\/germania\" title=\"Ultimele \u0219tiri despre germania\" class=\"tag-pill svelte-1l3vwp1\">germania<\/a><a href=\"https:\/\/adevarul.ro\/tag\/raniti\" title=\"Ultimele \u0219tiri despre raniti\" class=\"tag-pill svelte-1l3vwp1\">raniti<\/a><a href=\"https:\/\/adevarul.ro\/tag\/explozie\" title=\"Ultimele \u0219tiri despre explozie\" class=\"tag-pill svelte-1l3vwp1\">explozie<\/a><a href=\"https:\/\/adevarul.ro\/tag\/bavaria\" title=\"Ultimele \u0219tiri despre bavaria\" class=\"tag-pill svelte-1l3vwp1\">bavaria<\/a><\/div>\n<\/div>\n<\/div>\n<p><a class=\"moreFromCategory svelte-x63bga\" href=\"https:\/\/adevarul.ro\/stiri-externe\/europa\" title=\"Europa\">Mai multe din <strong class=\"svelte-x63bga\">Europa<\/strong> \u203a<\/a><\/footer>\n<\/article>\n<p>[analyse_source url=&#8221;https:\/\/adevarul.ro\/stiri-externe\/europa\/explozie-intr-o-gara-din-germania-doi-adolescenti-2553589.html&#8221;]<\/p>\n","protected":false},"excerpt":{"rendered":"<p>[analyse_image type=&#8221;featured&#8221; src=&#8221;https:\/\/cdn.adh.reperio.news\/image-5\/58f938b8-39b0-4288-b579-ed0beeeb0f6b\/index.jpeg?p=f%3Djpeg%26w%3D1200%26h%3D630%26r%3Dcover&#8221;] Home \u0218tiri Externe Europa Explozie \u00eentr-o gar\u0103 din Germania: doi adolescen\u021bi au fost r\u0103ni\u021bi. Poli\u021bia investigheaz\u0103 cauza O explozie produs\u0103 miercuri \u00een zona g\u0103rii centrale din Augsburg, \u00een sudul Germaniei, a declan\u0219at o ampl\u0103 interven\u021bie a poli\u021biei. Dou\u0103 persoane au fost r\u0103nite, iar autorit\u0103\u021bile \u00eencearc\u0103 s\u0103 stabileasc\u0103 ce a provocat deflagra\u021bia. Gara [&hellip;]<\/p>\n","protected":false},"author":1,"featured_media":0,"comment_status":"open","ping_status":"","sticky":false,"template":"","format":"standard","meta":{"footnotes":""},"categories":[89],"tags":[19,226],"class_list":["post-2124722","post","type-post","status-publish","format-standard","hentry","category-romania","tag-adevarul","tag-crawlmanager"],"_links":{"self":[{"href":"https:\/\/analyse.optim.biz\/index.php?rest_route=\/wp\/v2\/posts\/2124722","targetHints":{"allow":["GET"]}}],"collection":[{"href":"https:\/\/analyse.optim.biz\/index.php?rest_route=\/wp\/v2\/posts"}],"about":[{"href":"https:\/\/analyse.optim.biz\/index.php?rest_route=\/wp\/v2\/types\/post"}],"author":[{"embeddable":true,"href":"https:\/\/analyse.optim.biz\/index.php?rest_route=\/wp\/v2\/users\/1"}],"replies":[{"embeddable":true,"href":"https:\/\/analyse.optim.biz\/index.php?rest_route=%2Fwp%2Fv2%2Fcomments&post=2124722"}],"version-history":[{"count":0,"href":"https:\/\/analyse.optim.biz\/index.php?rest_route=\/wp\/v2\/posts\/2124722\/revisions"}],"wp:attachment":[{"href":"https:\/\/analyse.optim.biz\/index.php?rest_route=%2Fwp%2Fv2%2Fmedia&parent=2124722"}],"wp:term":[{"taxonomy":"category","embeddable":true,"href":"https:\/\/analyse.optim.biz\/index.php?rest_route=%2Fwp%2Fv2%2Fcategories&post=2124722"},{"taxonomy":"post_tag","embeddable":true,"href":"https:\/\/analyse.optim.biz\/index.php?rest_route=%2Fwp%2Fv2%2Ftags&post=2124722"}],"curies":[{"name":"wp","href":"https:\/\/api.w.org\/{rel}","templated":true}]}}