{"id":2124720,"date":"2026-09-02T00:00:00","date_gmt":"2026-09-01T21:00:00","guid":{"rendered":"https:\/\/analyse.optim.biz\/?p=2124720"},"modified":"2026-09-02T00:00:00","modified_gmt":"2026-09-01T21:00:00","slug":"auto-f1-isack-hadjar-red-bull-accidentat-a-declarat-forfait-pentru-mp-al-italiei","status":"publish","type":"post","link":"https:\/\/analyse.optim.biz\/?p=2124720","title":{"rendered":"Auto &#8211; F1: Isack Hadjar (Red Bull), accidentat, a declarat forfait pentru MP al Italiei"},"content":{"rendered":"<p>[analyse_image type=&#8221;featured&#8221; src=&#8221;https:\/\/agerpres.ro\/data\/202609\/20260902185002_506843.jpg&#8221;]<\/p>\n<div class=\"mx-auto pt-3\">\n<p><strong>Pilotul francez Isack Hadjar, care sufer\u0103 de o accidentare la \u00eencheietura unei m\u00e2ini, s-a retras de la Marele Premiu de Formula 1 al Italiei programat \u00een weekend la Monza, aceasta fiind a doua sa absen\u021b\u0103 consecutiv\u0103, dup\u0103 Marele Premiu al Olandei, a anun\u021bat miercuri echipa sa, Red Bull, informeaz\u0103 AFP.<\/strong><\/p>\n<p>&#8221;Liam (Lawson) va concura al\u0103turi de Max (Verstappen) la Marele Premiu al Italiei, de la Monza, \u00een timp ce Isack continu\u0103 s\u0103 fac\u0103 progrese \u00eencurajatoare dup\u0103 accidentarea la \u00eencheietura m\u00e2inii suferit\u0103 \u00een timpul pauzei de var\u0103&#8221;, a scris echipa.<\/p>\n<p><strong>\u00cen clasamentul campionatului mondial al pilo\u021bilor, Hadjar, \u00een v\u00e2rst\u0103 de 21 de ani, are 68 de puncte.<\/strong><\/p>\n<p>Francezul a ob\u021binut primul podium din carier\u0103 \u00een Formula 1 la Marele Premiu al Olandei de anul trecut, concur\u00e2nd pentru Racing Bulls. \u00cen acest sezon, cel mai bun rezultat al s\u0103u de p\u00e2n\u0103 acum este locul al patrulea, ob\u021binut la Monaco.<br \/>\nAGERPRES (AS\/editor: Mircea Lazaroniu, editor online: Gabriela Badea)\u00a0<\/p>\n<\/div>\n<div class=\"mx-auto pt-3\">\n                                Afisari: 154\n                            <\/div>\n<p>[analyse_source url=&#8221;https:\/\/agerpres.ro\/sport-extern\/2026\/09\/02\/auto&#8212;f1-isack-hadjar-red-bull-accidentat-a-declarat-forfait-pentru-mp-al-italiei&#8211;1590145&#8243;]<\/p>\n","protected":false},"excerpt":{"rendered":"<p>[analyse_image type=&#8221;featured&#8221; src=&#8221;https:\/\/agerpres.ro\/data\/202609\/20260902185002_506843.jpg&#8221;] Pilotul francez Isack Hadjar, care sufer\u0103 de o accidentare la \u00eencheietura unei m\u00e2ini, s-a retras de la Marele Premiu de Formula 1 al Italiei programat \u00een weekend la Monza, aceasta fiind a doua sa absen\u021b\u0103 consecutiv\u0103, dup\u0103 Marele Premiu al Olandei, a anun\u021bat miercuri echipa sa, Red Bull, informeaz\u0103 AFP. &#8221;Liam (Lawson) [&hellip;]<\/p>\n","protected":false},"author":1,"featured_media":0,"comment_status":"open","ping_status":"","sticky":false,"template":"","format":"standard","meta":{"footnotes":""},"categories":[2],"tags":[37,226],"class_list":["post-2124720","post","type-post","status-publish","format-standard","hentry","category-politics","tag-agerpres-ro","tag-crawlmanager"],"_links":{"self":[{"href":"https:\/\/analyse.optim.biz\/index.php?rest_route=\/wp\/v2\/posts\/2124720","targetHints":{"allow":["GET"]}}],"collection":[{"href":"https:\/\/analyse.optim.biz\/index.php?rest_route=\/wp\/v2\/posts"}],"about":[{"href":"https:\/\/analyse.optim.biz\/index.php?rest_route=\/wp\/v2\/types\/post"}],"author":[{"embeddable":true,"href":"https:\/\/analyse.optim.biz\/index.php?rest_route=\/wp\/v2\/users\/1"}],"replies":[{"embeddable":true,"href":"https:\/\/analyse.optim.biz\/index.php?rest_route=%2Fwp%2Fv2%2Fcomments&post=2124720"}],"version-history":[{"count":0,"href":"https:\/\/analyse.optim.biz\/index.php?rest_route=\/wp\/v2\/posts\/2124720\/revisions"}],"wp:attachment":[{"href":"https:\/\/analyse.optim.biz\/index.php?rest_route=%2Fwp%2Fv2%2Fmedia&parent=2124720"}],"wp:term":[{"taxonomy":"category","embeddable":true,"href":"https:\/\/analyse.optim.biz\/index.php?rest_route=%2Fwp%2Fv2%2Fcategories&post=2124720"},{"taxonomy":"post_tag","embeddable":true,"href":"https:\/\/analyse.optim.biz\/index.php?rest_route=%2Fwp%2Fv2%2Ftags&post=2124720"}],"curies":[{"name":"wp","href":"https:\/\/api.w.org\/{rel}","templated":true}]}}