{"id":2124718,"date":"2026-09-02T08:28:43","date_gmt":"2026-09-02T05:28:43","guid":{"rendered":"https:\/\/analyse.optim.biz\/?p=2124718"},"modified":"2026-09-02T08:28:43","modified_gmt":"2026-09-02T05:28:43","slug":"jd-vance-spune-ca-nu-ar-fi-surprins-daca-antihristul-s-ar-afla-printre-noi-el-a-vorbit-despre","status":"publish","type":"post","link":"https:\/\/analyse.optim.biz\/?p=2124718","title":{"rendered":"JD Vance spune c\u0103 nu ar fi surprins dac\u0103 Antihristul s-ar afla \u201eprintre noi\u201d. El a vorbit despre&#8230;"},"content":{"rendered":"<p>[analyse_image type=&#8221;featured&#8221; src=&#8221;https:\/\/cdn.adh.reperio.news\/image-c\/c0076063-12ca-4b45-9998-1be05fdd984c\/index.jpeg?p=f%3Djpeg%26w%3D1200%26h%3D630%26r%3Dcover%26c%3D0%252C0%252C1%252C1&#8243;]<\/p>\n<article class=\"svelte-x63bga\">\n<nav>\n<ul class=\"breadcrump svelte-1pk9a69\">\n<li class=\"svelte-1pk9a69\"><a href=\"https:\/\/adevarul.ro\/\" title=\"Adev\u0103rul\" class=\"svelte-1pk9a69\">Home<\/a><\/li>\n<li class=\"svelte-1pk9a69\"><a href=\"https:\/\/adevarul.ro\/stiri-externe\" class=\"svelte-1pk9a69\">\u0218tiri Externe<\/a><\/li>\n<li class=\"svelte-1pk9a69\"><a href=\"https:\/\/adevarul.ro\/stiri-externe\/sua\" class=\"svelte-1pk9a69\">SUA<\/a><\/li>\n<li class=\"svelte-1pk9a69\"><a href=\"https:\/\/adevarul.ro\/stiri-externe\/sua\/jd-vance-spune-ca-nu-ar-fi-surprins-daca-2553579.html\" class=\"svelte-1pk9a69\">JD Vance spune c\u0103 nu ar fi surprins dac\u0103 Antihristul s-ar afla \u201eprintre noi\u201d. El a vorbit despre posibilitatea ca lumea s\u0103 se afle \u00een perioada descris\u0103 \u00een tradi\u021bia cre\u0219tin\u0103 drept \u201evremurile de pe urm\u0103\u201d<\/a><\/li>\n<\/ul>\n<\/nav>\n<p><main class=\"svelte-x63bga\"><\/p>\n<p>Vicepre\u0219edintele american JD Vance a declarat c\u0103 nu ar fi surprins dac\u0103 Antihristul s-ar afla \u00een prezent printre oameni. \u00cen aceea\u0219i discu\u021bie, el l-a ap\u0103rat pe pre\u0219edintele Donald Trump \u00een urma unei controverse legate de o imagine generat\u0103 cu ajutorul inteligen\u021bei artificiale, \u00een care liderul american apare \u00eentr-o ipostaz\u0103 cu conota\u021bii religioase.<\/p>\n<div class=\"container-image  svelte-1xbw4f3\"><source type=\"image\/webp\" srcset=\"https:\/\/cdn.adh.reperio.news\/image-c\/c0076063-12ca-4b45-9998-1be05fdd984c\/index.jpeg?p=a%3D1%26co%3D1.05%26w%3D1400%26h%3D750%26r%3Dcontain%26c%3D0%252C0%252C1%252C1%26f%3Dwebp 1400w\" media=\"(min-width: 1400px)\" \/><\/p>\n<div class=\"caption svelte-1xbw4f3\"><span class=\"captionText svelte-1xbw4f3\">JD Vance, vicepre\u0219edintele SUA\/FOTO:AFP <\/span><\/div>\n<\/div>\n<p>Declara\u021biile au fost f\u0103cute \u00eentr-un interviu acordat podcasterului Bryce Crawford \u0219i publicat luni. Conversa\u021bia a abordat teme precum profe\u021biile despre sf\u00e2r\u0219itul lumii, obiectele zbur\u0103toare neidentificate \u0219i influen\u021ba tehnologiei asupra societ\u0103\u021bii americane.<\/p>\n<p>JD Vance a vorbit despre posibilitatea ca lumea s\u0103 se afle \u00een perioada descris\u0103 \u00een tradi\u021bia cre\u0219tin\u0103 drept \u201evremurile de pe urm\u0103\u201d.<\/p>\n<p><i>\u201eCred c\u0103 exist\u0103 lucruri \u00een lume care m\u0103 fac s\u0103 nu fiu surprins dac\u0103 Antihristul ar umbla printre noi\u201d<\/i>, a spus Vance.<\/p>\n<p>El a precizat \u00eens\u0103 c\u0103 nu \u0219tie dac\u0103 omenirea se afl\u0103 efectiv \u00een \u201evremurile de pe urm\u0103\u201d.<\/p>\n<p><i>\u201eCred c\u0103, \u00een primul r\u00e2nd, nu \u0219tiu dac\u0103 suntem \u00een vremurile de pe urm\u0103\u201d<\/i>, a afirmat vicepre\u0219edintele.<\/p>\n<p>Vance a folosit, de asemenea, o perspectiv\u0103 religioas\u0103 pentru a aborda tema obiectelor zbur\u0103toare neidentificate, spun\u00e2nd c\u0103 nu de\u021bine informa\u021bii clasificate care s\u0103 explice natura acestora.<\/p>\n<p><i>\u201eNu am dosarul care s\u0103 spun\u0103: \u00abNu era un OZN, era de fapt un demon\u00bb\u201d,<\/i> a declarat el.<\/p>\n<p><i>\u201eDac\u0103 sunt reale, nu este la fel de probabil s\u0103 fie \u00eengeri sau demoni pe c\u00e2t este s\u0103 fie extratere\u0219tri?\u201d,<\/i> a \u00eentrebat Vance.<\/p>\n<p>Vicepre\u0219edintele american a spus c\u0103 vede o \u201eenergie spiritual\u0103 foarte, foarte ciudat\u0103\u201d \u00een anumite zone ale industriei de tehnologie \u0219i inteligen\u021b\u0103 artificial\u0103.<\/p>\n<p>Vance, care a lucrat anterior ca investitor \u00een sectorul tehnologic, a afirmat c\u0103 unele companii de inteligen\u021b\u0103 artificial\u0103 i se par \u201eun fel de satanice\u201d.<\/p>\n<p><i>\u201eDe aceea tind s\u0103 cred c\u0103, de\u0219i nu a\u0219 fi surprins dac\u0103 tr\u0103im \u00een vremurile de pe urm\u0103, \u00eencerc s\u0103 m\u0103 concentrez pe a face c\u00e2t mai mult din lucrarea lui Dumnezeu \u00een prezent<\/i>\u201d, a spus el. <i>\u201eIar dac\u0103 asta duce la vremurile de pe urm\u0103, atunci a\u0219a s\u0103 fie.\u201d<\/i><\/p>\n<p>Crawford l-a \u00eentrebat pe Vance despre o imagine cu Trump care \u00eel \u00eengrijorase din punct de vedere religios.<\/p>\n<p><i>\u201eSunt cre\u0219tin. Am v\u0103zut fotografia. M-a deranjat. Nu o s\u0103 mint\u201d<\/i>, a spus Crawford.<\/p>\n<p>El a descris imaginea \u00een care Trump purta o rob\u0103 alb\u0103 \u0219i o e\u0219arf\u0103 ro\u0219ie \u0219i a sugerat c\u0103 aceasta \u00eel prezenta \u00eentr-o ipostaz\u0103 asem\u0103n\u0103toare unei figuri divine.<\/p>\n<p>Vance a respins \u00eens\u0103 ideea c\u0103 Trump ar fi inten\u021bionat s\u0103 se prezinte drept Dumnezeu.<\/p>\n<p><i>\u201eDeci, Donald Trump a vrut s\u0103 posteze un meme \u00een care se prezint\u0103 drept Dumnezeu? Nu\u201d,<\/i> a r\u0103spuns vicepre\u0219edintele. <i>\u201eNu a vrut s\u0103 \u00cel ironizeze sau s\u0103 \u00cel imite pe Dumnezeu. Pur \u0219i simplu nu este felul lui de a fi.\u201d<\/i><\/p>\n<p>Imaginea fusese publicat\u0103 pe contul lui Trump de pe platforma Truth Social \u00een aprilie \u0219i a atras critici din partea unor lideri religio\u0219i, precum \u0219i a unor sus\u021bin\u0103tori ai pre\u0219edintelui.<\/p>\n<p>Trump ap\u0103rea \u00eembr\u0103cat \u00eentr-o rob\u0103 alb\u0103 \u0219i purta o e\u0219arf\u0103 ro\u0219ie. \u00centr-o m\u00e2n\u0103 \u021binea o sfer\u0103 luminoas\u0103, iar cealalt\u0103 era \u00eentins\u0103 \u00eentr-un gest care putea sugera vindecarea.<\/p>\n<p>Imaginea a fost \u0219tears\u0103 dup\u0103 aproximativ jum\u0103tate de zi, potrivit Snopes.<\/p>\n<p>Trump a sus\u021binut ulterior c\u0103 fotografia \u00eel reprezenta \u00een rolul unui medic.<\/p>\n<p><i>\u201eAm postat-o \u0219i am crezut c\u0103 eram prezentat ca medic \u0219i c\u0103 avea leg\u0103tur\u0103 cu Crucea Ro\u0219ie, ca lucr\u0103tor al Crucii Ro\u0219ii, pe care o sus\u021binem<\/i>\u201d, le-a spus Trump reporterilor. \u201e\u00cen mod normal, nu-mi place s\u0103 fac asta, dar nu am vrut s\u0103 existe confuzie. Oamenii erau confuzi.\u201d<\/p>\n<p><a class=\"related-inline svelte-78g0vl\" data-gtrack=\"{&quot;event&quot;:&quot;utm_click&quot;,&quot;data&quot;:{&quot;event_category&quot;:&quot;article_related&quot;}}\" href=\"https:\/\/adevarul.ro\/stiri-externe\/sua\/gestul-lui-trump-dupa-ce-jd-vance-a-devenit-tata-a-2544944.html\" title=\"Alt articol de interes pentru tine\"><span class=\"inline-title svelte-78g0vl\">Gestul lui Trump dup\u0103 ce JD Vance a devenit tat\u0103 a st\u00e2rnit valuri de reac\u021bii pe re\u021belele sociale<\/span><\/a><\/p>\n<h2>Vance, \u00eentrebat despre rela\u021biile cu personalit\u0103\u021bi MAGA acuzate de antisemitism<\/h2>\n<p>\u00cen aceea\u0219i zi, JD Vance a participat la o sesiune de \u00eentreb\u0103ri \u0219i r\u0103spunsuri cu u\u0219ile \u00eenchise, organizat\u0103 de Republican Jewish Coalition (RJC) la Las Vegas.<\/p>\n<p>Evenimentul a fost moderat de Norm Coleman, pre\u0219edintele na\u021bional al organiza\u021biei \u0219i fost senator republican de Minnesota.<\/p>\n<p>Discu\u021bia a abordat mai multe subiecte, inclusiv rela\u021biile lui Vance cu o serie de influenceri conservatori \u0219i personalit\u0103\u021bi asociate mi\u0219c\u0103rii MAGA, dintre care unele au fost criticate pentru c\u0103 ar fi oferit o platform\u0103 unor persoane acuzate de antisemitism.<\/p>\n<p>Printre numele men\u021bionate s-au aflat Tucker Carlson, Megyn Kelly, Joe Rogan \u0219i Nick Fuentes.<\/p>\n<p>Potrivit relat\u0103rii jurnalistului Andrew Desiderio de la Punchbowl News, \u00eentrebarea a fost relevant\u0103 \u00een contextul schimb\u0103rii de pozi\u021bie a unei p\u0103r\u021bi a dreptei americane fa\u021b\u0103 de antisemitism. Cu mai pu\u021bin de un an \u00eenainte, reuniunea anual\u0103 a RJC fusese dominat\u0103 de apeluri \u00eempotriva antisemitismului din zona dreptei, iar Tucker Carlson fusese prezentat drept una dintre principalele \u021binte ale criticilor.<\/p>\n<p>O \u00eenregistrare integral\u0103 a evenimentului a fost ob\u021binut\u0103 ulterior de The Daily Wire \u0219i publicat\u0103 de aceast\u0103 publica\u021bie.<\/p>\n<p>De\u0219i discu\u021bia a avut, \u00een general, un ton favorabil lui Vance, acesta a fost \u00eentrebat direct despre rela\u021bia sa cu Tucker Carlson, devenit unul dintre cei mai vocali critici ai Israelului \u0219i ai administra\u021biei Trump.<\/p>\n<h2>Vance: \u201eTrebuie s\u0103 fim dispu\u0219i s\u0103 mergem oriunde\u201d<\/h2>\n<p>Norm Coleman l-a \u00eentrebat pe Vance cum stabile\u0219te limita \u00een rela\u021bia cu podcasterii care au oferit o platform\u0103 unor persoane antisemite, \u00een condi\u021biile \u00een care ace\u0219tia au o audien\u021b\u0103 considerabil\u0103.<\/p>\n<p>Vance a spus c\u0103 face diferen\u021ba \u00eentre persoane \u0219i ideile pe care acestea le promoveaz\u0103.<\/p>\n<p><i>\u201eO zon\u0103 \u00een care trasez cu adev\u0103rat o linie este \u00een cazul oamenilor care adopt\u0103 ceea ce eu numesc o atitudine de tip \u00abcalomnie s\u00e2ngeroas\u0103\u00bb\u201d,<\/i> a spus el.<\/p>\n<p>Referindu-se la Joe Rogan \u0219i Nick Fuentes, Vance a afirmat c\u0103 nu \u00eei consider\u0103 persoane comparabile.<\/p>\n<p><i>\u201eCred c\u0103 este o gre\u0219eal\u0103 s\u0103 spunem c\u0103 \u00eel vom elimina pe Joe Rogan pentru c\u0103 a spus ceva ce nu ne place\u201d,<\/i> a declarat Vance.<\/p>\n<p>\u00cen opinia sa, politicienii trebuie s\u0103 fie dispu\u0219i s\u0103 intre \u00een spa\u021biile \u00een care se afl\u0103 aleg\u0103torii, inclusiv \u00een podcasturi cu audien\u021be foarte mari.<\/p>\n<p>Vance a invocat propriile calcule privind audien\u021ba lui Rogan \u00een r\u00e2ndul aleg\u0103torilor considera\u021bi indeci\u0219i.<\/p>\n<p>Potrivit acestuia, podcasturile altor realizatori ajung la aproximativ 5\u201310% dintre ace\u0219ti aleg\u0103tori, \u00een timp ce audien\u021ba lui Rogan ar ajunge la aproximativ 35\u201340%.<\/p>\n<p><i>\u201eTrebuie s\u0103 fim dispu\u0219i s\u0103 mergem oriunde, s\u0103 ne transmitem mesajul oriunde \u0219i oric\u0103rei persoane\u201d<\/i>, a spus Vance.<\/p>\n<p>El a dat ca exemplu propriile apari\u021bii \u00een podcastul lui Joe Rogan, unde, potrivit lui, discu\u021biile au ajuns inclusiv la subiectul OZN-urilor.<\/p>\n<p><i>\u201eTrebuie s\u0103 \u00eent\u00e2lne\u0219ti oamenii acolo unde sunt \u0219i s\u0103 \u00ee\u021bi prezin\u021bi argumentele c\u00e2t de bine po\u021bi. \u00cen cele din urm\u0103, a\u0219a c\u00e2\u0219tigi dezbaterea politic\u0103\u201d<\/i>, a afirmat Vance.<\/p>\n<p>Vicepre\u0219edintele a ad\u0103ugat c\u0103 nu inten\u021bioneaz\u0103 s\u0103 discute cu persoane care i-au atacat so\u021bia sau care au afirmat c\u0103 Adolf Hitler \u201ea fost un om bun\u201d. \u201e\u00cen afara unor limite foarte clare, \u00eencerc s\u0103 vorbesc cu c\u00e2t mai mul\u021bi oameni posibil\u201d, a spus Vance.<\/p>\n<p><a class=\"related-inline svelte-78g0vl\" data-gtrack=\"{&quot;event&quot;:&quot;utm_click&quot;,&quot;data&quot;:{&quot;event_category&quot;:&quot;article_related&quot;}}\" href=\"https:\/\/adevarul.ro\/stiri-externe\/sua\/mesaj-in-spatele-usilor-inchise-trump-le-spune-2548248.html\" title=\"Alt articol de interes pentru tine\"><span class=\"inline-title svelte-78g0vl\">Mesaj \u00een spatele u\u0219ilor \u00eenchise: Trump le spune donatorilor \u00een privat s\u0103 \u00eel sus\u021bin\u0103 pe Vance \u00een alegerile din 2028<\/span><\/a><\/main><\/p>\n<footer class=\"svelte-x63bga\">\n<div class=\"related-wrap related-footer svelte-78g0vl\"><span class=\"related-label svelte-78g0vl\">Cite\u0219te \u0219i<\/span><a class=\"related svelte-78g0vl\" data-gtrack=\"{&quot;event&quot;:&quot;utm_click&quot;,&quot;data&quot;:{&quot;event_category&quot;:&quot;article_related&quot;}}\" href=\"https:\/\/adevarul.ro\/blogurile-adevarul\/rubio-contra-vance-batalia-tacuta-pentru-2550301.html\" title=\"Alt articol de interes pentru tine\"><img decoding=\"async\" class=\"thumb svelte-78g0vl\" src=\"https:\/\/cdn.adh.reperio.news\/image-2\/23711181-c389-48c2-8982-e1a9ec10859e\/index.png?p=f%3Dwebp%26w%3D120%26h%3D80%26r%3Dcover%26a%3D0\" alt loading=\"lazy\" width=\"80\" height=\"54\"><span class=\"title svelte-78g0vl\">Rubio contra Vance: b\u0103t\u0103lia t\u0103cut\u0103 pentru mo\u0219tenirea lui Donald Trump<\/span><\/a><\/div>\n<div class=\"meta svelte-x63bga\">\n<div class=\"authors svelte-x63bga\"><span class=\"names svelte-x63bga\"><a href=\"https:\/\/adevarul.ro\/author\/647\" rel=\"author\" class=\"svelte-x63bga\">Viorica Marin<\/a><\/span><\/p>\n<div class=\"_hydratable\" data-props=\"%7B%22showLive%22%3Atrue%7D\" data-context=\"%7B%22parentBlockColumnCount%22%3A%7B%22value%22%3A0%2C%22type%22%3A%22store%2Freadable%22%7D%2C%22parentBlockBackgroundColor%22%3A%7B%22type%22%3A%22store%2Freadable%22%7D%7D\" data-component=\"ShareButton\">\n<div class=\"shareButtons svelte-itwbrr\">\n<div class=\"liveSessions metaFont svelte-1maxmbf\"><span class=\"value svelte-1maxmbf\">1<\/span> live <\/div>\n<\/div>\n<\/div>\n<\/div>\n<div class=\"tags svelte-1l3vwp1\"><span class=\"tags-label metaFont svelte-1l3vwp1\">Cite\u0219te mai multe despre<\/span><\/p>\n<div class=\"tags-list svelte-1l3vwp1\"><a href=\"https:\/\/adevarul.ro\/tag\/sua\" title=\"Ultimele \u0219tiri despre sua\" class=\"tag-pill svelte-1l3vwp1\">sua<\/a><a href=\"https:\/\/adevarul.ro\/tag\/religie\" title=\"Ultimele \u0219tiri despre religie\" class=\"tag-pill svelte-1l3vwp1\">religie<\/a><a href=\"https:\/\/adevarul.ro\/tag\/jd%20vance\" title=\"Ultimele \u0219tiri despre jd vance\" class=\"tag-pill svelte-1l3vwp1\">jd vance<\/a><a href=\"https:\/\/adevarul.ro\/tag\/antihrist\" title=\"Ultimele \u0219tiri despre antihrist\" class=\"tag-pill svelte-1l3vwp1\">antihrist<\/a><\/div>\n<\/div>\n<\/div>\n<p><a class=\"moreFromCategory svelte-x63bga\" href=\"https:\/\/adevarul.ro\/stiri-externe\/sua\" title=\"S.U.A\">Mai multe din <strong class=\"svelte-x63bga\">SUA<\/strong> \u203a<\/a><\/footer>\n<\/article>\n<p>[analyse_source url=&#8221;https:\/\/adevarul.ro\/stiri-externe\/sua\/jd-vance-spune-ca-nu-ar-fi-surprins-daca-2553579.html&#8221;]<\/p>\n","protected":false},"excerpt":{"rendered":"<p>[analyse_image type=&#8221;featured&#8221; src=&#8221;https:\/\/cdn.adh.reperio.news\/image-c\/c0076063-12ca-4b45-9998-1be05fdd984c\/index.jpeg?p=f%3Djpeg%26w%3D1200%26h%3D630%26r%3Dcover%26c%3D0%252C0%252C1%252C1&#8243;] Home \u0218tiri Externe SUA JD Vance spune c\u0103 nu ar fi surprins dac\u0103 Antihristul s-ar afla \u201eprintre noi\u201d. El a vorbit despre posibilitatea ca lumea s\u0103 se afle \u00een perioada descris\u0103 \u00een tradi\u021bia cre\u0219tin\u0103 drept \u201evremurile de pe urm\u0103\u201d Vicepre\u0219edintele american JD Vance a declarat c\u0103 nu ar fi surprins dac\u0103 Antihristul [&hellip;]<\/p>\n","protected":false},"author":1,"featured_media":0,"comment_status":"open","ping_status":"","sticky":false,"template":"","format":"standard","meta":{"footnotes":""},"categories":[89],"tags":[19,226],"class_list":["post-2124718","post","type-post","status-publish","format-standard","hentry","category-romania","tag-adevarul","tag-crawlmanager"],"_links":{"self":[{"href":"https:\/\/analyse.optim.biz\/index.php?rest_route=\/wp\/v2\/posts\/2124718","targetHints":{"allow":["GET"]}}],"collection":[{"href":"https:\/\/analyse.optim.biz\/index.php?rest_route=\/wp\/v2\/posts"}],"about":[{"href":"https:\/\/analyse.optim.biz\/index.php?rest_route=\/wp\/v2\/types\/post"}],"author":[{"embeddable":true,"href":"https:\/\/analyse.optim.biz\/index.php?rest_route=\/wp\/v2\/users\/1"}],"replies":[{"embeddable":true,"href":"https:\/\/analyse.optim.biz\/index.php?rest_route=%2Fwp%2Fv2%2Fcomments&post=2124718"}],"version-history":[{"count":0,"href":"https:\/\/analyse.optim.biz\/index.php?rest_route=\/wp\/v2\/posts\/2124718\/revisions"}],"wp:attachment":[{"href":"https:\/\/analyse.optim.biz\/index.php?rest_route=%2Fwp%2Fv2%2Fmedia&parent=2124718"}],"wp:term":[{"taxonomy":"category","embeddable":true,"href":"https:\/\/analyse.optim.biz\/index.php?rest_route=%2Fwp%2Fv2%2Fcategories&post=2124718"},{"taxonomy":"post_tag","embeddable":true,"href":"https:\/\/analyse.optim.biz\/index.php?rest_route=%2Fwp%2Fv2%2Ftags&post=2124718"}],"curies":[{"name":"wp","href":"https:\/\/api.w.org\/{rel}","templated":true}]}}