{"id":2124705,"date":"2026-09-02T00:00:00","date_gmt":"2026-09-01T21:00:00","guid":{"rendered":"https:\/\/analyse.optim.biz\/?p=2124705"},"modified":"2026-09-02T00:00:00","modified_gmt":"2026-09-01T21:00:00","slug":"ucraina-belgia-isi-reafirma-opozitia-fata-de-utilizarea-activelor-ruse-inghetate-in-ue","status":"publish","type":"post","link":"https:\/\/analyse.optim.biz\/?p=2124705","title":{"rendered":"#Ucraina: Belgia \u00ee\u0219i reafirm\u0103 opozi\u021bia fa\u021b\u0103 de utilizarea activelor ruse \u00eenghe\u021bate \u00een UE"},"content":{"rendered":"<p>[analyse_image type=&#8221;featured&#8221; src=&#8221;https:\/\/agerpres.ro\/data\/202609\/20260902203153_730138.jpg&#8221;]<\/p>\n<div class=\"mx-auto pt-3\">\n<p><strong>Belgia \u0219i-a reafirmat miercuri opozi\u021bia fa\u021b\u0103 de utilizarea activelor ruse \u00eenghe\u021bate \u00een Uniunea European\u0103 pentru a finan\u021ba ajutorul european acordat Ucrainei, d\u00e2nd asigur\u0103ri c\u0103 aceast\u0103 idee relansat\u0103 de unele \u021b\u0103ri membre nu suscit\u0103 entuziasm \u00een r\u00e2ndul Celor 27, informeaz\u0103 AFP.<\/strong><\/p>\n<p>Aceast\u0103 ini\u021biativ\u0103, relansat\u0103 la finalul lunii august de Suedia, Spania, Olanda \u0219i Polonia, &#8221;nu a provocat un mare entuziasm \u00een r\u00e2ndul colegilor&#8221;, a spus ministrul de externe belgian Maxime Prevot dup\u0103 o reuniune informal\u0103 a omologilor s\u0103i europeni desf\u0103\u0219urat\u0103 \u00een Irlanda, \u021bara ce asigur\u0103 pre\u0219edin\u021bia semestrial\u0103 a Consiliului UE.<\/p>\n<p>\u00cen timpul reuniunii, Prevot a reiterat opozi\u021bia \u021b\u0103rii sale fa\u021b\u0103 de aceast\u0103 utilizare a activelor ruse \u00eenghe\u021bate \u00een UE, din care cea mai mare parte este imobilizat\u0103 \u00een Belgia.<\/p>\n<p>Ideea recurgerii la aceste active fusese abandonat\u0103 \u00een decembrie anul trecut. Cei 27 au agreat \u00een final op\u021biunea unui \u00eemprumut \u00een valoare de 90 de miliarde de euro pentru a ajuta Ucraina, garantat prin bugetul UE.<\/p>\n<p>&#8221;Motivele opozi\u021biei noastre nu s-au evaporat prin magie de atunci&#8221;, a explicat Maxime Prevot \u00eentr-o declara\u021bie scris\u0103, citat\u0103 de AFP.<\/p>\n<p>Active ruse de aproximativ 210 miliarde de euro sunt \u00eenghe\u021bate \u00een UE de la \u00eenceperea invaziei ruse \u00een Ucraina \u00een februarie 2022. Utilizarea acestei sume a fost contestat\u0103 \u00een special de Belgia, unde se afl\u0103 90% din aceste active, gestionate de compania Euroclear. AGERPRES\/(AS &#8211; redactor: Tudor Martalogu, editor online: Gabriela Badea)\u00a0<\/p>\n<\/div>\n<div class=\"mx-auto pt-3\">\n                                Afisari: 75\n                            <\/div>\n<p>[analyse_source url=&#8221;https:\/\/agerpres.ro\/politic-extern\/2026\/09\/02\/ucraina-belgia-isi-reafirma-opozitia-fata-de-utilizarea-activelor-ruse-inghetate-in-ue&#8211;1590173&#8243;]<\/p>\n","protected":false},"excerpt":{"rendered":"<p>[analyse_image type=&#8221;featured&#8221; src=&#8221;https:\/\/agerpres.ro\/data\/202609\/20260902203153_730138.jpg&#8221;] Belgia \u0219i-a reafirmat miercuri opozi\u021bia fa\u021b\u0103 de utilizarea activelor ruse \u00eenghe\u021bate \u00een Uniunea European\u0103 pentru a finan\u021ba ajutorul european acordat Ucrainei, d\u00e2nd asigur\u0103ri c\u0103 aceast\u0103 idee relansat\u0103 de unele \u021b\u0103ri membre nu suscit\u0103 entuziasm \u00een r\u00e2ndul Celor 27, informeaz\u0103 AFP. Aceast\u0103 ini\u021biativ\u0103, relansat\u0103 la finalul lunii august de Suedia, Spania, Olanda \u0219i [&hellip;]<\/p>\n","protected":false},"author":1,"featured_media":0,"comment_status":"open","ping_status":"","sticky":false,"template":"","format":"standard","meta":{"footnotes":""},"categories":[2],"tags":[37,226],"class_list":["post-2124705","post","type-post","status-publish","format-standard","hentry","category-politics","tag-agerpres-ro","tag-crawlmanager"],"_links":{"self":[{"href":"https:\/\/analyse.optim.biz\/index.php?rest_route=\/wp\/v2\/posts\/2124705","targetHints":{"allow":["GET"]}}],"collection":[{"href":"https:\/\/analyse.optim.biz\/index.php?rest_route=\/wp\/v2\/posts"}],"about":[{"href":"https:\/\/analyse.optim.biz\/index.php?rest_route=\/wp\/v2\/types\/post"}],"author":[{"embeddable":true,"href":"https:\/\/analyse.optim.biz\/index.php?rest_route=\/wp\/v2\/users\/1"}],"replies":[{"embeddable":true,"href":"https:\/\/analyse.optim.biz\/index.php?rest_route=%2Fwp%2Fv2%2Fcomments&post=2124705"}],"version-history":[{"count":0,"href":"https:\/\/analyse.optim.biz\/index.php?rest_route=\/wp\/v2\/posts\/2124705\/revisions"}],"wp:attachment":[{"href":"https:\/\/analyse.optim.biz\/index.php?rest_route=%2Fwp%2Fv2%2Fmedia&parent=2124705"}],"wp:term":[{"taxonomy":"category","embeddable":true,"href":"https:\/\/analyse.optim.biz\/index.php?rest_route=%2Fwp%2Fv2%2Fcategories&post=2124705"},{"taxonomy":"post_tag","embeddable":true,"href":"https:\/\/analyse.optim.biz\/index.php?rest_route=%2Fwp%2Fv2%2Ftags&post=2124705"}],"curies":[{"name":"wp","href":"https:\/\/api.w.org\/{rel}","templated":true}]}}