{"id":2124686,"date":"2026-09-01T17:05:20","date_gmt":"2026-09-01T14:05:20","guid":{"rendered":"https:\/\/analyse.optim.biz\/?p=2124686"},"modified":"2026-09-01T17:05:20","modified_gmt":"2026-09-01T14:05:20","slug":"pata-suspecta-pe-mana-lui-putin-noi-speculatii-privind-starea-sa-de-sanatate-ce-spun-medicii-consultati","status":"publish","type":"post","link":"https:\/\/analyse.optim.biz\/?p=2124686","title":{"rendered":"Pat\u0103 suspect\u0103 pe m\u00e2na lui Putin. Noi specula\u021bii privind starea sa de s\u0103n\u0103tate. Ce spun medicii consulta\u021bi&#8230;"},"content":{"rendered":"<p>[analyse_image type=&#8221;featured&#8221; src=&#8221;https:\/\/cdn.adh.reperio.news\/image-1\/14d27074-7231-4f2c-8134-b0314aa5c979\/index.png?p=f%3Djpeg%26w%3D1200%26h%3D630%26r%3Dcover%26c%3D0%252C0%252C1%252C0.888&#8243;]<\/p>\n<article class=\"svelte-x63bga\">\n<nav>\n<ul class=\"breadcrump svelte-1pk9a69\">\n<li class=\"svelte-1pk9a69\"><a href=\"https:\/\/adevarul.ro\/\" title=\"Adev\u0103rul\" class=\"svelte-1pk9a69\">Home<\/a><\/li>\n<li class=\"svelte-1pk9a69\"><a href=\"https:\/\/adevarul.ro\/stiri-externe\" class=\"svelte-1pk9a69\">\u0218tiri Externe<\/a><\/li>\n<li class=\"svelte-1pk9a69\"><a href=\"https:\/\/adevarul.ro\/stiri-externe\/rusia\" class=\"svelte-1pk9a69\">Rusia<\/a><\/li>\n<li class=\"svelte-1pk9a69\"><a href=\"https:\/\/adevarul.ro\/stiri-externe\/rusia\/pata-suspecta-pe-mana-lui-putin-noi-speculatii-2553471.html\" class=\"svelte-1pk9a69\">Pat\u0103 suspect\u0103 pe m\u00e2na lui Putin. Noi specula\u021bii privind starea sa de s\u0103n\u0103tate. Ce spun medicii consulta\u021bi de Moscow Times<\/a><\/li>\n<\/ul>\n<\/nav>\n<p><main class=\"svelte-x63bga\"><\/p>\n<p>O pat\u0103 \u00eenchis\u0103 la culoare observat\u0103 pe m\u00e2na st\u00e2ng\u0103 a pre\u0219edintelui rus Vladimir Putin \u00een mai multe \u00eenregistr\u0103ri video publicate recent de Kremlin a generat noi <a href=\"https:\/\/adevarul.ro\/stiri-externe\/rusia\/detaliile-care-indica-problemele-de-sanatatea-ale-2537786.html\">specula\u021bii cu privire la starea sa de s\u0103n\u0103tate.<\/a><\/p>\n<div class=\"container-image  svelte-1xbw4f3\"><source type=\"image\/webp\" srcset=\"https:\/\/cdn.adh.reperio.news\/image-1\/14d27074-7231-4f2c-8134-b0314aa5c979\/index.png?p=a%3D1%26co%3D1.05%26w%3D1400%26h%3D750%26r%3Dcontain%26f%3Dwebp 1400w\" media=\"(min-width: 1400px)\" \/><\/p>\n<div class=\"caption svelte-1xbw4f3\"><span class=\"captionText svelte-1xbw4f3\"><span class=\"source svelte-1xbw4f3\">Foto: Moscow Times<\/span><\/span><\/div>\n<\/div>\n<p>Potrivit publica\u021biei independente <a href=\"https:\/\/t.me\/moscowtimes_ru\/49231\" rel=\"nofollow\">The Moscow Times<\/a>, semnul a fost vizibil \u00een mesajul transmis de Putin cu ocazia \u00eenceperii anului \u0219colar, dar \u0219i \u00eentr-un alt material video dedicat Zilei Minerului. <\/p>\n<p>\u00cen imaginile difuzate de Kremlin, liderul de la Moscova \u00ee\u0219i acoper\u0103 par\u021bial m\u00e2na st\u00e2ng\u0103 cu cea dreapt\u0103, \u00eens\u0103 \u00een timpul gesturilor pata poate fi observat\u0103 \u00een mai multe cadre.<\/p>\n<h2>Medicii consulta\u021bi avanseaz\u0103 ipoteza unei injec\u021bii intravenoase \u201eefectuate neglijent\u201d<\/p>\n<\/h2>\n<p>The Moscow Times a discutat cu trei medici practican\u021bi, care au apreciat c\u0103 semnul ar putea fi compatibil cu urmele unei interven\u021bii intravenoase recente.<\/p>\n<p>Un medic din serviciul de ambulan\u021b\u0103 din Moscova a descris pata drept \u201e<i>un<\/i><i>hematom de aproximativ trei zile dup\u0103 o injec\u021bie<\/i>\u201d, \u00een timp ce un medic anestezist-reanimator a declarat c\u0103 aceasta seam\u0103n\u0103 cu urmele unei <i>\u201einjec\u021bii efectuate neglijent<\/i>\u201d.<\/p>\n<p>La r\u00e2ndul s\u0103u, un cardiolog cu peste 50 de ani de experien\u021b\u0103 a explicat c\u0103 dosul palmei nu reprezint\u0103 locul obi\u0219nuit pentru o punc\u021bie intravenoas\u0103, \u00eentruc\u00e2t, de regul\u0103, medicii utilizeaz\u0103 vena din zona interioar\u0103 a cotului.\u00a0 Potrivit acestuia, injec\u021biile \u00een zona m\u00e2inii sunt folosite \u00een anumite situa\u021bii, inclusiv atunci c\u00e2nd alte vene au fost utilizate frecvent sau c\u00e2nd este necesar\u0103 o administrare rapid\u0103 a tratamentului.<\/p>\n<h2>C\u00e2nd ar fi fost \u00eenregistrate imaginile cu pata de pe m\u00e2na lui Putin<\/h2>\n<p>Aceea\u0219i publica\u021bie mai noteaz\u0103 c\u0103 \u00eenregistr\u0103rile \u00een care apare semnul de pe m\u00e2na lui Putin ar fi putut fi realizate cu mai multe zile \u00eenainte de difuzare, \u00eentruc\u00e2t administra\u021bia preziden\u021bial\u0103 rus\u0103 obi\u0219nuie\u0219te s\u0103 preg\u0103teasc\u0103 din timp mesajele oficiale.<\/p>\n<p>The Moscow Times subliniaz\u0103 c\u0103 pata nu este vizibil\u0103 \u0219i \u00een imaginile de la \u00eent\u00e2lnirea lui Vladimir Putin cu pre\u0219edintele kazah Kassym-Jomart Tokaev, desf\u0103\u0219urat\u0103 pe 1 septembrie, \u0219i nici \u00een cadrul unei reuniuni cu cadre didactice de la Universitatea Pedagogic\u0103 de Stat din Moscova, organizat\u0103 pe 29 august.<\/p>\n<p>Kremlinul nu a comentat informa\u021biile.<\/p>\n<p><\/main><\/p>\n<footer class=\"svelte-x63bga\">\n<div class=\"meta svelte-x63bga\">\n<div class=\"authors svelte-x63bga\"><span class=\"names svelte-x63bga\"><a href=\"https:\/\/adevarul.ro\/author\/1228\" rel=\"author\" class=\"svelte-x63bga\">Cristina Stancu<\/a><\/span><\/p>\n<div class=\"_hydratable\" data-props=\"%7B%22showLive%22%3Atrue%7D\" data-context=\"%7B%22parentBlockColumnCount%22%3A%7B%22value%22%3A0%2C%22type%22%3A%22store%2Freadable%22%7D%2C%22parentBlockBackgroundColor%22%3A%7B%22type%22%3A%22store%2Freadable%22%7D%7D\" data-component=\"ShareButton\">\n<div class=\"shareButtons svelte-itwbrr\">\n<div class=\"liveSessions metaFont svelte-1maxmbf\"><span class=\"value svelte-1maxmbf\">1<\/span> live <\/div>\n<\/div>\n<\/div>\n<\/div>\n<div class=\"tags svelte-1l3vwp1\"><span class=\"tags-label metaFont svelte-1l3vwp1\">Cite\u0219te mai multe despre<\/span><\/p>\n<div class=\"tags-list svelte-1l3vwp1\"><a href=\"https:\/\/adevarul.ro\/tag\/vladimir%20putin\" title=\"Ultimele \u0219tiri despre vladimir putin\" class=\"tag-pill svelte-1l3vwp1\">vladimir putin<\/a><a href=\"https:\/\/adevarul.ro\/tag\/pete\" title=\"Ultimele \u0219tiri despre pete\" class=\"tag-pill svelte-1l3vwp1\">pete<\/a><a href=\"https:\/\/adevarul.ro\/tag\/speculatii\" title=\"Ultimele \u0219tiri despre speculatii\" class=\"tag-pill svelte-1l3vwp1\">speculatii<\/a><\/div>\n<\/div>\n<\/div>\n<p><a class=\"moreFromCategory svelte-x63bga\" href=\"https:\/\/adevarul.ro\/stiri-externe\/rusia\" title=\"Rusia\">Mai multe din <strong class=\"svelte-x63bga\">Rusia<\/strong> \u203a<\/a><\/footer>\n<\/article>\n<p>[analyse_source url=&#8221;https:\/\/adevarul.ro\/stiri-externe\/rusia\/pata-suspecta-pe-mana-lui-putin-noi-speculatii-2553471.html&#8221;]<\/p>\n","protected":false},"excerpt":{"rendered":"<p>[analyse_image type=&#8221;featured&#8221; src=&#8221;https:\/\/cdn.adh.reperio.news\/image-1\/14d27074-7231-4f2c-8134-b0314aa5c979\/index.png?p=f%3Djpeg%26w%3D1200%26h%3D630%26r%3Dcover%26c%3D0%252C0%252C1%252C0.888&#8243;] Home \u0218tiri Externe Rusia Pat\u0103 suspect\u0103 pe m\u00e2na lui Putin. Noi specula\u021bii privind starea sa de s\u0103n\u0103tate. Ce spun medicii consulta\u021bi de Moscow Times O pat\u0103 \u00eenchis\u0103 la culoare observat\u0103 pe m\u00e2na st\u00e2ng\u0103 a pre\u0219edintelui rus Vladimir Putin \u00een mai multe \u00eenregistr\u0103ri video publicate recent de Kremlin a generat noi specula\u021bii cu [&hellip;]<\/p>\n","protected":false},"author":1,"featured_media":0,"comment_status":"open","ping_status":"","sticky":false,"template":"","format":"standard","meta":{"footnotes":""},"categories":[89],"tags":[19,226],"class_list":["post-2124686","post","type-post","status-publish","format-standard","hentry","category-romania","tag-adevarul","tag-crawlmanager"],"_links":{"self":[{"href":"https:\/\/analyse.optim.biz\/index.php?rest_route=\/wp\/v2\/posts\/2124686","targetHints":{"allow":["GET"]}}],"collection":[{"href":"https:\/\/analyse.optim.biz\/index.php?rest_route=\/wp\/v2\/posts"}],"about":[{"href":"https:\/\/analyse.optim.biz\/index.php?rest_route=\/wp\/v2\/types\/post"}],"author":[{"embeddable":true,"href":"https:\/\/analyse.optim.biz\/index.php?rest_route=\/wp\/v2\/users\/1"}],"replies":[{"embeddable":true,"href":"https:\/\/analyse.optim.biz\/index.php?rest_route=%2Fwp%2Fv2%2Fcomments&post=2124686"}],"version-history":[{"count":0,"href":"https:\/\/analyse.optim.biz\/index.php?rest_route=\/wp\/v2\/posts\/2124686\/revisions"}],"wp:attachment":[{"href":"https:\/\/analyse.optim.biz\/index.php?rest_route=%2Fwp%2Fv2%2Fmedia&parent=2124686"}],"wp:term":[{"taxonomy":"category","embeddable":true,"href":"https:\/\/analyse.optim.biz\/index.php?rest_route=%2Fwp%2Fv2%2Fcategories&post=2124686"},{"taxonomy":"post_tag","embeddable":true,"href":"https:\/\/analyse.optim.biz\/index.php?rest_route=%2Fwp%2Fv2%2Ftags&post=2124686"}],"curies":[{"name":"wp","href":"https:\/\/api.w.org\/{rel}","templated":true}]}}