{"id":2124684,"date":"2026-09-02T17:24:56","date_gmt":"2026-09-02T14:24:56","guid":{"rendered":"https:\/\/analyse.optim.biz\/?p=2124684"},"modified":"2026-09-02T17:24:56","modified_gmt":"2026-09-02T14:24:56","slug":"erdogan-ia-in-calcul-aderarea-deplina-a-turciei-la-organizatia-condusa-de-china-si-rusia-nu-implica-o","status":"publish","type":"post","link":"https:\/\/analyse.optim.biz\/?p=2124684","title":{"rendered":"Erdogan ia \u00een calcul aderarea deplin\u0103 a Turciei la organiza\u021bia condus\u0103 de China \u0219i Rusia: \u201eNu implic\u0103 o&#8230;"},"content":{"rendered":"<p>[analyse_image type=&#8221;featured&#8221; src=&#8221;https:\/\/cdn.adh.reperio.news\/image-7\/7a35f5db-b516-440f-9a20-a93a49e44196\/index.jpeg?p=f%3Djpeg%26w%3D1200%26h%3D630%26r%3Dcover&#8221;]<\/p>\n<article class=\"svelte-x63bga\">\n<nav>\n<ul class=\"breadcrump svelte-1pk9a69\">\n<li class=\"svelte-1pk9a69\"><a href=\"https:\/\/adevarul.ro\/\" title=\"Adev\u0103rul\" class=\"svelte-1pk9a69\">Home<\/a><\/li>\n<li class=\"svelte-1pk9a69\"><a href=\"https:\/\/adevarul.ro\/stiri-externe\" class=\"svelte-1pk9a69\">\u0218tiri Externe<\/a><\/li>\n<li class=\"svelte-1pk9a69\"><a href=\"https:\/\/adevarul.ro\/stiri-externe\/europa\" class=\"svelte-1pk9a69\">Europa<\/a><\/li>\n<li class=\"svelte-1pk9a69\"><a href=\"https:\/\/adevarul.ro\/stiri-externe\/europa\/erdogan-ia-in-calcul-aderarea-deplina-a-turciei-la-2553725.html\" class=\"svelte-1pk9a69\">Erdogan ia \u00een calcul aderarea deplin\u0103 a Turciei la organiza\u021bia condus\u0103 de China \u0219i Rusia: \u201eNu implic\u0103 o ruptur\u0103 fa\u021b\u0103 de Occident\u201d<\/a><\/li>\n<\/ul>\n<\/nav>\n<p><main class=\"svelte-x63bga\"><\/p>\n<p>Pre\u0219edintele Turciei, Recep Tayyip Erdogan, a declarat miercuri c\u0103 Ankara va lua \u00een considerare ridicarea rela\u021biilor cu Organiza\u021bia de Cooperare de la Shanghai (OCS) la nivelul de membru cu drepturi depline. O astfel de decizie ar reprezenta o apropiere semnificativ\u0103 de organiza\u021bia dominat\u0103 de China \u0219i Rusia, \u00een condi\u021biile \u00een care Turcia este, \u00een acela\u0219i timp, membr\u0103 NATO.<\/p>\n<div class=\"container-image  svelte-1xbw4f3\"><source type=\"image\/webp\" srcset=\"https:\/\/cdn.adh.reperio.news\/image-7\/7a35f5db-b516-440f-9a20-a93a49e44196\/index.jpeg?p=a%3D1%26co%3D1.05%26w%3D1400%26h%3D750%26r%3Dcontain%26f%3Dwebp 1400w\" media=\"(min-width: 1400px)\" \/><\/p>\n<div class=\"caption svelte-1xbw4f3\"><span class=\"captionText svelte-1xbw4f3\">Erdogan. <span class=\"source svelte-1xbw4f3\">Foto: Profimedia<\/span><\/span><\/div>\n<\/div>\n<p>Erdogan a precizat \u00eens\u0103 c\u0103 eventuala aderare deplin\u0103 la OCS nu ar \u00eensemna o rupere a rela\u021biilor cu NATO sau cu Occidentul.<\/p>\n<p><i>\u201ePerspectiva Turciei de a deveni membru (cu drepturi depline) al organiza\u021biei nu implic\u0103 o ruptur\u0103 fa\u021b\u0103 de niciun alt bloc sau fa\u021b\u0103 de Occident\u201d,<\/i> a declarat liderul turc, potrivit unei transcrieri a declara\u021biilor f\u0103cute jurnali\u0219tilor \u00een timpul zborului de \u00eentoarcere din K\u00e2rg\u00e2zstan, relateaz\u0103\u00a0<a href=\"https:\/\/www.reuters.com\/world\/china\/erdogan-says-turkey-would-consider-full-membership-china-russia-led-security-2026-09-02\/\" rel=\"nofollow\">Reuters.<\/a><\/p>\n<p>Erdogan a participat mar\u021bi, la Bi\u0219kek, la summitul Organiza\u021biei de Cooperare de la Shanghai, unde Turcia are \u00een prezent statut de <i>\u201epartener de dialog\u201d.<\/i><\/p>\n<h2>Erdogan, Putin \u0219i Luka\u0219enko, fotografia\u021bi \u00eempreun\u0103 la summit<\/h2>\n<p><a href=\"https:\/\/adevarul.ro\/stiri-externe\/in-lume\/liderii-chinei-si-rusiei-au-atacat-occidentul-si-2468788.html\">\u00cen timpul reuniunii de la Bi\u0219kek,\u00a0<\/a>Erdogan a avut \u0219i o \u00eent\u00e2lnire informal\u0103 cu pre\u0219edintele rus Vladimir Putin \u0219i liderul belarus Aleksandr Luka\u0219enko.<\/p>\n<p>O fotografie din timpul discu\u021biei a fost distribuit\u0103 intens pe re\u021belele sociale. Imaginea, publicat\u0103 de canalul Telegram Pul Pervogo, asociat serviciului de pres\u0103 al lui Luka\u0219enko, \u00eei arat\u0103 pe cei trei lideri st\u00e2nd pe aceea\u0219i canapea \u0219i discut\u00e2nd informal, \u00een timp ce interpre\u021bii se afl\u0103 \u00een spatele lor.<\/p>\n<div class=\"_hydratable\" data-props=\"%7B%22data%22%3A%7B%22caption%22%3A%22%22%2C%22embed%22%3A%22https%3A%2F%2Ftwitframe.reperio.news%3Furl%3Dhttps%3A%2F%2Ftwitter.com%2FRusia_HD%2Fstatus%2F2094729803853365688%3Fs%3D20%22%2C%22height%22%3A300%2C%22measured_height%22%3A808%2C%22service%22%3A%22x%22%2C%22source%22%3A%22https%3A%2F%2Fx.com%2FRusia_HD%2Fstatus%2F2094729803853365688%3Fs%3D20%22%2C%22width%22%3A600%7D%2C%22id%22%3A%22QVZW8kkXgL%22%2C%22type%22%3A%22embed%22%2C%22lines%22%3A10%2C%22linesAbove%22%3A57%2C%22index%22%3A8%2C%22paragraphsAbove%22%3A6%2C%22percentage%22%3A0.5816326530612245%2C%22linesBellow%22%3A41%7D\" data-context=\"%7B%22parentBlockColumnCount%22%3A%7B%22value%22%3A0%2C%22type%22%3A%22store%2Freadable%22%7D%2C%22parentBlockBackgroundColor%22%3A%7B%22type%22%3A%22store%2Freadable%22%7D%7D\" data-component=\"EditorEmbedViewDefault\">\n<div class=\"container-embed svelte-1petmjv\"><\/div>\n<\/div>\n<p>Canalul lui Luka\u0219enko a publicat mai multe imagini de la \u00eent\u00e2lnire, \u00eenso\u021bite de mesajul: <i>\u201eLuka\u0219enko, Putin \u0219i Erdo\u011fan. Negocieri non-stop\u201d.<\/i><\/p>\n<p>Fotografia a atras aten\u021bia \u00een contextul \u00een care Turcia \u00eencearc\u0103 s\u0103 \u00ee\u0219i consolideze rela\u021biile at\u00e2t cu statele occidentale, c\u00e2t \u0219i cu Rusia \u0219i China.<\/p>\n<h2>Ce este Organiza\u021bia de Cooperare de la Shanghai<\/h2>\n<p>Organiza\u021bia de Cooperare de la Shanghai a fost creat\u0103 \u00een jurul Chinei \u0219i Rusiei \u0219i reune\u0219te \u00een prezent zece membri cu drepturi depline: China, Rusia, India, Pakistan, Iran, Belarus, Kazahstan, K\u00e2rg\u00e2zstan, Tadjikistan \u0219i Uzbekistan.<\/p>\n<p>Mongolia \u0219i Afganistan au statut de state observatoare, \u00een timp ce Turcia se num\u0103r\u0103 printre partenerii de dialog ai organiza\u021biei.<\/p>\n<p>Turcia este singurul stat membru NATO din cadrul acestei structuri, ceea ce face ca o eventual\u0103 aderare deplin\u0103 a Ankarei la OCS s\u0103 fie urm\u0103rit\u0103 cu aten\u021bie de alia\u021bii s\u0103i occidentali.<\/p>\n<p>Organiza\u021bia \u0219i-a consolidat \u00een ultimii ani rolul pe scena interna\u021bional\u0103, \u00een special prin cooperarea dintre China \u0219i Rusia \u0219i prin extinderea rela\u021biilor cu state din Asia \u0219i Orientul Mijlociu.<\/p>\n<h2>Ankara \u00eencearc\u0103 s\u0103 \u00ee\u0219i p\u0103streze rela\u021biile cu ambele tabere<\/h2>\n<p>Declara\u021biile lui Erdogan reflect\u0103 politica extern\u0103 a Turciei de a men\u021bine rela\u021bii cu mai multe centre de putere. Ankara este membr\u0103 NATO, dar are \u00een acela\u0219i timp rela\u021bii str\u00e2nse cu Rusia \u0219i China \u0219i \u00eencearc\u0103 s\u0103 \u00ee\u0219i consolideze influen\u021ba \u00een Asia Central\u0103.<\/p>\n<p>Pre\u0219edintele turc insist\u0103 c\u0103 apropierea de OCS nu trebuie interpretat\u0103 ca o alegere \u00eentre Orient \u0219i Occident. Eventuala aderare deplin\u0103 ar putea \u00eens\u0103 amplifica dezbaterile privind pozi\u021bionarea strategic\u0103 a Turciei \u00een cadrul NATO \u0219i rela\u021bia sa cu alia\u021bii occidentali.<\/p>\n<p><\/main><\/p>\n<footer class=\"svelte-x63bga\">\n<div class=\"related-wrap related-footer svelte-78g0vl\"><span class=\"related-label svelte-78g0vl\">Cite\u0219te \u0219i<\/span><a class=\"related svelte-78g0vl\" data-gtrack=\"{&quot;event&quot;:&quot;utm_click&quot;,&quot;data&quot;:{&quot;event_category&quot;:&quot;article_related&quot;}}\" href=\"https:\/\/adevarul.ro\/stiri-externe\/europa\/nato-si-ue-fac-presiuni-asupra-spaniei-si-greciei-2553350.html\" title=\"Alt articol de interes pentru tine\"><img decoding=\"async\" class=\"thumb svelte-78g0vl\" src=\"https:\/\/cdn.adh.reperio.news\/image-0\/045b2472-9b95-47da-86a8-f301f902466b\/index.jpeg?p=f%3Dwebp%26w%3D120%26h%3D80%26r%3Dcover%26a%3D0\" alt loading=\"lazy\" width=\"80\" height=\"54\"><span class=\"title svelte-78g0vl\">NATO \u0219i UE fac presiuni asupra Spaniei \u0219i Greciei pentru a transfera Ucrainei rachete pentru sistemele Patriot<\/span><\/a><a class=\"related svelte-78g0vl\" data-gtrack=\"{&quot;event&quot;:&quot;utm_click&quot;,&quot;data&quot;:{&quot;event_category&quot;:&quot;article_related&quot;}}\" href=\"https:\/\/adevarul.ro\/politica\/bolojan-a-discutat-cu-secretarul-general-al-nato-2553484.html\" title=\"Alt articol de interes pentru tine\"><img decoding=\"async\" class=\"thumb svelte-78g0vl\" src=\"https:\/\/cdn.adh.reperio.news\/image-f\/fe1dd883-a80c-424a-916e-fea05e246aa9\/index.jpeg?p=f%3Dwebp%26w%3D120%26h%3D80%26r%3Dcover%26a%3D0\" alt loading=\"lazy\" width=\"80\" height=\"54\"><span class=\"title svelte-78g0vl\">Bolojan a discutat cu secretarul general al NATO despre securitatea Flancului Estic \u0219i situa\u021bia din Marea Neagr\u0103<\/span><\/a><a class=\"related svelte-78g0vl\" data-gtrack=\"{&quot;event&quot;:&quot;utm_click&quot;,&quot;data&quot;:{&quot;event_category&quot;:&quot;article_related&quot;}}\" href=\"https:\/\/adevarul.ro\/stiri-externe\/rusia\/rusia-ajuta-in-secret-iranul-sa-dezvolte-rachete-2553567.html\" title=\"Alt articol de interes pentru tine\"><img decoding=\"async\" class=\"thumb svelte-78g0vl\" src=\"https:\/\/cdn.adh.reperio.news\/image-f\/ffd599cb-9cd1-4ef2-b040-eacb3232b59a\/index.jpeg?p=f%3Dwebp%26w%3D120%26h%3D80%26r%3Dcover%26a%3D0\" alt loading=\"lazy\" width=\"80\" height=\"54\"><span class=\"title svelte-78g0vl\">Rusia ajut\u0103 \u00een secret Iranul s\u0103 dezvolte rachete de croazier\u0103 supersonice, potrivit Financial Times<\/span><\/a><\/div>\n<div class=\"meta svelte-x63bga\">\n<div class=\"authors svelte-x63bga\"><span class=\"names svelte-x63bga\"><a href=\"https:\/\/adevarul.ro\/author\/2086\" rel=\"author\" class=\"svelte-x63bga\">Oana Ababei<\/a><\/span><\/p>\n<div class=\"_hydratable\" data-props=\"%7B%22showLive%22%3Atrue%7D\" data-context=\"%7B%22parentBlockColumnCount%22%3A%7B%22value%22%3A0%2C%22type%22%3A%22store%2Freadable%22%7D%2C%22parentBlockBackgroundColor%22%3A%7B%22type%22%3A%22store%2Freadable%22%7D%7D\" data-component=\"ShareButton\">\n<div class=\"shareButtons svelte-itwbrr\">\n<div class=\"liveSessions metaFont svelte-1maxmbf\"><span class=\"value svelte-1maxmbf\">1<\/span> live <\/div>\n<\/div>\n<\/div>\n<\/div>\n<div class=\"tags svelte-1l3vwp1\"><span class=\"tags-label metaFont svelte-1l3vwp1\">Cite\u0219te mai multe despre<\/span><\/p>\n<div class=\"tags-list svelte-1l3vwp1\"><a href=\"https:\/\/adevarul.ro\/tag\/rusia\" title=\"Ultimele \u0219tiri despre rusia\" class=\"tag-pill svelte-1l3vwp1\">rusia<\/a><a href=\"https:\/\/adevarul.ro\/tag\/china\" title=\"Ultimele \u0219tiri despre china\" class=\"tag-pill svelte-1l3vwp1\">china<\/a><a href=\"https:\/\/adevarul.ro\/tag\/recep%20tayyip%20erdogan\" title=\"Ultimele \u0219tiri despre recep tayyip erdogan\" class=\"tag-pill svelte-1l3vwp1\">recep tayyip erdogan<\/a><a href=\"https:\/\/adevarul.ro\/tag\/pre%C8%99edintele%20turciei\" title=\"Ultimele \u0219tiri despre pre\u0219edintele turciei\" class=\"tag-pill svelte-1l3vwp1\">pre\u0219edintele turciei<\/a><a href=\"https:\/\/adevarul.ro\/tag\/ocs\" title=\"Ultimele \u0219tiri despre ocs\" class=\"tag-pill svelte-1l3vwp1\">ocs<\/a><\/div>\n<\/div>\n<\/div>\n<p><a class=\"moreFromCategory svelte-x63bga\" href=\"https:\/\/adevarul.ro\/stiri-externe\/europa\" title=\"Europa\">Mai multe din <strong class=\"svelte-x63bga\">Europa<\/strong> \u203a<\/a><\/footer>\n<\/article>\n<p>[analyse_source url=&#8221;https:\/\/adevarul.ro\/stiri-externe\/europa\/erdogan-ia-in-calcul-aderarea-deplina-a-turciei-la-2553725.html&#8221;]<\/p>\n","protected":false},"excerpt":{"rendered":"<p>[analyse_image type=&#8221;featured&#8221; src=&#8221;https:\/\/cdn.adh.reperio.news\/image-7\/7a35f5db-b516-440f-9a20-a93a49e44196\/index.jpeg?p=f%3Djpeg%26w%3D1200%26h%3D630%26r%3Dcover&#8221;] Home \u0218tiri Externe Europa Erdogan ia \u00een calcul aderarea deplin\u0103 a Turciei la organiza\u021bia condus\u0103 de China \u0219i Rusia: \u201eNu implic\u0103 o ruptur\u0103 fa\u021b\u0103 de Occident\u201d Pre\u0219edintele Turciei, Recep Tayyip Erdogan, a declarat miercuri c\u0103 Ankara va lua \u00een considerare ridicarea rela\u021biilor cu Organiza\u021bia de Cooperare de la Shanghai (OCS) la nivelul [&hellip;]<\/p>\n","protected":false},"author":1,"featured_media":0,"comment_status":"open","ping_status":"","sticky":false,"template":"","format":"standard","meta":{"footnotes":""},"categories":[89],"tags":[19,226],"class_list":["post-2124684","post","type-post","status-publish","format-standard","hentry","category-romania","tag-adevarul","tag-crawlmanager"],"_links":{"self":[{"href":"https:\/\/analyse.optim.biz\/index.php?rest_route=\/wp\/v2\/posts\/2124684","targetHints":{"allow":["GET"]}}],"collection":[{"href":"https:\/\/analyse.optim.biz\/index.php?rest_route=\/wp\/v2\/posts"}],"about":[{"href":"https:\/\/analyse.optim.biz\/index.php?rest_route=\/wp\/v2\/types\/post"}],"author":[{"embeddable":true,"href":"https:\/\/analyse.optim.biz\/index.php?rest_route=\/wp\/v2\/users\/1"}],"replies":[{"embeddable":true,"href":"https:\/\/analyse.optim.biz\/index.php?rest_route=%2Fwp%2Fv2%2Fcomments&post=2124684"}],"version-history":[{"count":0,"href":"https:\/\/analyse.optim.biz\/index.php?rest_route=\/wp\/v2\/posts\/2124684\/revisions"}],"wp:attachment":[{"href":"https:\/\/analyse.optim.biz\/index.php?rest_route=%2Fwp%2Fv2%2Fmedia&parent=2124684"}],"wp:term":[{"taxonomy":"category","embeddable":true,"href":"https:\/\/analyse.optim.biz\/index.php?rest_route=%2Fwp%2Fv2%2Fcategories&post=2124684"},{"taxonomy":"post_tag","embeddable":true,"href":"https:\/\/analyse.optim.biz\/index.php?rest_route=%2Fwp%2Fv2%2Ftags&post=2124684"}],"curies":[{"name":"wp","href":"https:\/\/api.w.org\/{rel}","templated":true}]}}