{"id":2124675,"date":"2026-09-02T00:00:00","date_gmt":"2026-09-01T21:00:00","guid":{"rendered":"https:\/\/analyse.optim.biz\/?p=2124675"},"modified":"2026-09-02T00:00:00","modified_gmt":"2026-09-01T21:00:00","slug":"3-livres-pour-en-finir-avec-la-tyrannie-du-bon-gout","status":"publish","type":"post","link":"https:\/\/analyse.optim.biz\/?p=2124675","title":{"rendered":"3 livres pour en finir avec la tyrannie du bon go\u00fbt"},"content":{"rendered":"<div class=\"entry-content\">\n<section class=\"single-header padding-top-s\">\n<div class=\"container\">\n<div class=\"row justify-content-between\">\n<div class=\"col-lg-9 col-xl-8\">\n<div class=\"video-container\">\n\t\t\t\t\t\t\t\t\t\t\t\t\t<\/div>\n<div class=\"container-img desktop\">\n                                <img loading=\"lazy\" decoding=\"async\" width=\"1864\" height=\"1190\" src=\"https:\/\/numero.com\/wp-content\/uploads\/2026\/01\/addison-rae2.jpg\" class=\"img-fluid\" alt=\"La chanteuse Addison Rae.\">\t\t\t\t\t\t\t\t<\/p>\n<p class=\"number big\">2<\/p>\n<\/p><\/div>\n<div class=\"container-img mobile\">\n                                <img loading=\"lazy\" decoding=\"async\" width=\"1300\" height=\"1634\" src=\"\/\/www.w3.org\/2000\/svg&apos;%20viewBox=&apos;0%200%201300%201634&apos;%3E%3C\/svg%3E\" class=\"img-fluid\" alt=\"La chanteuse Addison Rae.\" data-lazy-src=\"https:\/\/numero.com\/wp-content\/uploads\/2026\/01\/addison-rae1.jpg\"><img decoding=\"async\" width=\"1300\" height=\"1634\" src=\"https:\/\/numero.com\/wp-content\/uploads\/2026\/01\/addison-rae1.jpg\" class=\"img-fluid\" alt=\"La chanteuse Addison Rae.\" loading=\"lazy\">\t\t\t\t\t\t\t\t<\/p>\n<p class=\"number big\">2<\/p>\n<\/p><\/div>\n<\/p><\/div>\n<div class=\"col col-lg-3 col-xl-4 desktop\">\n<div class=\"ad grand-angle desktop\">\n    <!-- \/21730003857\/numero-ad-unit\/numero-grand-angle --><\/p>\n<div class=\"ad-responsive\">\n<div id=\"div-gpt-ad-1773673590069-0\" class=\"ads-pub px-0\">\n<p>                googletag.cmd.push(function () {<br \/>\n                    googletag.display(&#8216;div-gpt-ad-1773673590069-0&#8217;);<br \/>\n                });<\/p><\/div>\n<\/p><\/div>\n<\/div><\/div>\n<\/p><\/div>\n<\/p><\/div>\n<\/section>\n<section class=\"post-content\">\n<div class=\"container\">\n<div class=\"row g-0 justify-content-between\">\n<div class=\"col-lg-9 col-xl-8 padding-top-s\">\n<p class=\"share-widget\" id=\"share-widget\"><img decoding=\"async\" src=\"\/\/www.w3.org\/2000\/svg&apos;%20viewBox=&apos;0%200%200%200&apos;%3E%3C\/svg%3E\" alt=\"share-widget\" data-lazy-src=\"https:\/\/numero.com\/wp-content\/themes\/understrap-child-main\/src\/public\/images\/share.svg\"><\/p>\n<p><img decoding=\"async\" src=\"https:\/\/numero.com\/wp-content\/themes\/understrap-child-main\/src\/public\/images\/share.svg\" alt=\"share-widget\"><\/p>\n<div class=\"share-icons\" id=\"share-icons\">\n<p class=\"copy-link\"><img decoding=\"async\" src=\"\/\/www.w3.org\/2000\/svg&apos;%20viewBox=&apos;0%200%200%200&apos;%3E%3C\/svg%3E\" alt=\"copy-link\" data-lazy-src=\"https:\/\/numero.com\/wp-content\/themes\/understrap-child-main\/src\/public\/images\/copy-link.svg\"><\/p>\n<p><img decoding=\"async\" src=\"https:\/\/numero.com\/wp-content\/themes\/understrap-child-main\/src\/public\/images\/copy-link.svg\" alt=\"copy-link\"><br \/>\n\t\t\t\t\t\t\t<a href=\"https:\/\/www.facebook.com\/sharer\/sharer.php?u=https:\/\/numero.com\/culture\/comment-en-finir-avec-le-snobisme\/\" class=\"facebook\" target=\"_blank\" rel=\"noopener\"><img decoding=\"async\" src=\"https:\/\/numero.com\/wp-content\/themes\/understrap-child-main\/src\/public\/images\/facebook.svg\" alt=\"facebook\"><\/a><br \/>\n\t\t\t\t\t\t\t<a href=\"https:\/\/twitter.com\/share?url=https:\/\/numero.com\/culture\/comment-en-finir-avec-le-snobisme\/\" class=\"twitter\" target=\"_blank\" rel=\"noopener\"><img decoding=\"async\" src=\"https:\/\/numero.com\/wp-content\/themes\/understrap-child-main\/src\/public\/images\/twitter.svg\" alt=\"twitter\"><\/a>\n\t\t\t\t\t\t<\/div>\n<p>\t\t\t\t\t\t<span class id=\"custom-tooltip\" style=\"display:none\">Lien copi\u00e9<\/span><\/p>\n<div class=\"col-lg-10\">\n<div class=\"meta d-flex justify-content-between align-items-center\">\n<div class=\"cat\">\n\t\t\t\t\t\t\t\t\t<a class=\"cat-title\" href=\"https:\/\/numero.com\/category\/culture\/\">Culture<\/a>\t\t\t\t\t\t\t\t<\/div>\n<p class=\"date\">\n\t\t\t\t\t\t\t\t\t2 sept 2026\t\t\t\t\t\t\t\t<\/p>\n<\/p><\/div>\n<h1>3 livres pour en finir avec la tyrannie du bon go\u00fbt<\/h1>\n<div class=\"introduction\">\n<p>Alors que les Labubus, les Crocs et les tubes de Jul gagnent du terrain, il est temps d\u2019en finir d\u00e9finitivement avec la tyrannie du bon go\u00fbt. On peut, pour peaufiner ses arguments contre les pr\u00e9jug\u00e9s, commencer par lire ces essais qui d\u00e9construisent les st\u00e9r\u00e9otypes sur une suppos\u00e9e culture sup\u00e9rieure et une esth\u00e9tique populaire jug\u00e9e vulgaire.<\/p>\n<\/div>\n<li class=\"credits d-flex\">\n<p>\n\t\t\t\t\t\t\t\t\t\t\tpar\t\t\t\t\t\t\t\t\t\t\t\t\t\t\t\t\t\t\t\t\t\t\t<a href=\"https:\/\/numero.com\/contributor\/violaine-schutz\/\">Violaine Sch\u00fctz<\/a>.\t\t\t\t\t\t\t\t\t\t\t\t\t\t\t\t\t\t\t\t\t<\/p>\n<\/li>\n<p class=\"edition-date\">Publi\u00e9 le 20 janvier 2026. Modifi\u00e9 le 2 septembre 2026.<\/p>\n<div id=\"ads03\" class=\"mobile padding-bottom-s\">\n<div class=\"ad-wrapper\">\n\t\t\t\t\t\t\t\t\t<!-- \/21730003857\/numero-ad-unit\/numero-interscroller --><\/p>\n<div class=\"ad ad-responsive interscroller-slot\">\n<div id=\"div-gpt-ad-1773673675628-0\" class=\"ads-pub\">\n<p>            googletag.cmd.push(function () {<br \/>\n                googletag.display(&#8216;div-gpt-ad-1773673675628-0&#8217;);<br \/>\n            });<\/p><\/div>\n<\/div><\/div>\n<\/p><\/div>\n<p>\t\t\t\t\t\t\t&lt;!&#8211; <\/p>\n<div class=\"padding-bottom-s\">\n\t\t\t\t\t\t\t\t\t\t\t\t\t\t\t<\/div>\n<p> &#8211;&gt;<\/p>\n<figure data-wp-context=\"{&quot;imageId&quot;:&quot;6a98447a34930&quot;}\" data-wp-interactive=\"core\/image\" data-wp-key=\"6a98447a34930\" class=\"wp-block-image size-full size-large wp-lightbox-container\"><img loading=\"lazy\" decoding=\"async\" width=\"1829\" height=\"2560\" data-wp-class--hide=\"state.isContentHidden\" data-wp-class--show=\"state.isContentVisible\" data-wp-init=\"callbacks.setButtonStyles\" data-wp-on--click=\"actions.showLightbox\" data-wp-on--load=\"callbacks.setButtonStyles\" data-wp-on--pointerdown=\"actions.preloadImage\" data-wp-on--pointerenter=\"actions.preloadImageWithDelay\" data-wp-on--pointerleave=\"actions.cancelPreload\" data-wp-on-window--resize=\"callbacks.setButtonStyles\" src=\"\/\/www.w3.org\/2000\/svg&apos;%20viewBox=&apos;0%200%201829%202560&apos;%3E%3C\/svg%3E\" alt=\"Addison Rae \u00e0 l\u2019\u00e9v\u00e9nement iHeartRadio Jingle Ball 2024 \u00e0 Los Angeles, le 6 d\u00e9cembre 2024. Photo by River Callaway\/Billboard via Getty Images.\n\" class=\"wp-image-782018\" data-lazy-src=\"https:\/\/numero.com\/wp-content\/uploads\/2026\/01\/addison-rae2-1-scaled.jpg\"><img loading=\"lazy\" decoding=\"async\" width=\"1829\" height=\"2560\" data-wp-class--hide=\"state.isContentHidden\" data-wp-class--show=\"state.isContentVisible\" data-wp-init=\"callbacks.setButtonStyles\" data-wp-on--click=\"actions.showLightbox\" data-wp-on--load=\"callbacks.setButtonStyles\" data-wp-on--pointerdown=\"actions.preloadImage\" data-wp-on--pointerenter=\"actions.preloadImageWithDelay\" data-wp-on--pointerleave=\"actions.cancelPreload\" data-wp-on-window--resize=\"callbacks.setButtonStyles\" src=\"https:\/\/numero.com\/wp-content\/uploads\/2026\/01\/addison-rae2-1-scaled.jpg\" alt=\"Addison Rae \u00e0 l\u2019\u00e9v\u00e9nement iHeartRadio Jingle Ball 2024 \u00e0 Los Angeles, le 6 d\u00e9cembre 2024. Photo by River Callaway\/Billboard via Getty Images.\n\" class=\"wp-image-782018\"><button class=\"lightbox-trigger\" type=\"button\" aria-haspopup=\"dialog\" data-wp-bind--aria-label=\"state.thisImage.triggerButtonAriaLabel\" data-wp-init=\"callbacks.initTriggerButton\" data-wp-on--click=\"actions.showLightbox\" data-wp-style--right=\"state.thisImage.buttonRight\" data-wp-style--top=\"state.thisImage.buttonTop\"><\/p>\n<p>\t\t<\/button><figcaption class=\"wp-element-caption\">Addison Rae \u00e0 l\u2019\u00e9v\u00e9nement iHeartRadio Jingle Ball 2024 \u00e0 Los Angeles, le 6 d\u00e9cembre 2024. \u00a9 River Callaway\/Billboard via Getty Images.<br \/><\/figcaption><\/figure>\n<p class=\"wp-block-paragraph\"><em>Hating pop music doesn\u2019t make you deep<\/em> disait le slogan inscrit sur un tee-shirt de la pop star (et ex-TikTokeuse) <strong><a href=\"https:\/\/numero.com\/portrait\/addison-rae\/\" target=\"_blank\" rel=\"noreferrer noopener\">Addison Rae<\/a><\/strong>. Pourquoi aimer la pop ferait de nous des \u00eatres moins intelligents ? Et si on arr\u00eatait d\u2019employer le terme <em>guilty pleasures<\/em> concernant nos <strong>go\u00fbts musicaux et cin\u00e9matographiques <\/strong>? Pourquoi aurait-on honte de dire que l\u2019on aime d\u2019anciens candidats de la <strong><em>Star Academ<\/em>y<\/strong> ? Faut-il \u00e9couter des morceaux seulement en vinyles sur une platine hors de prix et ne regarder des films que sur grand \u00e9cran ?<\/p>\n<h2 class=\"wp-block-heading\">Comment en finir avec la tyrannie du bon go\u00fbt ?<\/h2>\n<p class=\"wp-block-paragraph\">Faut-il mentir sur ses groupes et ses films pr\u00e9f\u00e9r\u00e9s sur une application de rencontres ? A-t-on le droit de lire <strong>Cioran<\/strong> et de regarder<em><strong> Love is Blind <\/strong><\/em>? De se passionner en m\u00eame temps pour <strong><a href=\"https:\/\/numero.com\/portrait\/britney-spears\/\" target=\"_blank\" rel=\"noreferrer noopener\">Britney Spears<\/a><\/strong> et <strong>Mozart<\/strong> ? Si vous vous \u00eates d\u00e9j\u00e0 pos\u00e9 l\u2019un de ces questions, ces trois ouvrages devraient vous int\u00e9resser. Et vous permettre \u2013 au passage \u2013 d\u2019en finir avec la culpabilit\u00e9\u2026 Tout en r\u00e9pondant pertinemment \u00e0 vos d\u00e9tracteurs.<\/p>\n<blockquote class=\"instagram-media\" data-instgrm-permalink=\"https:\/\/www.instagram.com\/p\/DQjN_SZDCAX\/?utm_source=ig_embed&amp;utm_campaign=loading\" data-instgrm-version=\"14\" style=\"background:#FFF;border:0;border-radius:3px;margin: 1px;max-width:540px;min-width:326px;padding:0;width:99.375%;width:-webkit-calc(100% - 2px);width:calc(100% - 2px)\">\n<div style=\"padding:16px\"> <a href=\"https:\/\/www.instagram.com\/p\/DQjN_SZDCAX\/?utm_source=ig_embed&amp;utm_campaign=loading\" style=\"background:#FFFFFF;line-height:0;padding:0 0;text-align:center;text-decoration:none;width:100%\" target=\"_blank\"> <\/p>\n<div style=\"display: flex;flex-direction: row;align-items: center\">\n<div style=\"background-color: #F4F4F4;border-radius: 50%;flex-grow: 0;height: 40px;margin-right: 14px;width: 40px\"><\/div>\n<div style=\"display: flex;flex-direction: column;flex-grow: 1;justify-content: center\">\n<div style=\"background-color: #F4F4F4;border-radius: 4px;flex-grow: 0;height: 14px;margin-bottom: 6px;width: 100px\"><\/div>\n<div style=\"background-color: #F4F4F4;border-radius: 4px;flex-grow: 0;height: 14px;width: 60px\"><\/div>\n<\/div>\n<\/div>\n<div style=\"padding: 19% 0\"><\/div>\n<div style=\"display:block;height:50px;margin:0 auto 12px;width:50px\"><\/div>\n<div style=\"padding-top: 8px\">\n<div style=\"color:#3897f0;font-family:Arial,sans-serif;font-size:14px;font-style:normal;font-weight:550;line-height:18px\">Voir cette publication sur Instagram<\/div>\n<\/div>\n<div style=\"padding: 12.5% 0\"><\/div>\n<div style=\"display: flex;flex-direction: row;margin-bottom: 14px;align-items: center\">\n<div>\n<div style=\"background-color: #F4F4F4;border-radius: 50%;height: 12.5px;width: 12.5px;transform: translateX(0px) translateY(7px)\"><\/div>\n<div style=\"background-color: #F4F4F4;height: 12.5px;transform: rotate(-45deg) translateX(3px) translateY(1px);width: 12.5px;flex-grow: 0;margin-right: 14px;margin-left: 2px\"><\/div>\n<div style=\"background-color: #F4F4F4;border-radius: 50%;height: 12.5px;width: 12.5px;transform: translateX(9px) translateY(-18px)\"><\/div>\n<\/div>\n<div style=\"margin-left: 8px\">\n<div style=\"background-color: #F4F4F4;border-radius: 50%;flex-grow: 0;height: 20px;width: 20px\"><\/div>\n<div style=\"width: 0;height: 0;border-top: 2px solid transparent;border-left: 6px solid #f4f4f4;border-bottom: 2px solid transparent;transform: translateX(16px) translateY(-4px) rotate(30deg)\"><\/div>\n<\/div>\n<div style=\"margin-left: auto\">\n<div style=\"width: 0px;border-top: 8px solid #F4F4F4;border-right: 8px solid transparent;transform: translateY(16px)\"><\/div>\n<div style=\"background-color: #F4F4F4;flex-grow: 0;height: 12px;width: 16px;transform: translateY(-4px)\"><\/div>\n<div style=\"width: 0;height: 0;border-top: 8px solid #F4F4F4;border-left: 8px solid transparent;transform: translateY(-4px) translateX(8px)\"><\/div>\n<\/div>\n<\/div>\n<div style=\"display: flex;flex-direction: column;flex-grow: 1;justify-content: center;margin-bottom: 24px\">\n<div style=\"background-color: #F4F4F4;border-radius: 4px;flex-grow: 0;height: 14px;margin-bottom: 6px;width: 224px\"><\/div>\n<div style=\"background-color: #F4F4F4;border-radius: 4px;flex-grow: 0;height: 14px;width: 144px\"><\/div>\n<\/div>\n<p><\/a><\/p>\n<p style=\"color:#c9c8cd;font-family:Arial,sans-serif;font-size:14px;line-height:17px;margin-bottom:0;margin-top:8px;overflow:hidden;padding:8px 0 7px;text-align:center;white-space:nowrap\"><a href=\"https:\/\/www.instagram.com\/p\/DQjN_SZDCAX\/?utm_source=ig_embed&amp;utm_campaign=loading\" style=\"color:#c9c8cd;font-family:Arial,sans-serif;font-size:14px;font-style:normal;font-weight:normal;line-height:17px;text-decoration:none\" target=\"_blank\">Une publication partag\u00e9e par \u00c9ditions Battements Par Minute (@editionsbpm)<\/a><\/p>\n<\/div>\n<\/blockquote>\n<div class=\"cookieconsent-optout-statistics cookieconsent-optout-marketing\"><\/div>\n<h2 class=\"wp-block-heading\">Un livre interrogeant notre snobisme musical<\/h2>\n<p class=\"wp-block-paragraph\">Nos <strong>go\u00fbts musicaux<\/strong> sont souvent brandis comme un outil de distinction sociale. Une r\u00e9flexion d\u00e9j\u00e0 d\u00e9fendue par le sociologue<strong> Pierre Bourdieu<\/strong> dans\u00a0<em>La Distinction<\/em> (1979), qui d\u00e9montre que la domination des classes sup\u00e9rieures passait en partie par la mise au point d\u2019une culture dite sup\u00e9rieure,<em> <\/em>en comparaison avec une <strong>culture populaire<\/strong>. Pour d\u00e9construire la hi\u00e9rarchie en mati\u00e8re de choix sonores, on peut aussi se pencher sur le r\u00e9cent essai <em><strong>On ne dit pas tu \u00e9coutes de la merde<\/strong> <\/em>de<strong> Gilles Suchey<\/strong> (ex-animateur de radio associative et libraire). Pour l\u2019auteur, c\u2019est l\u2019<strong>\u00e9clectisme <\/strong>culturel qui prime aujourd\u2019hui chez les \u00ab\u00a0<em>\u00e9lites<\/em>\u201d.<\/p>\n<p class=\"wp-block-paragraph\">Paru en octobre 2025, l\u2019ouvrage aborde, comme l\u2019indique un communiqu\u00e9 de presse de la petite maison d\u2019\u00e9dition <strong><em>Battements Par Minute<\/em> <\/strong>la <em>\u201cpuissance de la distinction bourgeoise, l\u2019arrogance \u00e0 l\u2019\u00e9gard du go\u00fbt des autres, la force de la prescription culturelle, l\u2019emprise de la technologie, le f\u00e9tichisme de la marchandise<\/em>\u00a0\u00bb ou encore \u201c<em>la persistance des d\u00e9fiances g\u00e9n\u00e9rationnelles<\/em>.\u201d Si l\u2019auteur s\u2019appuie sur de nombreuses id\u00e9es d\u00e9j\u00e0 bien connues de philosophes et de sociologues, et qu\u2019il s\u2019av\u00e8re plut\u00f4t pessimiste, il a le m\u00e9rite de r\u00e9sumer plusieurs pistes \u00e9clairantes sur notre approche, souvent trop <strong>snob<\/strong>, de la musique.<\/p>\n<p class=\"wp-block-paragraph\"><em>On ne dit pas tu \u00e9coutes de la merde (2025) de Gilles Suchey, disponible aux \u00e9ditions Battements Par Minute.<\/em><\/p>\n<blockquote class=\"instagram-media\" data-instgrm-permalink=\"https:\/\/www.instagram.com\/p\/DGJGx68Na-3\/?utm_source=ig_embed&amp;utm_campaign=loading\" data-instgrm-version=\"14\" style=\"background:#FFF;border:0;border-radius:3px;margin: 1px;max-width:540px;min-width:326px;padding:0;width:99.375%;width:-webkit-calc(100% - 2px);width:calc(100% - 2px)\">\n<div style=\"padding:16px\"> <a href=\"https:\/\/www.instagram.com\/p\/DGJGx68Na-3\/?utm_source=ig_embed&amp;utm_campaign=loading\" style=\"background:#FFFFFF;line-height:0;padding:0 0;text-align:center;text-decoration:none;width:100%\" target=\"_blank\"> <\/p>\n<div style=\"display: flex;flex-direction: row;align-items: center\">\n<div style=\"background-color: #F4F4F4;border-radius: 50%;flex-grow: 0;height: 40px;margin-right: 14px;width: 40px\"><\/div>\n<div style=\"display: flex;flex-direction: column;flex-grow: 1;justify-content: center\">\n<div style=\"background-color: #F4F4F4;border-radius: 4px;flex-grow: 0;height: 14px;margin-bottom: 6px;width: 100px\"><\/div>\n<div style=\"background-color: #F4F4F4;border-radius: 4px;flex-grow: 0;height: 14px;width: 60px\"><\/div>\n<\/div>\n<\/div>\n<div style=\"padding: 19% 0\"><\/div>\n<div style=\"display:block;height:50px;margin:0 auto 12px;width:50px\"><\/div>\n<div style=\"padding-top: 8px\">\n<div style=\"color:#3897f0;font-family:Arial,sans-serif;font-size:14px;font-style:normal;font-weight:550;line-height:18px\">Voir cette publication sur Instagram<\/div>\n<\/div>\n<div style=\"padding: 12.5% 0\"><\/div>\n<div style=\"display: flex;flex-direction: row;margin-bottom: 14px;align-items: center\">\n<div>\n<div style=\"background-color: #F4F4F4;border-radius: 50%;height: 12.5px;width: 12.5px;transform: translateX(0px) translateY(7px)\"><\/div>\n<div style=\"background-color: #F4F4F4;height: 12.5px;transform: rotate(-45deg) translateX(3px) translateY(1px);width: 12.5px;flex-grow: 0;margin-right: 14px;margin-left: 2px\"><\/div>\n<div style=\"background-color: #F4F4F4;border-radius: 50%;height: 12.5px;width: 12.5px;transform: translateX(9px) translateY(-18px)\"><\/div>\n<\/div>\n<div style=\"margin-left: 8px\">\n<div style=\"background-color: #F4F4F4;border-radius: 50%;flex-grow: 0;height: 20px;width: 20px\"><\/div>\n<div style=\"width: 0;height: 0;border-top: 2px solid transparent;border-left: 6px solid #f4f4f4;border-bottom: 2px solid transparent;transform: translateX(16px) translateY(-4px) rotate(30deg)\"><\/div>\n<\/div>\n<div style=\"margin-left: auto\">\n<div style=\"width: 0px;border-top: 8px solid #F4F4F4;border-right: 8px solid transparent;transform: translateY(16px)\"><\/div>\n<div style=\"background-color: #F4F4F4;flex-grow: 0;height: 12px;width: 16px;transform: translateY(-4px)\"><\/div>\n<div style=\"width: 0;height: 0;border-top: 8px solid #F4F4F4;border-left: 8px solid transparent;transform: translateY(-4px) translateX(8px)\"><\/div>\n<\/div>\n<\/div>\n<div style=\"display: flex;flex-direction: column;flex-grow: 1;justify-content: center;margin-bottom: 24px\">\n<div style=\"background-color: #F4F4F4;border-radius: 4px;flex-grow: 0;height: 14px;margin-bottom: 6px;width: 224px\"><\/div>\n<div style=\"background-color: #F4F4F4;border-radius: 4px;flex-grow: 0;height: 14px;width: 144px\"><\/div>\n<\/div>\n<p><\/a><\/p>\n<p style=\"color:#c9c8cd;font-family:Arial,sans-serif;font-size:14px;line-height:17px;margin-bottom:0;margin-top:8px;overflow:hidden;padding:8px 0 7px;text-align:center;white-space:nowrap\"><a href=\"https:\/\/www.instagram.com\/p\/DGJGx68Na-3\/?utm_source=ig_embed&amp;utm_campaign=loading\" style=\"color:#c9c8cd;font-family:Arial,sans-serif;font-size:14px;font-style:normal;font-weight:normal;line-height:17px;text-decoration:none\" target=\"_blank\">Une publication partag\u00e9e par Rose Lamy Pr\u00e9parez-vous pour la bagarre (@preparez_vous_pour_la_bagarre)<\/a><\/p>\n<\/div>\n<\/blockquote>\n<div class=\"cookieconsent-optout-statistics cookieconsent-optout-marketing\"><\/div>\n<h2 class=\"wp-block-heading\">Un ouvrage qui remet en question le terme <em>\u201cbeauf<\/em>\u201d<\/h2>\n<p class=\"wp-block-paragraph\">Si quelqu\u2019un a d\u00e9j\u00e0 jug\u00e9 votre amour pour Michel Delpech, la <em>new romance<\/em>, la<strong> K-pop<\/strong>, les \u00e9missions de t\u00e9l\u00e9-r\u00e9alit\u00e9, les <strong>com\u00e9dies romantiques<\/strong> \u00e0 l\u2019eau de rose ou les films de No\u00ebl, ce livre fera l\u2019effet d\u2019un beau lot de consolation. En effet, dans l\u2019essai<strong> <em>Ascendant beauf<\/em><\/strong> (2025) (qui vulgarise la pens\u00e9e de <strong>Bourdieu<\/strong>), <strong>Rose Lamy<\/strong>, cr\u00e9atrice du compte Instagram<em> <strong>Pr\u00e9parez-vous pour la bagarre<\/strong><\/em>, fait le lien entre le m\u00e9pris ressenti ou \u00e9voqu\u00e9 par certains face \u00e0 nos go\u00fbts culturels et le m\u00e9pris de classe. On le sait, le go\u00fbt est en grande partie fa\u00e7onn\u00e9 par l\u2019\u00e9ducation et il d\u00e9pend en grande partie (h\u00e9las) de notre classe sociale.<\/p>\n<p class=\"wp-block-paragraph\">Aussi, qualifier quelqu\u2019un de <strong>beauf<\/strong> est tout sauf anodin. Il s\u2019agit de discriminer son pass\u00e9, son entourage et sa classe sociale. Le<strong> livre<\/strong> \u2013 qui d\u00e9nonce aussi les jugements h\u00e2tifs d\u2019une bourgeoisie suppos\u00e9e de gauche \u2013 tire en grande partie sa force de sa dimension personnelle puisque Rose Lamy (\u00e0 qui l\u2019on doit le livre <em>D\u00e9faire le discours sexiste dans les m\u00e9dias<\/em>) se place du c\u00f4t\u00e9 de celles et ceux dont les affinit\u00e9s en mati\u00e8re de films, d\u2019\u00e9missions de t\u00e9l\u00e9vision et de livres ont d\u00e9j\u00e0 \u00e9t\u00e9 d\u00e9cri\u00e9es.<\/p>\n<p class=\"wp-block-paragraph\"><em>Ascendant beauf<\/em> (2025) <em>de Rose Lamy<\/em>, <em>disponible<\/em> <em>aux \u00e9ditions Seuil.<\/em><\/p>\n<blockquote class=\"instagram-media\" data-instgrm-permalink=\"https:\/\/www.instagram.com\/p\/CN4b_wQnPrT\/?utm_source=ig_embed&amp;utm_campaign=loading\" data-instgrm-version=\"14\" style=\"background:#FFF;border:0;border-radius:3px;margin: 1px;max-width:540px;min-width:326px;padding:0;width:99.375%;width:-webkit-calc(100% - 2px);width:calc(100% - 2px)\">\n<div style=\"padding:16px\"> <a href=\"https:\/\/www.instagram.com\/p\/CN4b_wQnPrT\/?utm_source=ig_embed&amp;utm_campaign=loading\" style=\"background:#FFFFFF;line-height:0;padding:0 0;text-align:center;text-decoration:none;width:100%\" target=\"_blank\"> <\/p>\n<div style=\"display: flex;flex-direction: row;align-items: center\">\n<div style=\"background-color: #F4F4F4;border-radius: 50%;flex-grow: 0;height: 40px;margin-right: 14px;width: 40px\"><\/div>\n<div style=\"display: flex;flex-direction: column;flex-grow: 1;justify-content: center\">\n<div style=\"background-color: #F4F4F4;border-radius: 4px;flex-grow: 0;height: 14px;margin-bottom: 6px;width: 100px\"><\/div>\n<div style=\"background-color: #F4F4F4;border-radius: 4px;flex-grow: 0;height: 14px;width: 60px\"><\/div>\n<\/div>\n<\/div>\n<div style=\"padding: 19% 0\"><\/div>\n<div style=\"display:block;height:50px;margin:0 auto 12px;width:50px\"><\/div>\n<div style=\"padding-top: 8px\">\n<div style=\"color:#3897f0;font-family:Arial,sans-serif;font-size:14px;font-style:normal;font-weight:550;line-height:18px\">Voir cette publication sur Instagram<\/div>\n<\/div>\n<div style=\"padding: 12.5% 0\"><\/div>\n<div style=\"display: flex;flex-direction: row;margin-bottom: 14px;align-items: center\">\n<div>\n<div style=\"background-color: #F4F4F4;border-radius: 50%;height: 12.5px;width: 12.5px;transform: translateX(0px) translateY(7px)\"><\/div>\n<div style=\"background-color: #F4F4F4;height: 12.5px;transform: rotate(-45deg) translateX(3px) translateY(1px);width: 12.5px;flex-grow: 0;margin-right: 14px;margin-left: 2px\"><\/div>\n<div style=\"background-color: #F4F4F4;border-radius: 50%;height: 12.5px;width: 12.5px;transform: translateX(9px) translateY(-18px)\"><\/div>\n<\/div>\n<div style=\"margin-left: 8px\">\n<div style=\"background-color: #F4F4F4;border-radius: 50%;flex-grow: 0;height: 20px;width: 20px\"><\/div>\n<div style=\"width: 0;height: 0;border-top: 2px solid transparent;border-left: 6px solid #f4f4f4;border-bottom: 2px solid transparent;transform: translateX(16px) translateY(-4px) rotate(30deg)\"><\/div>\n<\/div>\n<div style=\"margin-left: auto\">\n<div style=\"width: 0px;border-top: 8px solid #F4F4F4;border-right: 8px solid transparent;transform: translateY(16px)\"><\/div>\n<div style=\"background-color: #F4F4F4;flex-grow: 0;height: 12px;width: 16px;transform: translateY(-4px)\"><\/div>\n<div style=\"width: 0;height: 0;border-top: 8px solid #F4F4F4;border-left: 8px solid transparent;transform: translateY(-4px) translateX(8px)\"><\/div>\n<\/div>\n<\/div>\n<div style=\"display: flex;flex-direction: column;flex-grow: 1;justify-content: center;margin-bottom: 24px\">\n<div style=\"background-color: #F4F4F4;border-radius: 4px;flex-grow: 0;height: 14px;margin-bottom: 6px;width: 224px\"><\/div>\n<div style=\"background-color: #F4F4F4;border-radius: 4px;flex-grow: 0;height: 14px;width: 144px\"><\/div>\n<\/div>\n<p><\/a><\/p>\n<p style=\"color:#c9c8cd;font-family:Arial,sans-serif;font-size:14px;line-height:17px;margin-bottom:0;margin-top:8px;overflow:hidden;padding:8px 0 7px;text-align:center;white-space:nowrap\"><a href=\"https:\/\/www.instagram.com\/p\/CN4b_wQnPrT\/?utm_source=ig_embed&amp;utm_campaign=loading\" style=\"color:#c9c8cd;font-family:Arial,sans-serif;font-size:14px;font-style:normal;font-weight:normal;line-height:17px;text-decoration:none\" target=\"_blank\">Une publication partag\u00e9e par Alice Pfeiffer (@alicepfeiffer)<\/a><\/p>\n<\/div>\n<\/blockquote>\n<div class=\"cookieconsent-optout-statistics cookieconsent-optout-marketing\"><\/div>\n<h2 class=\"wp-block-heading\">Un essai passionnant sur le moche<\/h2>\n<p class=\"wp-block-paragraph\">En 2021, la journaliste et auteure <strong>Alice Pfeiffer <\/strong>\u2013 qui lutte depuis longtemps dans ses articles contre l\u2019\u00e9litisme culturel et esth\u00e9tique \u2013 fait grand bruit en publiant un livre intitul\u00e9 <em><strong>Le go\u00fbt du moche<\/strong>. <\/em>Elle y revendique son amour pour<em> <\/em>\u201c<em>les trucs moches<\/em>\u201d, pour le <strong>kitsch<\/strong>, le vulgaire et le ringard, loin des belles choses \u2013 tr\u00e8s chic \u2013 arbor\u00e9es par de nombreux coll\u00e8gues issus de la presse mode. Ce manifeste du mauvais go\u00fbt trouve alors rapidement un \u00e9cho chez les amateurs de<strong> <a href=\"https:\/\/numero.com\/mode\/comment-crocs-est-devenue-une-marque-tendance-grace-aux-collaborations-mode\/\" target=\"_blank\" rel=\"noreferrer noopener\">Crocs<\/a>, <\/strong>de peluches monstrueuses, d\u2019imprim\u00e9s rigolos<strong> <\/strong>et de tubes de <strong>Jul<\/strong>.<\/p>\n<p class=\"wp-block-paragraph\">Dans un article r\u00e9cent \u00e9crit pour <em>Lib\u00e9ration<\/em>, elle revient sur cette <strong>esth\u00e9tique alternative<\/strong> devenue la norme avec la folie des <strong>Labubus<\/strong> et des <em>ugly shoes<\/em>. Elle explique : \u201c<em>Aujourd\u2019hui, le \u201cmoche\u201d est \u00e0 la mode \u2013 ce qui revient souvent \u00e0 dire : le go\u00fbt populaire d\u2019un pass\u00e9 d\u00e9sormais l\u00e9gitim\u00e9 par le temps. La tendance<strong> Y2K<\/strong>, revival des <strong>ann\u00e9es 2000<\/strong>, remet en circulation la <\/em>fast fashion<em> de l\u2019\u00e9poque : jeans taille basse, <\/em>crop tops<em>, strings apparents. Des r\u00e9seaux sociaux aux podiums, les Crocs deviennent des objets de luxe et \u00e0 talons, et les baskets Lidl se muent en <strong>snobisme<\/strong><\/em>.\u201d<\/p>\n<p class=\"wp-block-paragraph\"><em>Le go\u00fbt du moche (2021) d\u2019Alice Pfeiffer, disponible aux \u00e9ditions Flammarion.<\/em><\/p>\n<p class=\"wp-block-paragraph\">\n<\/p><\/div>\n<\/p><\/div>\n<div class=\"col-lg-3\">\n<div class=\"suggested-posts padding-top-s\">\n<div class=\"title\">Recommand\u00e9<\/div>\n<div class=\"post-card\">\n\t\t\t\t\t\t\t\t\t\t<a class=\"post-link d-flex\" href=\"https:\/\/numero.com\/culture\/musique\/comment-addison-rae-est-devenue-une-it-girl\/\"><\/p>\n<div class=\"container-img \">\n\t\t\t\t\t\t\t\t\t\t\t\t<img loading=\"lazy\" decoding=\"async\" width=\"640\" height=\"804\" src=\"\/\/www.w3.org\/2000\/svg&apos;%20viewBox=&apos;0%200%20640%20804&apos;%3E%3C\/svg%3E\" class=\"img-fluid\" alt=\"La chanteuse Addison Rae.\" data-lazy-src=\"https:\/\/numero.com\/wp-content\/uploads\/2025\/12\/addison-rae-1-768x965.jpg\"><img decoding=\"async\" width=\"640\" height=\"804\" src=\"https:\/\/numero.com\/wp-content\/uploads\/2025\/12\/addison-rae-1-768x965.jpg\" class=\"img-fluid\" alt=\"La chanteuse Addison Rae.\" loading=\"lazy\">\t\t\t\t\t\t\t\t\t\t\t\t<\/p>\n<p class=\"number\">3<\/p>\n<\/p><\/div>\n<div class=\"card-info d-flex\">\n<div>\n<p class=\"cat-title\">Musique<\/p>\n<h3 class=\"post-title\">Comment Addison Rae est devenue l\u2019une des pop stars les plus excitantes du moment<\/h3>\n<\/p><\/div>\n<p class=\"date\">\n\t\t\t\t\t\t\t\t\t\t\t\t\t3 juin 2026\t\t\t\t\t\t\t\t\t\t\t\t<\/p>\n<\/p><\/div>\n<p>\t\t\t\t\t\t\t\t\t\t<\/a>\n\t\t\t\t\t\t\t\t\t<\/div>\n<div class=\"post-card\">\n\t\t\t\t\t\t\t\t\t\t<a class=\"post-link d-flex\" href=\"https:\/\/numero.com\/culture\/musique\/les-films-et-documentaires-sur-la-musique\/\"><\/p>\n<div class=\"container-img \">\n\t\t\t\t\t\t\t\t\t\t\t\t<img loading=\"lazy\" decoding=\"async\" width=\"640\" height=\"804\" src=\"\/\/www.w3.org\/2000\/svg&apos;%20viewBox=&apos;0%200%20640%20804&apos;%3E%3C\/svg%3E\" class=\"img-fluid\" alt=\"Jeff Buckley dans le documentaire It\u2019s Never Over, Jeff Buckley.\" data-lazy-src=\"https:\/\/numero.com\/wp-content\/uploads\/2025\/10\/jeff-buckley-documentaire-768x965.jpg\"><img decoding=\"async\" width=\"640\" height=\"804\" src=\"https:\/\/numero.com\/wp-content\/uploads\/2025\/10\/jeff-buckley-documentaire-768x965.jpg\" class=\"img-fluid\" alt=\"Jeff Buckley dans le documentaire It\u2019s Never Over, Jeff Buckley.\" loading=\"lazy\">\t\t\t\t\t\t\t\t\t\t\t\t<\/p>\n<p class=\"number\">31<\/p>\n<\/p><\/div>\n<div class=\"card-info d-flex\">\n<div>\n<p class=\"cat-title\">Musique<\/p>\n<h3 class=\"post-title\">Quels sont les films r\u00e9cents sur la musique \u00e0 voir en 2026 ?<\/h3>\n<\/p><\/div>\n<p class=\"date\">\n\t\t\t\t\t\t\t\t\t\t\t\t\t31 ao\u00fbt 2026\t\t\t\t\t\t\t\t\t\t\t\t<\/p>\n<\/p><\/div>\n<p>\t\t\t\t\t\t\t\t\t\t<\/a>\n\t\t\t\t\t\t\t\t\t<\/div>\n<div class=\"post-card\">\n\t\t\t\t\t\t\t\t\t\t<a class=\"post-link d-flex\" href=\"https:\/\/numero.com\/culture\/cinema\/spring-breakers-harmony-korine\/\"><\/p>\n<div class=\"container-img \">\n\t\t\t\t\t\t\t\t\t\t\t\t<img loading=\"lazy\" decoding=\"async\" width=\"640\" height=\"804\" src=\"\/\/www.w3.org\/2000\/svg&apos;%20viewBox=&apos;0%200%20640%20804&apos;%3E%3C\/svg%3E\" class=\"img-fluid\" alt=\"Le flim Spring Breakers (2012) de Harmony Korine avec Vanessa Hudgens et James Franco.\" data-lazy-src=\"https:\/\/numero.com\/wp-content\/uploads\/2025\/06\/thumb-springbreakers-numero-magazine-768x965.jpg\"><img decoding=\"async\" width=\"640\" height=\"804\" src=\"https:\/\/numero.com\/wp-content\/uploads\/2025\/06\/thumb-springbreakers-numero-magazine-768x965.jpg\" class=\"img-fluid\" alt=\"Le flim Spring Breakers (2012) de Harmony Korine avec Vanessa Hudgens et James Franco.\" loading=\"lazy\">\t\t\t\t\t\t\t\t\t\t\t\t<\/p>\n<p class=\"number\">7<\/p>\n<\/p><\/div>\n<div class=\"card-info d-flex\">\n<div>\n<p class=\"cat-title\">Cin\u00e9ma<\/p>\n<h3 class=\"post-title\">Spring Breakers : le retour d\u2019un film sulfureux qui a influenc\u00e9 la pop culture<\/h3>\n<\/p><\/div>\n<p class=\"date\">\n\t\t\t\t\t\t\t\t\t\t\t\t\t7 ao\u00fbt 2026\t\t\t\t\t\t\t\t\t\t\t\t<\/p>\n<\/p><\/div>\n<p>\t\t\t\t\t\t\t\t\t\t<\/a>\n\t\t\t\t\t\t\t\t\t<\/div>\n<div class=\"post-card\">\n\t\t\t\t\t\t\t\t\t\t<a class=\"post-link d-flex\" href=\"https:\/\/numero.com\/culture\/musique\/tate-mcrae-interview-greedy-exes\/\"><\/p>\n<div class=\"container-img \">\n\t\t\t\t\t\t\t\t\t\t\t\t<img loading=\"lazy\" decoding=\"async\" width=\"640\" height=\"804\" src=\"\/\/www.w3.org\/2000\/svg&apos;%20viewBox=&apos;0%200%20640%20804&apos;%3E%3C\/svg%3E\" class=\"img-fluid\" alt data-lazy-src=\"https:\/\/numero.com\/wp-content\/uploads\/2025\/11\/thumb-tate-mc-rae-musique-interview-mode-calvin-klein-egerie-768x965.jpg\"><img decoding=\"async\" width=\"640\" height=\"804\" src=\"https:\/\/numero.com\/wp-content\/uploads\/2025\/11\/thumb-tate-mc-rae-musique-interview-mode-calvin-klein-egerie-768x965.jpg\" class=\"img-fluid\" alt loading=\"lazy\">\t\t\t\t\t\t\t\t\t\t\t\t<\/p>\n<p class=\"number\">28<\/p>\n<\/p><\/div>\n<div class=\"card-info d-flex\">\n<div>\n<p class=\"cat-title\">Musique<\/p>\n<h3 class=\"post-title\">Rencontre avec Tate McRae, l\u2019une des grandes pop stars du moment<\/h3>\n<\/p><\/div>\n<p class=\"date\">\n\t\t\t\t\t\t\t\t\t\t\t\t\t28 ao\u00fbt 2026\t\t\t\t\t\t\t\t\t\t\t\t<\/p>\n<\/p><\/div>\n<p>\t\t\t\t\t\t\t\t\t\t<\/a>\n\t\t\t\t\t\t\t\t\t<\/div>\n<\/p><\/div>\n<\/p><\/div>\n<\/p><\/div>\n<div class=\"padding-top-s\">\n<div class=\"ad banner desktop\">\n<div class=\"container\">\n<div class=\"row\">\n            <!-- \/21730003857\/numero-ad-unit\/numero-banner-1 --><\/p>\n<div class=\"ad-responsive\">\n<div id=\"div-gpt-ad-1773673267712-0\" class=\"ads-pub\">\n<p>                        googletag.cmd.push(function () {<br \/>\n                            googletag.display(&#8216;div-gpt-ad-1773673267712-0&#8217;);<br \/>\n                        });<\/p><\/div>\n<\/p><\/div>\n<\/p><\/div>\n<\/p><\/div>\n<\/div><\/div>\n<\/p><\/div>\n<\/section>\n<p>        <button class=\"btn-newsletter btn-outline-white my-5\" id=\"open-modal-newsletter\">Inscrivez-vous \u00e0 la newsletter<\/button>\t\t<\/p>\n<section class=\"related-posts post-list padding-top-m padding-bottom-s\">\n<div class=\"container\">\n<h2 class=\"title mx-auto\">\u00c0 lire aussi<\/h2>\n<div class=\"row\">\n<div class=\"col-lg-3\">\n<div class=\"post-card desktop\">\n\t\t\t\t\t\t\t\t\t\t<a class=\"post-link\" href=\"https:\/\/numero.com\/culture\/musique\/prince-albums-chansons\/\"><\/p>\n<div class=\"container-img\">\n<p>                                                <img decoding=\"async\" src=\"\/\/www.w3.org\/2000\/svg&apos;%20viewBox=&apos;0%200%200%200&apos;%3E%3C\/svg%3E\" alt=\"Prince en concert durant le Purple Rain Tour, le 4 novembre 1984, \u00e0 la Joe Louis Arena \u00e0 Detroit, dans le Michigan. \u00a9 Ross Marino\/Getty Images.\" data-lazy-src=\"https:\/\/numero.com\/wp-content\/uploads\/2016\/04\/prince-stranger-things3.jpg\"><img decoding=\"async\" src=\"https:\/\/numero.com\/wp-content\/uploads\/2016\/04\/prince-stranger-things3.jpg\" alt=\"Prince en concert durant le Purple Rain Tour, le 4 novembre 1984, \u00e0 la Joe Louis Arena \u00e0 Detroit, dans le Michigan. \u00a9 Ross Marino\/Getty Images.\"><\/p>\n<div class=\"number\">02<\/div>\n<\/p><\/div>\n<div class=\"card-info\">\n<div class=\"meta d-flex justify-content-between\">\n<p class=\"cat-title\">Musique<\/p>\n<p class=\"date\">\n\t\t\t\t\t\t\t\t\t\t\t\t\t\t2 sept 2026\t\t\t\t\t\t\t\t\t\t\t\t\t<\/p>\n<\/p><\/div>\n<div class=\"post-title\">Red\u00e9couvert gr\u00e2ce \u00e0 Stranger Things par la Gen Z, Prince ressuscite avec un disque de raret\u00e9s<\/div>\n<\/p><\/div>\n<p>\t\t\t\t\t\t\t\t\t\t<\/a>\n\t\t\t\t\t\t\t\t\t<\/div>\n<div class=\"post-card mobile\">\n\t\t\t\t\t\t\t\t\t\t<a class=\"post-link d-flex\" href=\"https:\/\/numero.com\/culture\/musique\/prince-albums-chansons\/\"><\/p>\n<div class=\"container-img\">\n\t\t\t\t\t\t\t\t\t\t\t\t<img loading=\"lazy\" decoding=\"async\" width=\"640\" height=\"804\" src=\"\/\/www.w3.org\/2000\/svg&apos;%20viewBox=&apos;0%200%20640%20804&apos;%3E%3C\/svg%3E\" class=\"img-fluid\" alt=\"Prince en concert durant le Purple Rain Tour, le 4 novembre 1984, \u00e0 la Joe Louis Arena \u00e0 Detroit, dans le Michigan. \u00a9 Ross Marino\/Getty Images.\" data-lazy-src=\"https:\/\/numero.com\/wp-content\/uploads\/2016\/04\/prince-stranger-things3-768x965.jpg\"><img decoding=\"async\" width=\"640\" height=\"804\" src=\"https:\/\/numero.com\/wp-content\/uploads\/2016\/04\/prince-stranger-things3-768x965.jpg\" class=\"img-fluid\" alt=\"Prince en concert durant le Purple Rain Tour, le 4 novembre 1984, \u00e0 la Joe Louis Arena \u00e0 Detroit, dans le Michigan. \u00a9 Ross Marino\/Getty Images.\" loading=\"lazy\">\t\t\t\t\t\t\t\t\t\t\t\t<\/p>\n<div class=\"number\">02<\/div>\n<\/p><\/div>\n<div class=\"card-info d-flex\">\n<div>\n<p class=\"cat-title\">Musique<\/p>\n<h3 class=\"post-title\">Red\u00e9couvert gr\u00e2ce \u00e0 Stranger Things par la Gen Z, Prince ressuscite avec un disque de raret\u00e9s<\/h3>\n<\/p><\/div>\n<p class=\"date\">\n\t\t\t\t\t\t\t\t\t\t\t\t\t2 sept 2026\t\t\t\t\t\t\t\t\t\t\t\t<\/p>\n<\/p><\/div>\n<p>\t\t\t\t\t\t\t\t\t\t<\/a>\n\t\t\t\t\t\t\t\t\t<\/div>\n<\/p><\/div>\n<div class=\"col-lg-3\">\n<div class=\"post-card desktop\">\n\t\t\t\t\t\t\t\t\t\t<a class=\"post-link\" href=\"https:\/\/numero.com\/culture\/musique\/miley-cyrus-bass-persuades\/\"><\/p>\n<div class=\"container-img\">\n<p>                                                <img decoding=\"async\" src=\"\/\/www.w3.org\/2000\/svg&apos;%20viewBox=&apos;0%200%200%200&apos;%3E%3C\/svg%3E\" alt=\"La chanteuse Miley Cyrus.\" data-lazy-src=\"https:\/\/numero.com\/wp-content\/uploads\/2026\/09\/miley-cyrus2.jpg\"><img decoding=\"async\" src=\"https:\/\/numero.com\/wp-content\/uploads\/2026\/09\/miley-cyrus2.jpg\" alt=\"La chanteuse Miley Cyrus.\"><\/p>\n<div class=\"number\">02<\/div>\n<\/p><\/div>\n<div class=\"card-info\">\n<div class=\"meta d-flex justify-content-between\">\n<p class=\"cat-title\">Musique<\/p>\n<p class=\"date\">\n\t\t\t\t\t\t\t\t\t\t\t\t\t\t2 sept 2026\t\t\t\t\t\t\t\t\t\t\t\t\t<\/p>\n<\/p><\/div>\n<div class=\"post-title\">Miley Cyrus va de nouveau se m\u00e9tamorphoser en rock star sur son nouvel album<\/div>\n<\/p><\/div>\n<p>\t\t\t\t\t\t\t\t\t\t<\/a>\n\t\t\t\t\t\t\t\t\t<\/div>\n<div class=\"post-card mobile\">\n\t\t\t\t\t\t\t\t\t\t<a class=\"post-link d-flex\" href=\"https:\/\/numero.com\/culture\/musique\/miley-cyrus-bass-persuades\/\"><\/p>\n<div class=\"container-img\">\n\t\t\t\t\t\t\t\t\t\t\t\t<img loading=\"lazy\" decoding=\"async\" width=\"640\" height=\"804\" src=\"\/\/www.w3.org\/2000\/svg&apos;%20viewBox=&apos;0%200%20640%20804&apos;%3E%3C\/svg%3E\" class=\"img-fluid\" alt=\"La chanteuse Miley Cyrus.\" data-lazy-src=\"https:\/\/numero.com\/wp-content\/uploads\/2026\/09\/miley-cyrus2-768x965.jpg\"><img decoding=\"async\" width=\"640\" height=\"804\" src=\"https:\/\/numero.com\/wp-content\/uploads\/2026\/09\/miley-cyrus2-768x965.jpg\" class=\"img-fluid\" alt=\"La chanteuse Miley Cyrus.\" loading=\"lazy\">\t\t\t\t\t\t\t\t\t\t\t\t<\/p>\n<div class=\"number\">02<\/div>\n<\/p><\/div>\n<div class=\"card-info d-flex\">\n<div>\n<p class=\"cat-title\">Musique<\/p>\n<h3 class=\"post-title\">Miley Cyrus va de nouveau se m\u00e9tamorphoser en rock star sur son nouvel album<\/h3>\n<\/p><\/div>\n<p class=\"date\">\n\t\t\t\t\t\t\t\t\t\t\t\t\t2 sept 2026\t\t\t\t\t\t\t\t\t\t\t\t<\/p>\n<\/p><\/div>\n<p>\t\t\t\t\t\t\t\t\t\t<\/a>\n\t\t\t\t\t\t\t\t\t<\/div>\n<\/p><\/div>\n<div class=\"col-lg-3\">\n<div class=\"post-card desktop\">\n\t\t\t\t\t\t\t\t\t\t<a class=\"post-link\" href=\"https:\/\/numero.com\/culture\/musique\/celine-dion-retour-concerts-paris\/\"><\/p>\n<div class=\"container-img\">\n<p>                                                <img decoding=\"async\" src=\"\/\/www.w3.org\/2000\/svg&apos;%20viewBox=&apos;0%200%200%200&apos;%3E%3C\/svg%3E\" alt=\"C\u00e9line Dion au Caesars Palace, le 8 octobre 2016 \u00e0 Las Vegas. \u00a9 Denise Truscello\/WireImage.\" data-lazy-src=\"https:\/\/numero.com\/wp-content\/uploads\/2026\/03\/Celine-Dion-22.jpg\"><img decoding=\"async\" src=\"https:\/\/numero.com\/wp-content\/uploads\/2026\/03\/Celine-Dion-22.jpg\" alt=\"C\u00e9line Dion au Caesars Palace, le 8 octobre 2016 \u00e0 Las Vegas. \u00a9 Denise Truscello\/WireImage.\"><\/p>\n<div class=\"number\">01<\/div>\n<\/p><\/div>\n<div class=\"card-info\">\n<div class=\"meta d-flex justify-content-between\">\n<p class=\"cat-title\">Musique<\/p>\n<p class=\"date\">\n\t\t\t\t\t\t\t\t\t\t\t\t\t\t1 sept 2026\t\t\t\t\t\t\t\t\t\t\t\t\t<\/p>\n<\/p><\/div>\n<div class=\"post-title\">Pourquoi le comeback de C\u00e9line Dion nous \u00e9meut autant<\/div>\n<\/p><\/div>\n<p>\t\t\t\t\t\t\t\t\t\t<\/a>\n\t\t\t\t\t\t\t\t\t<\/div>\n<div class=\"post-card mobile\">\n\t\t\t\t\t\t\t\t\t\t<a class=\"post-link d-flex\" href=\"https:\/\/numero.com\/culture\/musique\/celine-dion-retour-concerts-paris\/\"><\/p>\n<div class=\"container-img\">\n\t\t\t\t\t\t\t\t\t\t\t\t<img loading=\"lazy\" decoding=\"async\" width=\"640\" height=\"804\" src=\"\/\/www.w3.org\/2000\/svg&apos;%20viewBox=&apos;0%200%20640%20804&apos;%3E%3C\/svg%3E\" class=\"img-fluid\" alt=\"C\u00e9line Dion au Caesars Palace, le 8 octobre 2016 \u00e0 Las Vegas. \u00a9 Denise Truscello\/WireImage.\" data-lazy-src=\"https:\/\/numero.com\/wp-content\/uploads\/2026\/03\/Celine-Dion-22-768x965.jpg\"><img decoding=\"async\" width=\"640\" height=\"804\" src=\"https:\/\/numero.com\/wp-content\/uploads\/2026\/03\/Celine-Dion-22-768x965.jpg\" class=\"img-fluid\" alt=\"C\u00e9line Dion au Caesars Palace, le 8 octobre 2016 \u00e0 Las Vegas. \u00a9 Denise Truscello\/WireImage.\" loading=\"lazy\">\t\t\t\t\t\t\t\t\t\t\t\t<\/p>\n<div class=\"number\">01<\/div>\n<\/p><\/div>\n<div class=\"card-info d-flex\">\n<div>\n<p class=\"cat-title\">Musique<\/p>\n<h3 class=\"post-title\">Pourquoi le comeback de C\u00e9line Dion nous \u00e9meut autant<\/h3>\n<\/p><\/div>\n<p class=\"date\">\n\t\t\t\t\t\t\t\t\t\t\t\t\t1 sept 2026\t\t\t\t\t\t\t\t\t\t\t\t<\/p>\n<\/p><\/div>\n<p>\t\t\t\t\t\t\t\t\t\t<\/a>\n\t\t\t\t\t\t\t\t\t<\/div>\n<\/p><\/div>\n<div class=\"col-lg-3\">\n<div class=\"post-card desktop\">\n\t\t\t\t\t\t\t\t\t\t<a class=\"post-link\" href=\"https:\/\/numero.com\/culture\/musique\/hole-coutney-love-groupe\/\"><\/p>\n<div class=\"container-img\">\n<p>                                                <img decoding=\"async\" src=\"\/\/www.w3.org\/2000\/svg&apos;%20viewBox=&apos;0%200%200%200&apos;%3E%3C\/svg%3E\" alt=\"Le groupe Hole.\" data-lazy-src=\"https:\/\/numero.com\/wp-content\/uploads\/2026\/07\/hole-groupe1.jpg\"><img decoding=\"async\" src=\"https:\/\/numero.com\/wp-content\/uploads\/2026\/07\/hole-groupe1.jpg\" alt=\"Le groupe Hole.\"><\/p>\n<div class=\"number\">01<\/div>\n<\/p><\/div>\n<div class=\"card-info\">\n<div class=\"meta d-flex justify-content-between\">\n<p class=\"cat-title\">Musique<\/p>\n<p class=\"date\">\n\t\t\t\t\t\t\t\t\t\t\t\t\t\t1 sept 2026\t\t\t\t\t\t\t\t\t\t\t\t\t<\/p>\n<\/p><\/div>\n<div class=\"post-title\">Hole : pourquoi il faut r\u00e9\u00e9couter le groupe de Courtney Love bient\u00f4t r\u00e9\u00e9dit\u00e9 en vinyle<\/div>\n<\/p><\/div>\n<p>\t\t\t\t\t\t\t\t\t\t<\/a>\n\t\t\t\t\t\t\t\t\t<\/div>\n<div class=\"post-card mobile\">\n\t\t\t\t\t\t\t\t\t\t<a class=\"post-link d-flex\" href=\"https:\/\/numero.com\/culture\/musique\/hole-coutney-love-groupe\/\"><\/p>\n<div class=\"container-img\">\n\t\t\t\t\t\t\t\t\t\t\t\t<img loading=\"lazy\" decoding=\"async\" width=\"640\" height=\"804\" src=\"\/\/www.w3.org\/2000\/svg&apos;%20viewBox=&apos;0%200%20640%20804&apos;%3E%3C\/svg%3E\" class=\"img-fluid\" alt=\"Le groupe Hole.\" data-lazy-src=\"https:\/\/numero.com\/wp-content\/uploads\/2026\/07\/hole-groupe1-768x965.jpg\"><img decoding=\"async\" width=\"640\" height=\"804\" src=\"https:\/\/numero.com\/wp-content\/uploads\/2026\/07\/hole-groupe1-768x965.jpg\" class=\"img-fluid\" alt=\"Le groupe Hole.\" loading=\"lazy\">\t\t\t\t\t\t\t\t\t\t\t\t<\/p>\n<div class=\"number\">01<\/div>\n<\/p><\/div>\n<div class=\"card-info d-flex\">\n<div>\n<p class=\"cat-title\">Musique<\/p>\n<h3 class=\"post-title\">Hole : pourquoi il faut r\u00e9\u00e9couter le groupe de Courtney Love bient\u00f4t r\u00e9\u00e9dit\u00e9 en vinyle<\/h3>\n<\/p><\/div>\n<p class=\"date\">\n\t\t\t\t\t\t\t\t\t\t\t\t\t1 sept 2026\t\t\t\t\t\t\t\t\t\t\t\t<\/p>\n<\/p><\/div>\n<p>\t\t\t\t\t\t\t\t\t\t<\/a>\n\t\t\t\t\t\t\t\t\t<\/div>\n<\/p><\/div>\n<\/p><\/div>\n<\/p><\/div>\n<\/section>\n<div class=\"padding-bottom-s\">\n<div class=\"ad banner desktop\">\n<div class=\"container\">\n<div class=\"row\">\n            <!-- \/21730003857\/numero-ad-unit\/numero-banner-1 --><\/p>\n<div class=\"ad-responsive\">\n<div id=\"div-gpt-ad-1773673267712-0\" class=\"ads-pub\">\n<p>                        googletag.cmd.push(function () {<br \/>\n                            googletag.display(&#8216;div-gpt-ad-1773673267712-0&#8217;);<br \/>\n                        });<\/p><\/div>\n<\/p><\/div>\n<\/p><\/div>\n<\/p><\/div>\n<\/div><\/div>\n<\/p><\/div>\n","protected":false},"excerpt":{"rendered":"<p>2 2 googletag.cmd.push(function () { googletag.display(&#8216;div-gpt-ad-1773673590069-0&#8217;); }); Lien copi\u00e9 Culture 2 sept 2026 3 livres pour en finir avec la tyrannie du bon go\u00fbt Alors que les Labubus, les Crocs et les tubes de Jul gagnent du terrain, il est temps d\u2019en finir d\u00e9finitivement avec la tyrannie du bon go\u00fbt. On peut, pour peaufiner ses [&hellip;]<\/p>\n","protected":false},"author":1,"featured_media":0,"comment_status":"open","ping_status":"","sticky":false,"template":"","format":"standard","meta":{"footnotes":""},"categories":[1],"tags":[226,258],"class_list":["post-2124675","post","type-post","status-publish","format-standard","hentry","category-uncategorized","tag-crawlmanager","tag-numero-com"],"_links":{"self":[{"href":"https:\/\/analyse.optim.biz\/index.php?rest_route=\/wp\/v2\/posts\/2124675","targetHints":{"allow":["GET"]}}],"collection":[{"href":"https:\/\/analyse.optim.biz\/index.php?rest_route=\/wp\/v2\/posts"}],"about":[{"href":"https:\/\/analyse.optim.biz\/index.php?rest_route=\/wp\/v2\/types\/post"}],"author":[{"embeddable":true,"href":"https:\/\/analyse.optim.biz\/index.php?rest_route=\/wp\/v2\/users\/1"}],"replies":[{"embeddable":true,"href":"https:\/\/analyse.optim.biz\/index.php?rest_route=%2Fwp%2Fv2%2Fcomments&post=2124675"}],"version-history":[{"count":0,"href":"https:\/\/analyse.optim.biz\/index.php?rest_route=\/wp\/v2\/posts\/2124675\/revisions"}],"wp:attachment":[{"href":"https:\/\/analyse.optim.biz\/index.php?rest_route=%2Fwp%2Fv2%2Fmedia&parent=2124675"}],"wp:term":[{"taxonomy":"category","embeddable":true,"href":"https:\/\/analyse.optim.biz\/index.php?rest_route=%2Fwp%2Fv2%2Fcategories&post=2124675"},{"taxonomy":"post_tag","embeddable":true,"href":"https:\/\/analyse.optim.biz\/index.php?rest_route=%2Fwp%2Fv2%2Ftags&post=2124675"}],"curies":[{"name":"wp","href":"https:\/\/api.w.org\/{rel}","templated":true}]}}