{"id":2124674,"date":"2026-09-02T00:00:00","date_gmt":"2026-09-01T21:00:00","guid":{"rendered":"https:\/\/analyse.optim.biz\/?p=2124674"},"modified":"2026-09-02T00:00:00","modified_gmt":"2026-09-01T21:00:00","slug":"heart-of-the-beast-que-nous-reserve-le-film-de-survie-avec-brad-pitt","status":"publish","type":"post","link":"https:\/\/analyse.optim.biz\/?p=2124674","title":{"rendered":"Heart of the Beast : que nous r\u00e9serve le film de survie avec Brad Pitt ?"},"content":{"rendered":"<div class=\"entry-content\">\n<section class=\"single-header padding-top-s\">\n<div class=\"container\">\n<div class=\"row justify-content-between\">\n<div class=\"col-lg-9 col-xl-8\">\n<div class=\"video-container\">\n\t\t\t\t\t\t\t\t\t\t\t\t\t<\/div>\n<div class=\"container-img desktop\">\n                                <img loading=\"lazy\" decoding=\"async\" width=\"1000\" height=\"667\" src=\"https:\/\/numero.com\/wp-content\/uploads\/2026\/09\/push-brad-pitt-.jpg\" class=\"img-fluid\" alt=\"James Belmont (Brad Pitt) et Odin dans Heart of the Beast (2026) \u00a9\u00a0Paramount Pictures.\">\t\t\t\t\t\t\t\t<\/p>\n<p class=\"number big\">2<\/p>\n<\/p><\/div>\n<div class=\"container-img mobile\">\n                                <img loading=\"lazy\" decoding=\"async\" width=\"1300\" height=\"1634\" src=\"\/\/www.w3.org\/2000\/svg&apos;%20viewBox=&apos;0%200%201300%201634&apos;%3E%3C\/svg%3E\" class=\"img-fluid\" alt=\"James Belmont (Brad Pitt) et Odin dans Heart of the Beast (2026) \u00a9\u00a0Paramount Pictures.\" data-lazy-src=\"https:\/\/numero.com\/wp-content\/uploads\/2026\/09\/thumb-brad-pitt-heart-off-the-beast-.jpg\"><img decoding=\"async\" width=\"1300\" height=\"1634\" src=\"https:\/\/numero.com\/wp-content\/uploads\/2026\/09\/thumb-brad-pitt-heart-off-the-beast-.jpg\" class=\"img-fluid\" alt=\"James Belmont (Brad Pitt) et Odin dans Heart of the Beast (2026) \u00a9\u00a0Paramount Pictures.\" loading=\"lazy\">\t\t\t\t\t\t\t\t<\/p>\n<p class=\"number big\">2<\/p>\n<\/p><\/div>\n<\/p><\/div>\n<div class=\"col col-lg-3 col-xl-4 desktop\">\n<div class=\"ad grand-angle desktop\">\n    <!-- \/21730003857\/numero-ad-unit\/numero-grand-angle --><\/p>\n<div class=\"ad-responsive\">\n<div id=\"div-gpt-ad-1773673590069-0\" class=\"ads-pub px-0\">\n<p>                googletag.cmd.push(function () {<br \/>\n                    googletag.display(&#8216;div-gpt-ad-1773673590069-0&#8217;);<br \/>\n                });<\/p><\/div>\n<\/p><\/div>\n<\/div><\/div>\n<\/p><\/div>\n<\/p><\/div>\n<\/section>\n<section class=\"post-content\">\n<div class=\"container\">\n<div class=\"row g-0 justify-content-between\">\n<div class=\"col-lg-9 col-xl-8 padding-top-s\">\n<p class=\"share-widget\" id=\"share-widget\"><img decoding=\"async\" src=\"\/\/www.w3.org\/2000\/svg&apos;%20viewBox=&apos;0%200%200%200&apos;%3E%3C\/svg%3E\" alt=\"share-widget\" data-lazy-src=\"https:\/\/numero.com\/wp-content\/themes\/understrap-child-main\/src\/public\/images\/share.svg\"><\/p>\n<p><img decoding=\"async\" src=\"https:\/\/numero.com\/wp-content\/themes\/understrap-child-main\/src\/public\/images\/share.svg\" alt=\"share-widget\"><\/p>\n<div class=\"share-icons\" id=\"share-icons\">\n<p class=\"copy-link\"><img decoding=\"async\" src=\"\/\/www.w3.org\/2000\/svg&apos;%20viewBox=&apos;0%200%200%200&apos;%3E%3C\/svg%3E\" alt=\"copy-link\" data-lazy-src=\"https:\/\/numero.com\/wp-content\/themes\/understrap-child-main\/src\/public\/images\/copy-link.svg\"><\/p>\n<p><img decoding=\"async\" src=\"https:\/\/numero.com\/wp-content\/themes\/understrap-child-main\/src\/public\/images\/copy-link.svg\" alt=\"copy-link\"><br \/>\n\t\t\t\t\t\t\t<a href=\"https:\/\/www.facebook.com\/sharer\/sharer.php?u=https:\/\/numero.com\/culture\/cinema\/heart-of-the-beast-brad-pitt\/\" class=\"facebook\" target=\"_blank\" rel=\"noopener\"><img decoding=\"async\" src=\"https:\/\/numero.com\/wp-content\/themes\/understrap-child-main\/src\/public\/images\/facebook.svg\" alt=\"facebook\"><\/a><br \/>\n\t\t\t\t\t\t\t<a href=\"https:\/\/twitter.com\/share?url=https:\/\/numero.com\/culture\/cinema\/heart-of-the-beast-brad-pitt\/\" class=\"twitter\" target=\"_blank\" rel=\"noopener\"><img decoding=\"async\" src=\"https:\/\/numero.com\/wp-content\/themes\/understrap-child-main\/src\/public\/images\/twitter.svg\" alt=\"twitter\"><\/a>\n\t\t\t\t\t\t<\/div>\n<p>\t\t\t\t\t\t<span class id=\"custom-tooltip\" style=\"display:none\">Lien copi\u00e9<\/span><\/p>\n<div class=\"col-lg-10\">\n<div class=\"meta d-flex justify-content-between align-items-center\">\n<div class=\"cat\">\n\t\t\t\t\t\t\t\t\t<a class=\"cat-title\" href=\"https:\/\/numero.com\/category\/culture\/cinema\/\">Cin\u00e9ma<\/a>\t\t\t\t\t\t\t\t<\/div>\n<p class=\"date\">\n\t\t\t\t\t\t\t\t\t2 sept 2026\t\t\t\t\t\t\t\t<\/p>\n<\/p><\/div>\n<h1>Heart of the Beast : que nous r\u00e9serve le film de survie avec Brad Pitt ?<\/h1>\n<div class=\"introduction\">\n<p>Alors que <em>The Dog Stars<\/em>, port\u00e9 par Jacob Elordi, est en salles depuis la fin du mois d\u2019ao\u00fbt 2026, un autre film mettant en sc\u00e8ne un duo homme-chien s\u2019appr\u00eate \u00e0 d\u00e9barquer au cin\u00e9ma le 23 septembre 2026 : <em>Heart of the Beast<\/em>, r\u00e9alis\u00e9 par David Ayer. Brad Pitt tient le premier r\u00f4le (ou plut\u00f4t le second) face \u00e0 son partenaire canin \u00e0 l\u2019\u00e9cran.<\/p>\n<\/div>\n<li class=\"credits d-flex\">\n<p>\n\t\t\t\t\t\t\t\t\t\t\tpar\t\t\t\t\t\t\t\t\t\t\t\t\t\t\t\t\t\t\t\t\t\t\t<a href=\"https:\/\/numero.com\/contributor\/ambra-flora\/\">Ambra Flora<\/a>.\t\t\t\t\t\t\t\t\t\t\t\t\t\t\t\t\t\t\t\t\t<\/p>\n<\/li>\n<div id=\"ads03\" class=\"mobile padding-bottom-s\">\n<div class=\"ad-wrapper\">\n\t\t\t\t\t\t\t\t\t<!-- \/21730003857\/numero-ad-unit\/numero-interscroller --><\/p>\n<div class=\"ad ad-responsive interscroller-slot\">\n<div id=\"div-gpt-ad-1773673675628-0\" class=\"ads-pub\">\n<p>            googletag.cmd.push(function () {<br \/>\n                googletag.display(&#8216;div-gpt-ad-1773673675628-0&#8217;);<br \/>\n            });<\/p><\/div>\n<\/div><\/div>\n<\/p><\/div>\n<p>\t\t\t\t\t\t\t&lt;!&#8211; <\/p>\n<div class=\"padding-bottom-s\">\n\t\t\t\t\t\t\t\t\t\t\t\t\t\t\t<\/div>\n<p> &#8211;&gt;<\/p>\n<figure class=\"wp-block-embed is-type-video is-provider-youtube wp-block-embed-youtube wp-embed-aspect-16-9 wp-has-aspect-ratio\">\n<div class=\"wp-block-embed__wrapper\">\n<div class=\"cookieconsent-optout-statistics cookieconsent-optout-marketing\"><\/div>\n<\/div>\n<\/figure>\n<h2 class=\"wp-block-heading\">Brad Pitt et un chien paum\u00e9s en Alaska<\/h2>\n<p class=\"wp-block-paragraph\">Le<strong> <\/strong>chien est le meilleur ami de l\u2019homme, et ce n\u2019est pas le septi\u00e8me art qui va dire le contraire. R\u00e9cemment, dans <em>Supergirl<\/em> (2026) de Craig Gillespie, l\u2019intrigue tournait autour du sauvetage de Krypto, le chien de l\u2019h\u00e9ro\u00efne. Mais avant cela, le cin\u00e9ma a offert bien d\u2019autres grandes histoires d\u2019amiti\u00e9 entre un homme et son chien : <em>Turner et Hooch<\/em> (2002) avec Tom Hanks, <em>Hatchi<\/em> (2009) avec <strong>Richard Gere<\/strong>, <em>L\u2019Appel de la for\u00eat<\/em> (2020) avec Harrison Ford, <em>Croc-Blanc<\/em> (1991), <em>Belle et S\u00e9bastien<\/em> (2013), ou encore <em>Je suis une l\u00e9gende<\/em> (2007), dans lequel <strong>Will Smith <\/strong>survit dans un New York d\u00e9sert en compagnie de sa chienne Samantha. On se souvient aussi du beagle offert par la d\u00e9funte femme du h\u00e9ros (incarn\u00e9 par <strong>Keanu Reeves<\/strong>) de la saga <em><strong>John Wick<\/strong><\/em> \u00e0 son mari.<\/p>\n<p class=\"wp-block-paragraph\">Sorti il y a quelques jours au cin\u00e9ma, <em><strong><a href=\"https:\/\/numero.com\/culture\/cinema\/the-dog-stars-jacob-elordi-ridley-scott\/\" id=\"https:\/\/numero.com\/culture\/cinema\/the-dog-stars-jacob-elordi-ridley-scott\/\" target=\"_blank\" rel=\"noreferrer noopener\">The Dog Stars<\/a><\/strong><\/em>, adapt\u00e9 d\u2019un roman de Peter Heller par Ridley Scott, met en sc\u00e8ne <a href=\"https:\/\/numero.com\/culture\/cinema\/les-projets-prometteurs-de-jacob-elordi\/\" id=\"https:\/\/numero.com\/culture\/cinema\/les-projets-prometteurs-de-jacob-elordi\/\" target=\"_blank\" rel=\"noreferrer noopener\"><strong>Jacob Elord<\/strong>i<\/a> en pilote qui a surv\u00e9cu \u00e0 une pand\u00e9mie ayant an\u00e9anti presque toute l\u2019humanit\u00e9, avec pour seul compagnon son chien\u2026 Dans la m\u00eame lign\u00e9e, <strong><em>Heart of the Beast<\/em><\/strong>,<strong> <\/strong>r\u00e9alis\u00e9 par David Ayer (<em>Fury<\/em>, <em>Suicide Squad<\/em>, <em>The Beekeeper<\/em>), imagine <strong><a href=\"https:\/\/numero.com\/portrait\/brad-pitt\/\" id=\"690559\" target=\"_blank\" rel=\"noreferrer noopener\">Brad Pitt<\/a><\/strong> dans un r\u00f4le perdu en Alaska avec un compagnon \u00e0 quatre pattes.<\/p>\n<figure data-wp-context=\"{&quot;imageId&quot;:&quot;6a9850f76bcf7&quot;}\" data-wp-interactive=\"core\/image\" data-wp-key=\"6a9850f76bcf7\" class=\"wp-block-image size-full wp-lightbox-container\"><img loading=\"lazy\" decoding=\"async\" width=\"1000\" height=\"667\" data-wp-class--hide=\"state.isContentHidden\" data-wp-class--show=\"state.isContentVisible\" data-wp-init=\"callbacks.setButtonStyles\" data-wp-on--click=\"actions.showLightbox\" data-wp-on--load=\"callbacks.setButtonStyles\" data-wp-on--pointerdown=\"actions.preloadImage\" data-wp-on--pointerenter=\"actions.preloadImageWithDelay\" data-wp-on--pointerleave=\"actions.cancelPreload\" data-wp-on-window--resize=\"callbacks.setButtonStyles\" src=\"\/\/www.w3.org\/2000\/svg&apos;%20viewBox=&apos;0%200%201000%20667&apos;%3E%3C\/svg%3E\" alt=\"James Belmont (Brad Pitt) et Odin dans Heart of the Beast de Paramount Pictures.\" class=\"wp-image-887456\" data-lazy-src=\"https:\/\/numero.com\/wp-content\/uploads\/2026\/09\/brad-pitt-1.jpg\"><img loading=\"lazy\" decoding=\"async\" width=\"1000\" height=\"667\" data-wp-class--hide=\"state.isContentHidden\" data-wp-class--show=\"state.isContentVisible\" data-wp-init=\"callbacks.setButtonStyles\" data-wp-on--click=\"actions.showLightbox\" data-wp-on--load=\"callbacks.setButtonStyles\" data-wp-on--pointerdown=\"actions.preloadImage\" data-wp-on--pointerenter=\"actions.preloadImageWithDelay\" data-wp-on--pointerleave=\"actions.cancelPreload\" data-wp-on-window--resize=\"callbacks.setButtonStyles\" src=\"https:\/\/numero.com\/wp-content\/uploads\/2026\/09\/brad-pitt-1.jpg\" alt=\"James Belmont (Brad Pitt) et Odin dans Heart of the Beast de Paramount Pictures.\" class=\"wp-image-887456\"><button class=\"lightbox-trigger\" type=\"button\" aria-haspopup=\"dialog\" data-wp-bind--aria-label=\"state.thisImage.triggerButtonAriaLabel\" data-wp-init=\"callbacks.initTriggerButton\" data-wp-on--click=\"actions.showLightbox\" data-wp-style--right=\"state.thisImage.buttonRight\" data-wp-style--top=\"state.thisImage.buttonTop\"><\/p>\n<p>\t\t<\/button><figcaption class=\"wp-element-caption\">Brad Pitt et Uber dans<em> Heart of the Beast<\/em> (2026) \u00a9\u00a0Paramount Pictures.<\/figcaption><\/figure>\n<h2 class=\"wp-block-heading\"><em>Heart of the Beast<\/em>, un film de survie sign\u00e9 David Ayer<\/h2>\n<p class=\"wp-block-paragraph\">Dans ce long-m\u00e9trage, Il se pourrait bien que <strong><a href=\"https:\/\/numero.com\/culture\/cinema\/les-roles-qui-ont-change-l-image-de-brad-pitt\/\" id=\"117985\" target=\"_blank\" rel=\"noreferrer noopener\">Brad Pitt<\/a> <\/strong>se fasse voler la vedette par celui qui partage l\u2019affiche avec lui : le chien Odin, interpr\u00e9t\u00e9 par Uber, un berger malinois. Deux bandes-annonces ont d\u00e9j\u00e0 vu le jour, l\u2019une centr\u00e9e sur <strong>Brad Pitt<\/strong>, l\u2019autre sur <strong>Uber<\/strong>. L\u2019une des vid\u00e9os<em> <\/em>met notamment en avant les capacit\u00e9s du chien \u00e0 secourir son ma\u00eetre face aux loups et aux \u00e9l\u00e9ments.<\/p>\n<p class=\"wp-block-paragraph\">Dans <em><strong>Heart of the Beast<\/strong><\/em>, <strong>Brad Pitt <\/strong>incarne James Belmont, un ancien membre des forces sp\u00e9ciales de l\u2019arm\u00e9e am\u00e9ricaine. Il se retrouve livr\u00e9 \u00e0 lui-m\u00eame dans les \u00e9tendues sauvages de l\u2019<strong>Alaska<\/strong> apr\u00e8s un terrible crash d\u2019avion, avec seule compagnie contre l\u2019adversit\u00e9 <strong>Odin<\/strong>, son chien de combat \u00e0 la retraite. L\u2019acteur a d\u2019ailleurs d\u00e9clar\u00e9 que ce dernier \u00e9tait la vraie star du film. C\u00f4t\u00e9 casting, le long-m\u00e9trage r\u00e9unira \u00e9galement Anna Lambe (<em>North of North<\/em>, <em>Dusk &amp; Dawn<\/em>) ainsi que J.K. Simmons (<em>Whiplash<\/em>, <em>Spider-Man<\/em>).<\/p>\n<p class=\"wp-block-paragraph\"><em>Heart of the Beast de David Ayer, au cin\u00e9ma le 23 septembre 2026.<\/em><\/p>\n<p class=\"wp-block-paragraph\">\n<\/p><\/div>\n<\/p><\/div>\n<div class=\"col-lg-3\">\n<div class=\"suggested-posts padding-top-s\">\n<div class=\"title\">Recommand\u00e9<\/div>\n<div class=\"post-card\">\n\t\t\t\t\t\t\t\t\t\t<a class=\"post-link d-flex\" href=\"https:\/\/numero.com\/culture\/cinema\/kerry-condon-f1-brad-pitt-interview\/\"><\/p>\n<div class=\"container-img \">\n\t\t\t\t\t\t\t\t\t\t\t\t<img loading=\"lazy\" decoding=\"async\" width=\"640\" height=\"804\" src=\"\/\/www.w3.org\/2000\/svg&apos;%20viewBox=&apos;0%200%20640%20804&apos;%3E%3C\/svg%3E\" class=\"img-fluid\" alt=\"Kerry Condon, star du film F1.\" data-lazy-src=\"https:\/\/numero.com\/wp-content\/uploads\/2025\/06\/kerry-condon-F12-768x965.jpg\"><img decoding=\"async\" width=\"640\" height=\"804\" src=\"https:\/\/numero.com\/wp-content\/uploads\/2025\/06\/kerry-condon-F12-768x965.jpg\" class=\"img-fluid\" alt=\"Kerry Condon, star du film F1.\" loading=\"lazy\">\t\t\t\t\t\t\t\t\t\t\t\t<\/p>\n<p class=\"number\">29<\/p>\n<\/p><\/div>\n<div class=\"card-info d-flex\">\n<div>\n<p class=\"cat-title\">Cin\u00e9ma<\/p>\n<h3 class=\"post-title\">Dans les coulisses du blockbuster F1 avec Kerry Condon<\/h3>\n<\/p><\/div>\n<p class=\"date\">\n\t\t\t\t\t\t\t\t\t\t\t\t\t29 jan 2026\t\t\t\t\t\t\t\t\t\t\t\t<\/p>\n<\/p><\/div>\n<p>\t\t\t\t\t\t\t\t\t\t<\/a>\n\t\t\t\t\t\t\t\t\t<\/div>\n<div class=\"post-card\">\n\t\t\t\t\t\t\t\t\t\t<a class=\"post-link d-flex\" href=\"https:\/\/numero.com\/culture\/cinema\/brad-pitt-france-cesar-miraval-paris\/\"><\/p>\n<div class=\"container-img \">\n\t\t\t\t\t\t\t\t\t\t\t\t<img loading=\"lazy\" decoding=\"async\" width=\"640\" height=\"804\" src=\"\/\/www.w3.org\/2000\/svg&apos;%20viewBox=&apos;0%200%20640%20804&apos;%3E%3C\/svg%3E\" class=\"img-fluid\" alt=\"L&apos;acteur Brad Pitt.\" data-lazy-src=\"https:\/\/numero.com\/wp-content\/uploads\/2024\/10\/brad-pitt5-768x965.jpg\"><img decoding=\"async\" width=\"640\" height=\"804\" src=\"https:\/\/numero.com\/wp-content\/uploads\/2024\/10\/brad-pitt5-768x965.jpg\" class=\"img-fluid\" alt=\"L&apos;acteur Brad Pitt.\" loading=\"lazy\">\t\t\t\t\t\t\t\t\t\t\t\t<\/p>\n<p class=\"number\">23<\/p>\n<\/p><\/div>\n<div class=\"card-info d-flex\">\n<div>\n<p class=\"cat-title\">Cin\u00e9ma<\/p>\n<h3 class=\"post-title\">Brad Pitt et la France : une histoire d\u2019amour qui dure<\/h3>\n<\/p><\/div>\n<p class=\"date\">\n\t\t\t\t\t\t\t\t\t\t\t\t\t23 juin 2025\t\t\t\t\t\t\t\t\t\t\t\t<\/p>\n<\/p><\/div>\n<p>\t\t\t\t\t\t\t\t\t\t<\/a>\n\t\t\t\t\t\t\t\t\t<\/div>\n<div class=\"post-card\">\n\t\t\t\t\t\t\t\t\t\t<a class=\"post-link d-flex\" href=\"https:\/\/numero.com\/culture\/cinema\/once-upon-a-time-in-hollywood-suite\/\"><\/p>\n<div class=\"container-img \">\n\t\t\t\t\t\t\t\t\t\t\t\t<img loading=\"lazy\" decoding=\"async\" width=\"450\" height=\"566\" src=\"\/\/www.w3.org\/2000\/svg&apos;%20viewBox=&apos;0%200%20450%20566&apos;%3E%3C\/svg%3E\" class=\"img-fluid\" alt=\"Brad Pitt et Leonardo DiCaprio dans le film Once Upon a Time\u2026 in Hollywood (2019) de Quentin Tarantino \u00a9 2019 Sony Pictures.\" data-lazy-src=\"https:\/\/numero.com\/wp-content\/uploads\/2021\/08\/thumb-brad-pitt-leonardo-di-caprio-once-upon-a-time-in-hollywood-film-suite.png\"><img decoding=\"async\" width=\"450\" height=\"566\" src=\"https:\/\/numero.com\/wp-content\/uploads\/2021\/08\/thumb-brad-pitt-leonardo-di-caprio-once-upon-a-time-in-hollywood-film-suite.png\" class=\"img-fluid\" alt=\"Brad Pitt et Leonardo DiCaprio dans le film Once Upon a Time\u2026 in Hollywood (2019) de Quentin Tarantino \u00a9 2019 Sony Pictures.\" loading=\"lazy\">\t\t\t\t\t\t\t\t\t\t\t\t<\/p>\n<p class=\"number\">27<\/p>\n<\/p><\/div>\n<div class=\"card-info d-flex\">\n<div>\n<p class=\"cat-title\">Cin\u00e9ma<\/p>\n<h3 class=\"post-title\">Quel projet excitant r\u00e9unit Quentin Tarantino, Brad Pitt et David Fincher ?<\/h3>\n<\/p><\/div>\n<p class=\"date\">\n\t\t\t\t\t\t\t\t\t\t\t\t\t27 ao\u00fbt 2026\t\t\t\t\t\t\t\t\t\t\t\t<\/p>\n<\/p><\/div>\n<p>\t\t\t\t\t\t\t\t\t\t<\/a>\n\t\t\t\t\t\t\t\t\t<\/div>\n<div class=\"post-card\">\n\t\t\t\t\t\t\t\t\t\t<a class=\"post-link d-flex\" href=\"https:\/\/numero.com\/culture\/cinema\/les-meilleurs-films-sur-los-angeles\/\"><\/p>\n<div class=\"container-img \">\n\t\t\t\t\t\t\t\t\t\t\t\t<img loading=\"lazy\" decoding=\"async\" width=\"640\" height=\"804\" src=\"\/\/www.w3.org\/2000\/svg&apos;%20viewBox=&apos;0%200%20640%20804&apos;%3E%3C\/svg%3E\" class=\"img-fluid\" alt=\"Margot Robbie dans Once Upon a Time\u2026 in Hollywood.\" data-lazy-src=\"https:\/\/numero.com\/wp-content\/uploads\/2026\/08\/margot-robbie1-768x965.jpg\"><img decoding=\"async\" width=\"640\" height=\"804\" src=\"https:\/\/numero.com\/wp-content\/uploads\/2026\/08\/margot-robbie1-768x965.jpg\" class=\"img-fluid\" alt=\"Margot Robbie dans Once Upon a Time\u2026 in Hollywood.\" loading=\"lazy\">\t\t\t\t\t\t\t\t\t\t\t\t<\/p>\n<p class=\"number\">7<\/p>\n<\/p><\/div>\n<div class=\"card-info d-flex\">\n<div>\n<p class=\"cat-title\">Cin\u00e9ma<\/p>\n<h3 class=\"post-title\">7 films sur Los Angeles \u00e0 (re)voir cet \u00e9t\u00e9 pour s\u2019\u00e9vader<\/h3>\n<\/p><\/div>\n<p class=\"date\">\n\t\t\t\t\t\t\t\t\t\t\t\t\t7 ao\u00fbt 2026\t\t\t\t\t\t\t\t\t\t\t\t<\/p>\n<\/p><\/div>\n<p>\t\t\t\t\t\t\t\t\t\t<\/a>\n\t\t\t\t\t\t\t\t\t<\/div>\n<\/p><\/div>\n<\/p><\/div>\n<\/p><\/div>\n<div class=\"padding-top-s\">\n<div class=\"ad banner desktop\">\n<div class=\"container\">\n<div class=\"row\">\n            <!-- \/21730003857\/numero-ad-unit\/numero-banner-1 --><\/p>\n<div class=\"ad-responsive\">\n<div id=\"div-gpt-ad-1773673267712-0\" class=\"ads-pub\">\n<p>                        googletag.cmd.push(function () {<br \/>\n                            googletag.display(&#8216;div-gpt-ad-1773673267712-0&#8217;);<br \/>\n                        });<\/p><\/div>\n<\/p><\/div>\n<\/p><\/div>\n<\/p><\/div>\n<\/div><\/div>\n<\/p><\/div>\n<\/section>\n<p>        <button class=\"btn-newsletter btn-outline-white my-5\" id=\"open-modal-newsletter\">Inscrivez-vous \u00e0 la newsletter<\/button>\t\t<\/p>\n<section class=\"related-posts post-list padding-top-m padding-bottom-s\">\n<div class=\"container\">\n<h2 class=\"title mx-auto\">\u00c0 lire aussi<\/h2>\n<div class=\"row\">\n<div class=\"col-lg-3\">\n<div class=\"post-card desktop\">\n\t\t\t\t\t\t\t\t\t\t<a class=\"post-link\" href=\"https:\/\/numero.com\/culture\/comment-en-finir-avec-le-snobisme\/\"><\/p>\n<div class=\"container-img\">\n<p>                                                <img decoding=\"async\" src=\"\/\/www.w3.org\/2000\/svg&apos;%20viewBox=&apos;0%200%200%200&apos;%3E%3C\/svg%3E\" alt=\"La chanteuse Addison Rae.\" data-lazy-src=\"https:\/\/numero.com\/wp-content\/uploads\/2026\/01\/addison-rae1.jpg\"><img decoding=\"async\" src=\"https:\/\/numero.com\/wp-content\/uploads\/2026\/01\/addison-rae1.jpg\" alt=\"La chanteuse Addison Rae.\"><\/p>\n<div class=\"number\">02<\/div>\n<\/p><\/div>\n<div class=\"card-info\">\n<div class=\"meta d-flex justify-content-between\">\n<p class=\"cat-title\">Culture<\/p>\n<p class=\"date\">\n\t\t\t\t\t\t\t\t\t\t\t\t\t\t2 sept 2026\t\t\t\t\t\t\t\t\t\t\t\t\t<\/p>\n<\/p><\/div>\n<div class=\"post-title\">3 livres pour en finir avec la tyrannie du bon go\u00fbt<\/div>\n<\/p><\/div>\n<p>\t\t\t\t\t\t\t\t\t\t<\/a>\n\t\t\t\t\t\t\t\t\t<\/div>\n<div class=\"post-card mobile\">\n\t\t\t\t\t\t\t\t\t\t<a class=\"post-link d-flex\" href=\"https:\/\/numero.com\/culture\/comment-en-finir-avec-le-snobisme\/\"><\/p>\n<div class=\"container-img\">\n\t\t\t\t\t\t\t\t\t\t\t\t<img loading=\"lazy\" decoding=\"async\" width=\"640\" height=\"804\" src=\"\/\/www.w3.org\/2000\/svg&apos;%20viewBox=&apos;0%200%20640%20804&apos;%3E%3C\/svg%3E\" class=\"img-fluid\" alt=\"La chanteuse Addison Rae.\" data-lazy-src=\"https:\/\/numero.com\/wp-content\/uploads\/2026\/01\/addison-rae1-768x965.jpg\"><img decoding=\"async\" width=\"640\" height=\"804\" src=\"https:\/\/numero.com\/wp-content\/uploads\/2026\/01\/addison-rae1-768x965.jpg\" class=\"img-fluid\" alt=\"La chanteuse Addison Rae.\" loading=\"lazy\">\t\t\t\t\t\t\t\t\t\t\t\t<\/p>\n<div class=\"number\">02<\/div>\n<\/p><\/div>\n<div class=\"card-info d-flex\">\n<div>\n<p class=\"cat-title\">Culture<\/p>\n<h3 class=\"post-title\">3 livres pour en finir avec la tyrannie du bon go\u00fbt<\/h3>\n<\/p><\/div>\n<p class=\"date\">\n\t\t\t\t\t\t\t\t\t\t\t\t\t2 sept 2026\t\t\t\t\t\t\t\t\t\t\t\t<\/p>\n<\/p><\/div>\n<p>\t\t\t\t\t\t\t\t\t\t<\/a>\n\t\t\t\t\t\t\t\t\t<\/div>\n<\/p><\/div>\n<div class=\"col-lg-3\">\n<div class=\"post-card desktop\">\n\t\t\t\t\t\t\t\t\t\t<a class=\"post-link\" href=\"https:\/\/numero.com\/culture\/cinema\/les-roles-les-plus-mode-de-faye-dunaway\/\"><\/p>\n<div class=\"container-img\">\n<p>                                                <img decoding=\"async\" src=\"\/\/www.w3.org\/2000\/svg&apos;%20viewBox=&apos;0%200%200%200&apos;%3E%3C\/svg%3E\" alt=\"L&apos;actrice am\u00e9ricaine Faye Dunaway, dans le r\u00f4le de Lou, sur une photo promotionnelle du film \u00ab Puzzle of a Downfall Child \u00bb, r\u00e9alis\u00e9 par Jerry Schatzberg en 1970. (Photo : Silver Screen Collection\/Getty Images)\" data-lazy-src=\"https:\/\/numero.com\/wp-content\/uploads\/2026\/09\/thumb-faye-dunaway-.jpg\"><img decoding=\"async\" src=\"https:\/\/numero.com\/wp-content\/uploads\/2026\/09\/thumb-faye-dunaway-.jpg\" alt=\"L&apos;actrice am\u00e9ricaine Faye Dunaway, dans le r\u00f4le de Lou, sur une photo promotionnelle du film \u00ab Puzzle of a Downfall Child \u00bb, r\u00e9alis\u00e9 par Jerry Schatzberg en 1970. (Photo : Silver Screen Collection\/Getty Images)\"><\/p>\n<div class=\"number\">02<\/div>\n<\/p><\/div>\n<div class=\"card-info\">\n<div class=\"meta d-flex justify-content-between\">\n<p class=\"cat-title\">Cin\u00e9ma<\/p>\n<p class=\"date\">\n\t\t\t\t\t\t\t\t\t\t\t\t\t\t2 sept 2026\t\t\t\t\t\t\t\t\t\t\t\t\t<\/p>\n<\/p><\/div>\n<div class=\"post-title\">Les r\u00f4les les plus mode de Faye Dunaway, c\u00e9l\u00e9br\u00e9e au Festival de Deauville<\/div>\n<\/p><\/div>\n<p>\t\t\t\t\t\t\t\t\t\t<\/a>\n\t\t\t\t\t\t\t\t\t<\/div>\n<div class=\"post-card mobile\">\n\t\t\t\t\t\t\t\t\t\t<a class=\"post-link d-flex\" href=\"https:\/\/numero.com\/culture\/cinema\/les-roles-les-plus-mode-de-faye-dunaway\/\"><\/p>\n<div class=\"container-img\">\n\t\t\t\t\t\t\t\t\t\t\t\t<img loading=\"lazy\" decoding=\"async\" width=\"640\" height=\"804\" src=\"\/\/www.w3.org\/2000\/svg&apos;%20viewBox=&apos;0%200%20640%20804&apos;%3E%3C\/svg%3E\" class=\"img-fluid\" alt=\"L&apos;actrice am\u00e9ricaine Faye Dunaway, dans le r\u00f4le de Lou, sur une photo promotionnelle du film \u00ab Puzzle of a Downfall Child \u00bb, r\u00e9alis\u00e9 par Jerry Schatzberg en 1970. (Photo : Silver Screen Collection\/Getty Images)\" data-lazy-src=\"https:\/\/numero.com\/wp-content\/uploads\/2026\/09\/thumb-faye-dunaway--768x965.jpg\"><img decoding=\"async\" width=\"640\" height=\"804\" src=\"https:\/\/numero.com\/wp-content\/uploads\/2026\/09\/thumb-faye-dunaway--768x965.jpg\" class=\"img-fluid\" alt=\"L&apos;actrice am\u00e9ricaine Faye Dunaway, dans le r\u00f4le de Lou, sur une photo promotionnelle du film \u00ab Puzzle of a Downfall Child \u00bb, r\u00e9alis\u00e9 par Jerry Schatzberg en 1970. (Photo : Silver Screen Collection\/Getty Images)\" loading=\"lazy\">\t\t\t\t\t\t\t\t\t\t\t\t<\/p>\n<div class=\"number\">02<\/div>\n<\/p><\/div>\n<div class=\"card-info d-flex\">\n<div>\n<p class=\"cat-title\">Cin\u00e9ma<\/p>\n<h3 class=\"post-title\">Les r\u00f4les les plus mode de Faye Dunaway, c\u00e9l\u00e9br\u00e9e au Festival de Deauville<\/h3>\n<\/p><\/div>\n<p class=\"date\">\n\t\t\t\t\t\t\t\t\t\t\t\t\t2 sept 2026\t\t\t\t\t\t\t\t\t\t\t\t<\/p>\n<\/p><\/div>\n<p>\t\t\t\t\t\t\t\t\t\t<\/a>\n\t\t\t\t\t\t\t\t\t<\/div>\n<\/p><\/div>\n<div class=\"col-lg-3\">\n<div class=\"post-card desktop\">\n\t\t\t\t\t\t\t\t\t\t<a class=\"post-link\" href=\"https:\/\/numero.com\/culture\/musique\/prince-albums-chansons\/\"><\/p>\n<div class=\"container-img\">\n<p>                                                <img decoding=\"async\" src=\"\/\/www.w3.org\/2000\/svg&apos;%20viewBox=&apos;0%200%200%200&apos;%3E%3C\/svg%3E\" alt=\"Prince en concert durant le Purple Rain Tour, le 4 novembre 1984, \u00e0 la Joe Louis Arena \u00e0 Detroit, dans le Michigan. \u00a9 Ross Marino\/Getty Images.\" data-lazy-src=\"https:\/\/numero.com\/wp-content\/uploads\/2016\/04\/prince-stranger-things3.jpg\"><img decoding=\"async\" src=\"https:\/\/numero.com\/wp-content\/uploads\/2016\/04\/prince-stranger-things3.jpg\" alt=\"Prince en concert durant le Purple Rain Tour, le 4 novembre 1984, \u00e0 la Joe Louis Arena \u00e0 Detroit, dans le Michigan. \u00a9 Ross Marino\/Getty Images.\"><\/p>\n<div class=\"number\">02<\/div>\n<\/p><\/div>\n<div class=\"card-info\">\n<div class=\"meta d-flex justify-content-between\">\n<p class=\"cat-title\">Musique<\/p>\n<p class=\"date\">\n\t\t\t\t\t\t\t\t\t\t\t\t\t\t2 sept 2026\t\t\t\t\t\t\t\t\t\t\t\t\t<\/p>\n<\/p><\/div>\n<div class=\"post-title\">Red\u00e9couvert gr\u00e2ce \u00e0 Stranger Things par la Gen Z, Prince ressuscite avec un disque de raret\u00e9s<\/div>\n<\/p><\/div>\n<p>\t\t\t\t\t\t\t\t\t\t<\/a>\n\t\t\t\t\t\t\t\t\t<\/div>\n<div class=\"post-card mobile\">\n\t\t\t\t\t\t\t\t\t\t<a class=\"post-link d-flex\" href=\"https:\/\/numero.com\/culture\/musique\/prince-albums-chansons\/\"><\/p>\n<div class=\"container-img\">\n\t\t\t\t\t\t\t\t\t\t\t\t<img loading=\"lazy\" decoding=\"async\" width=\"640\" height=\"804\" src=\"\/\/www.w3.org\/2000\/svg&apos;%20viewBox=&apos;0%200%20640%20804&apos;%3E%3C\/svg%3E\" class=\"img-fluid\" alt=\"Prince en concert durant le Purple Rain Tour, le 4 novembre 1984, \u00e0 la Joe Louis Arena \u00e0 Detroit, dans le Michigan. \u00a9 Ross Marino\/Getty Images.\" data-lazy-src=\"https:\/\/numero.com\/wp-content\/uploads\/2016\/04\/prince-stranger-things3-768x965.jpg\"><img decoding=\"async\" width=\"640\" height=\"804\" src=\"https:\/\/numero.com\/wp-content\/uploads\/2016\/04\/prince-stranger-things3-768x965.jpg\" class=\"img-fluid\" alt=\"Prince en concert durant le Purple Rain Tour, le 4 novembre 1984, \u00e0 la Joe Louis Arena \u00e0 Detroit, dans le Michigan. \u00a9 Ross Marino\/Getty Images.\" loading=\"lazy\">\t\t\t\t\t\t\t\t\t\t\t\t<\/p>\n<div class=\"number\">02<\/div>\n<\/p><\/div>\n<div class=\"card-info d-flex\">\n<div>\n<p class=\"cat-title\">Musique<\/p>\n<h3 class=\"post-title\">Red\u00e9couvert gr\u00e2ce \u00e0 Stranger Things par la Gen Z, Prince ressuscite avec un disque de raret\u00e9s<\/h3>\n<\/p><\/div>\n<p class=\"date\">\n\t\t\t\t\t\t\t\t\t\t\t\t\t2 sept 2026\t\t\t\t\t\t\t\t\t\t\t\t<\/p>\n<\/p><\/div>\n<p>\t\t\t\t\t\t\t\t\t\t<\/a>\n\t\t\t\t\t\t\t\t\t<\/div>\n<\/p><\/div>\n<div class=\"col-lg-3\">\n<div class=\"post-card desktop\">\n\t\t\t\t\t\t\t\t\t\t<a class=\"post-link\" href=\"https:\/\/numero.com\/culture\/musique\/miley-cyrus-bass-persuades\/\"><\/p>\n<div class=\"container-img\">\n<p>                                                <img decoding=\"async\" src=\"\/\/www.w3.org\/2000\/svg&apos;%20viewBox=&apos;0%200%200%200&apos;%3E%3C\/svg%3E\" alt=\"La chanteuse Miley Cyrus.\" data-lazy-src=\"https:\/\/numero.com\/wp-content\/uploads\/2026\/09\/miley-cyrus2.jpg\"><img decoding=\"async\" src=\"https:\/\/numero.com\/wp-content\/uploads\/2026\/09\/miley-cyrus2.jpg\" alt=\"La chanteuse Miley Cyrus.\"><\/p>\n<div class=\"number\">02<\/div>\n<\/p><\/div>\n<div class=\"card-info\">\n<div class=\"meta d-flex justify-content-between\">\n<p class=\"cat-title\">Musique<\/p>\n<p class=\"date\">\n\t\t\t\t\t\t\t\t\t\t\t\t\t\t2 sept 2026\t\t\t\t\t\t\t\t\t\t\t\t\t<\/p>\n<\/p><\/div>\n<div class=\"post-title\">Miley Cyrus va de nouveau se m\u00e9tamorphoser en rock star sur son nouvel album<\/div>\n<\/p><\/div>\n<p>\t\t\t\t\t\t\t\t\t\t<\/a>\n\t\t\t\t\t\t\t\t\t<\/div>\n<div class=\"post-card mobile\">\n\t\t\t\t\t\t\t\t\t\t<a class=\"post-link d-flex\" href=\"https:\/\/numero.com\/culture\/musique\/miley-cyrus-bass-persuades\/\"><\/p>\n<div class=\"container-img\">\n\t\t\t\t\t\t\t\t\t\t\t\t<img loading=\"lazy\" decoding=\"async\" width=\"640\" height=\"804\" src=\"\/\/www.w3.org\/2000\/svg&apos;%20viewBox=&apos;0%200%20640%20804&apos;%3E%3C\/svg%3E\" class=\"img-fluid\" alt=\"La chanteuse Miley Cyrus.\" data-lazy-src=\"https:\/\/numero.com\/wp-content\/uploads\/2026\/09\/miley-cyrus2-768x965.jpg\"><img decoding=\"async\" width=\"640\" height=\"804\" src=\"https:\/\/numero.com\/wp-content\/uploads\/2026\/09\/miley-cyrus2-768x965.jpg\" class=\"img-fluid\" alt=\"La chanteuse Miley Cyrus.\" loading=\"lazy\">\t\t\t\t\t\t\t\t\t\t\t\t<\/p>\n<div class=\"number\">02<\/div>\n<\/p><\/div>\n<div class=\"card-info d-flex\">\n<div>\n<p class=\"cat-title\">Musique<\/p>\n<h3 class=\"post-title\">Miley Cyrus va de nouveau se m\u00e9tamorphoser en rock star sur son nouvel album<\/h3>\n<\/p><\/div>\n<p class=\"date\">\n\t\t\t\t\t\t\t\t\t\t\t\t\t2 sept 2026\t\t\t\t\t\t\t\t\t\t\t\t<\/p>\n<\/p><\/div>\n<p>\t\t\t\t\t\t\t\t\t\t<\/a>\n\t\t\t\t\t\t\t\t\t<\/div>\n<\/p><\/div>\n<\/p><\/div>\n<\/p><\/div>\n<\/section>\n<div class=\"padding-bottom-s\">\n<div class=\"ad banner desktop\">\n<div class=\"container\">\n<div class=\"row\">\n            <!-- \/21730003857\/numero-ad-unit\/numero-banner-1 --><\/p>\n<div class=\"ad-responsive\">\n<div id=\"div-gpt-ad-1773673267712-0\" class=\"ads-pub\">\n<p>                        googletag.cmd.push(function () {<br \/>\n                            googletag.display(&#8216;div-gpt-ad-1773673267712-0&#8217;);<br \/>\n                        });<\/p><\/div>\n<\/p><\/div>\n<\/p><\/div>\n<\/p><\/div>\n<\/div><\/div>\n<\/p><\/div>\n","protected":false},"excerpt":{"rendered":"<p>2 2 googletag.cmd.push(function () { googletag.display(&#8216;div-gpt-ad-1773673590069-0&#8217;); }); Lien copi\u00e9 Cin\u00e9ma 2 sept 2026 Heart of the Beast : que nous r\u00e9serve le film de survie avec Brad Pitt ? Alors que The Dog Stars, port\u00e9 par Jacob Elordi, est en salles depuis la fin du mois d\u2019ao\u00fbt 2026, un autre film mettant en sc\u00e8ne un [&hellip;]<\/p>\n","protected":false},"author":1,"featured_media":0,"comment_status":"open","ping_status":"","sticky":false,"template":"","format":"standard","meta":{"footnotes":""},"categories":[1],"tags":[226,258],"class_list":["post-2124674","post","type-post","status-publish","format-standard","hentry","category-uncategorized","tag-crawlmanager","tag-numero-com"],"_links":{"self":[{"href":"https:\/\/analyse.optim.biz\/index.php?rest_route=\/wp\/v2\/posts\/2124674","targetHints":{"allow":["GET"]}}],"collection":[{"href":"https:\/\/analyse.optim.biz\/index.php?rest_route=\/wp\/v2\/posts"}],"about":[{"href":"https:\/\/analyse.optim.biz\/index.php?rest_route=\/wp\/v2\/types\/post"}],"author":[{"embeddable":true,"href":"https:\/\/analyse.optim.biz\/index.php?rest_route=\/wp\/v2\/users\/1"}],"replies":[{"embeddable":true,"href":"https:\/\/analyse.optim.biz\/index.php?rest_route=%2Fwp%2Fv2%2Fcomments&post=2124674"}],"version-history":[{"count":0,"href":"https:\/\/analyse.optim.biz\/index.php?rest_route=\/wp\/v2\/posts\/2124674\/revisions"}],"wp:attachment":[{"href":"https:\/\/analyse.optim.biz\/index.php?rest_route=%2Fwp%2Fv2%2Fmedia&parent=2124674"}],"wp:term":[{"taxonomy":"category","embeddable":true,"href":"https:\/\/analyse.optim.biz\/index.php?rest_route=%2Fwp%2Fv2%2Fcategories&post=2124674"},{"taxonomy":"post_tag","embeddable":true,"href":"https:\/\/analyse.optim.biz\/index.php?rest_route=%2Fwp%2Fv2%2Ftags&post=2124674"}],"curies":[{"name":"wp","href":"https:\/\/api.w.org\/{rel}","templated":true}]}}