{"id":2124670,"date":"2026-09-02T13:46:06","date_gmt":"2026-09-02T10:46:06","guid":{"rendered":"https:\/\/analyse.optim.biz\/?p=2124670"},"modified":"2026-09-02T13:46:06","modified_gmt":"2026-09-02T10:46:06","slug":"accident-cu-un-ranit-dupa-ce-un-sofer-de-18-ani-a-incercat-o-depasire-cu-bmw-ul-cu-numar-de-anglia-fara-sa-se-asigure-suficient","status":"publish","type":"post","link":"https:\/\/analyse.optim.biz\/?p=2124670","title":{"rendered":"Accident cu un r\u0103nit dup\u0103 ce un \u0219ofer de 18 ani a \u00eencercat o dep\u0103\u0219ire cu BMW-ul cu num\u0103r de Anglia f\u0103r\u0103 s\u0103 se asigure suficient"},"content":{"rendered":"<p>[analyse_image type=&#8221;featured&#8221; src=&#8221;https:\/\/img.svnews.ro\/foto\/2025\/08\/02\/483064\/0f05060defa9668381aacc5d2.jpg&#8221;]<\/p>\n<div class=\"entry\"><img loading=\"lazy\" decoding=\"async\" width=\"650\" height=\"325\" src=\"https:\/\/img.svnews.ro\/foto\/2025\/08\/02\/483064\/0f05060defa9668381aacc5d206500325.jpg\" alt><\/p>\n<div class=\"entry_content\">\n<p>La data de 1 septembrie \u00een jurul orelor 21:25 un t\u00e2n\u0103r de 18 ani conducea autoturismul marca BMW cu num\u0103rul de Marea Britanie pe DN 2 H pe raza localit\u0103\u021bii B\u0103deu\u021bi. La un moment dat \u0219oferul s-a angajat f\u0103r\u0103 a se asigura corespunz\u0103tor \u00een dep\u0103\u0219irea autoturismului marca MERCEDES-BENZ condus de o fat\u0103 de 20 ani. El sustine c\u0103 ar fi fost surprins de apari\u021bia par\u021bial\u0103 pe partea carosabil\u0103 a unui tractor agricol, care ar fi p\u0103truns de pe str. Prieteniei din localitatea B\u0103deu\u021bi pe DN2 H, f\u0103r\u0103 a acorda prioritate de trecere, astfel c\u0103 a autoturismul marca BMW a acro\u0219at autoturismul marca MERCEDES-BENZ. \u00cen cadrul dosarului penal urmeaz\u0103 s\u0103 se stabileasc\u0103 cu exactitate circumstan\u021bele producerii evenimentului rutier. Cei doi \u0219oferi implica\u021bi au fost testa\u021bi cu aparatul etilotest, rezultatele fiind negative. \u00cen urma evenimentului au rezultat pagube materiale la ambele autoturisme \u0219i v\u0103t\u0103marea corporal\u0103 a \u0219oferi\u021bei care a fost transportat\u0103 cu ambulan\u021ba la Spitalul Municipal R\u0103d\u0103u\u021bi. S-a \u00eentocmit dosar de urm\u0103rire penal\u0103 privind s\u0103v\u00e2r\u015firea infrac\u0163iunilor de V\u0103t\u0103mare corporal\u0103 din culp\u0103,\u00a0 fapt\u0103\u00a0 prev. \u015fi ped. art. 196 alin. (2) \u0219i rap. la art. 194 alin. (1) lit. (b) din Codul Penal \u0219i p\u0103r\u0103sirea locului accidentului ori modificarea sau \u0219tergerea urmelor acestuia, fapt\u0103 prev. \u0219i ped. de art. 338 alin.1 din Codul Penal, cu aplicarea art. 38 alin. (1) din Codul Penal.<\/p>\n<\/div>\n<div>\n<div>VN:F [1.9.22_1171]<\/div>\n<div class=\"ratingblock \">\n<div class=\"ratingstars \">\n<div id=\"article_loader_557512\" class=\"ratingloaderarticle\">\n<div class=\"loader arrows \">\n<div class=\"loaderinner\">se actualizeaz\u0103&#8230;<\/div>\n<\/div>\n<\/div>\n<\/div>\n<div class=\"ratingtext \">\n<div id=\"gdr_text_a557512\">Rating: 0.0\/<strong>10<\/strong> (0 votes cast)<\/div>\n<\/div>\n<\/div>\n<\/div>\n<\/div>\n<div class=\"entry_content\">\n<p>La data de 1 septembrie \u00een jurul orelor 21:25 un t\u00e2n\u0103r de 18 ani conducea autoturismul marca BMW cu num\u0103rul de Marea Britanie pe DN 2 H pe raza localit\u0103\u021bii B\u0103deu\u021bi. La un moment dat \u0219oferul s-a angajat f\u0103r\u0103 a se asigura corespunz\u0103tor \u00een dep\u0103\u0219irea autoturismului marca MERCEDES-BENZ condus de o fat\u0103 de 20 ani. El sustine c\u0103 ar fi fost surprins de apari\u021bia par\u021bial\u0103 pe partea carosabil\u0103 a unui tractor agricol, care ar fi p\u0103truns de pe str. Prieteniei din localitatea B\u0103deu\u021bi pe DN2 H, f\u0103r\u0103 a acorda prioritate de trecere, astfel c\u0103 a autoturismul marca BMW a acro\u0219at autoturismul marca MERCEDES-BENZ. \u00cen cadrul dosarului penal urmeaz\u0103 s\u0103 se stabileasc\u0103 cu exactitate circumstan\u021bele producerii evenimentului rutier. Cei doi \u0219oferi implica\u021bi au fost testa\u021bi cu aparatul etilotest, rezultatele fiind negative. \u00cen urma evenimentului au rezultat pagube materiale la ambele autoturisme \u0219i v\u0103t\u0103marea corporal\u0103 a \u0219oferi\u021bei care a fost transportat\u0103 cu ambulan\u021ba la Spitalul Municipal R\u0103d\u0103u\u021bi. S-a \u00eentocmit dosar de urm\u0103rire penal\u0103 privind s\u0103v\u00e2r\u015firea infrac\u0163iunilor de V\u0103t\u0103mare corporal\u0103 din culp\u0103,\u00a0 fapt\u0103\u00a0 prev. \u015fi ped. art. 196 alin. (2) \u0219i rap. la art. 194 alin. (1) lit. (b) din Codul Penal \u0219i p\u0103r\u0103sirea locului accidentului ori modificarea sau \u0219tergerea urmelor acestuia, fapt\u0103 prev. \u0219i ped. de art. 338 alin.1 din Codul Penal, cu aplicarea art. 38 alin. (1) din Codul Penal.<\/p>\n<\/div>\n<p>[analyse_source url=&#8221;https:\/\/www.svnews.ro\/accident-cu-un-ranit-dupa-ce-un-sofer-de-18-ani-a-incercat-o-depasire-cu-bmw-ul-cu-numar-de-anglia-fara-sa-se-asigure-suficient\/557512\/&#8221;]<\/p>\n","protected":false},"excerpt":{"rendered":"<p>[analyse_image type=&#8221;featured&#8221; src=&#8221;https:\/\/img.svnews.ro\/foto\/2025\/08\/02\/483064\/0f05060defa9668381aacc5d2.jpg&#8221;] La data de 1 septembrie \u00een jurul orelor 21:25 un t\u00e2n\u0103r de 18 ani conducea autoturismul marca BMW cu num\u0103rul de Marea Britanie pe DN 2 H pe raza localit\u0103\u021bii B\u0103deu\u021bi. La un moment dat \u0219oferul s-a angajat f\u0103r\u0103 a se asigura corespunz\u0103tor \u00een dep\u0103\u0219irea autoturismului marca MERCEDES-BENZ condus de o fat\u0103 [&hellip;]<\/p>\n","protected":false},"author":1,"featured_media":0,"comment_status":"open","ping_status":"","sticky":false,"template":"","format":"standard","meta":{"footnotes":""},"categories":[89],"tags":[226,175],"class_list":["post-2124670","post","type-post","status-publish","format-standard","hentry","category-romania","tag-crawlmanager","tag-svnews-ro"],"_links":{"self":[{"href":"https:\/\/analyse.optim.biz\/index.php?rest_route=\/wp\/v2\/posts\/2124670","targetHints":{"allow":["GET"]}}],"collection":[{"href":"https:\/\/analyse.optim.biz\/index.php?rest_route=\/wp\/v2\/posts"}],"about":[{"href":"https:\/\/analyse.optim.biz\/index.php?rest_route=\/wp\/v2\/types\/post"}],"author":[{"embeddable":true,"href":"https:\/\/analyse.optim.biz\/index.php?rest_route=\/wp\/v2\/users\/1"}],"replies":[{"embeddable":true,"href":"https:\/\/analyse.optim.biz\/index.php?rest_route=%2Fwp%2Fv2%2Fcomments&post=2124670"}],"version-history":[{"count":0,"href":"https:\/\/analyse.optim.biz\/index.php?rest_route=\/wp\/v2\/posts\/2124670\/revisions"}],"wp:attachment":[{"href":"https:\/\/analyse.optim.biz\/index.php?rest_route=%2Fwp%2Fv2%2Fmedia&parent=2124670"}],"wp:term":[{"taxonomy":"category","embeddable":true,"href":"https:\/\/analyse.optim.biz\/index.php?rest_route=%2Fwp%2Fv2%2Fcategories&post=2124670"},{"taxonomy":"post_tag","embeddable":true,"href":"https:\/\/analyse.optim.biz\/index.php?rest_route=%2Fwp%2Fv2%2Ftags&post=2124670"}],"curies":[{"name":"wp","href":"https:\/\/api.w.org\/{rel}","templated":true}]}}