{"id":2124668,"date":"2026-09-02T13:43:41","date_gmt":"2026-09-02T10:43:41","guid":{"rendered":"https:\/\/analyse.optim.biz\/?p=2124668"},"modified":"2026-09-02T13:43:41","modified_gmt":"2026-09-02T10:43:41","slug":"a-cazut-cu-bicicleta-in-sant-de-beat-ce-era","status":"publish","type":"post","link":"https:\/\/analyse.optim.biz\/?p=2124668","title":{"rendered":"A c\u0103zut cu bicicleta \u00een \u0219an\u021b de beat ce era"},"content":{"rendered":"<p>[analyse_image type=&#8221;featured&#8221; src=&#8221;https:\/\/img.svnews.ro\/foto\/2021\/06\/02\/245321\/a3eb0b6a04586e75137c9f20d.jpg&#8221;]<\/p>\n<div class=\"entry\"><img loading=\"lazy\" decoding=\"async\" width=\"650\" height=\"325\" src=\"https:\/\/img.svnews.ro\/foto\/2021\/06\/02\/245321\/a3eb0b6a04586e75137c9f20d06500325.jpg\" alt><\/p>\n<div class=\"entry_content\">\n<p>La data de 1 septembrie ora 16.20, Sec\u021bia 4 Poli\u021bie Rural\u0103 G\u0103l\u0103ne\u0219ti a fost sesizat\u0103 prin 112 de c\u0103tre un b\u0103iat din localitate despre faptul c\u0103 tat\u0103l s\u0103u a c\u0103zut cu bicicleta \u00een \u0219an\u021b \u0219i s-a \u00a0lovit la un picior. \u00cen urma verific\u0103rilor efectuate, poli\u021bi\u0219tii s-au deplasat la imobilul din comuna G\u0103l\u0103ne\u0219ti, loc unde a fost identificat pe b\u0103rbat care a relatat faptul c\u0103 dup\u0103 producerea evenimentului, aceasta s-a deplasat la domiciliu \u0219i \u00eentruc\u00e2t acuza dureri, fiul s\u0103u, a solicitat interven\u021bia unui echipaj medical. Biciclistul prezenta leziuni traumatice la nivelul membrului inferior st\u00e2ng. Acesta se afla \u00een stare avansat\u0103 de ebrietate fiind testat cu aparatul etilometru rezultatul fiind de 1,17 mg\/l alcool pur \u00een aerul expirat. \u00cen continuare, s-a stabilit faptul c\u0103 acesta \u00een timp ce deplasa pe acostamentul drumului jude\u021bean DJ 178F de pe raza comunei G\u0103l\u0103ne\u0219ti cu bicicleta, din cauza st\u0103rii avansate de ebrietate, s-a dezechilibrat \u0219i a c\u0103zut \u00een \u0219an\u021b, lovindu-se la nivelul membrului inferior st\u00e2ng. B\u0103rbatul a acceptat s\u0103 fie transportat de c\u0103tre un echipaj SMURD la Spitalul Municipal R\u0103d\u0103u\u021bi \u00een vederea acord\u0103rii de \u00eengrijiri medicale. Acesta a fost diagnosticat prezumtiv cu contuzie membru inferior st\u00e2ng. Cu ocazia verific\u0103rilor efectuate s-a stabilit faptul c\u0103 nu exist\u0103 suspiciuni cu privire la existen\u021ba vreunei fapte de natur\u0103 penal\u0103, evenimentul fiind provocat \u00een mod accidental, ca urmare a\u00a0 consumului exagerat de alcool, f\u0103r\u0103 a fi constatate aspecte de natur\u0103 penal\u0103 care s\u0103 impun\u0103 continuarea cercet\u0103rilor cu privire la s\u0103v\u00e2r\u0219irea vreunei infrac\u021biuni. Biciclistul a fost sanc\u021bionat contraven\u021bional conf. art. 161, alin. (1) lit. e) din OUG 195\/2002 pentru conducerea unei biciclete sub influen\u021ba b\u0103uturilor alcoolice.<\/p>\n<\/div>\n<div>\n<div>VN:F [1.9.22_1171]<\/div>\n<div class=\"ratingblock \">\n<div class=\"ratingstars \">\n<div id=\"article_loader_557511\" class=\"ratingloaderarticle\">\n<div class=\"loader arrows \">\n<div class=\"loaderinner\">se actualizeaz\u0103&#8230;<\/div>\n<\/div>\n<\/div>\n<\/div>\n<div class=\"ratingtext \">\n<div id=\"gdr_text_a557511\">Rating: 0.0\/<strong>10<\/strong> (0 votes cast)<\/div>\n<\/div>\n<\/div>\n<\/div>\n<\/div>\n<div class=\"entry_content\">\n<p>La data de 1 septembrie ora 16.20, Sec\u021bia 4 Poli\u021bie Rural\u0103 G\u0103l\u0103ne\u0219ti a fost sesizat\u0103 prin 112 de c\u0103tre un b\u0103iat din localitate despre faptul c\u0103 tat\u0103l s\u0103u a c\u0103zut cu bicicleta \u00een \u0219an\u021b \u0219i s-a \u00a0lovit la un picior. \u00cen urma verific\u0103rilor efectuate, poli\u021bi\u0219tii s-au deplasat la imobilul din comuna G\u0103l\u0103ne\u0219ti, loc unde a fost identificat pe b\u0103rbat care a relatat faptul c\u0103 dup\u0103 producerea evenimentului, aceasta s-a deplasat la domiciliu \u0219i \u00eentruc\u00e2t acuza dureri, fiul s\u0103u, a solicitat interven\u021bia unui echipaj medical. Biciclistul prezenta leziuni traumatice la nivelul membrului inferior st\u00e2ng. Acesta se afla \u00een stare avansat\u0103 de ebrietate fiind testat cu aparatul etilometru rezultatul fiind de 1,17 mg\/l alcool pur \u00een aerul expirat. \u00cen continuare, s-a stabilit faptul c\u0103 acesta \u00een timp ce deplasa pe acostamentul drumului jude\u021bean DJ 178F de pe raza comunei G\u0103l\u0103ne\u0219ti cu bicicleta, din cauza st\u0103rii avansate de ebrietate, s-a dezechilibrat \u0219i a c\u0103zut \u00een \u0219an\u021b, lovindu-se la nivelul membrului inferior st\u00e2ng. B\u0103rbatul a acceptat s\u0103 fie transportat de c\u0103tre un echipaj SMURD la Spitalul Municipal R\u0103d\u0103u\u021bi \u00een vederea acord\u0103rii de \u00eengrijiri medicale. Acesta a fost diagnosticat prezumtiv cu contuzie membru inferior st\u00e2ng. Cu ocazia verific\u0103rilor efectuate s-a stabilit faptul c\u0103 nu exist\u0103 suspiciuni cu privire la existen\u021ba vreunei fapte de natur\u0103 penal\u0103, evenimentul fiind provocat \u00een mod accidental, ca urmare a\u00a0 consumului exagerat de alcool, f\u0103r\u0103 a fi constatate aspecte de natur\u0103 penal\u0103 care s\u0103 impun\u0103 continuarea cercet\u0103rilor cu privire la s\u0103v\u00e2r\u0219irea vreunei infrac\u021biuni. Biciclistul a fost sanc\u021bionat contraven\u021bional conf. art. 161, alin. (1) lit. e) din OUG 195\/2002 pentru conducerea unei biciclete sub influen\u021ba b\u0103uturilor alcoolice.<\/p>\n<\/div>\n<p>[analyse_source url=&#8221;https:\/\/www.svnews.ro\/a-cazut-cu-bicicleta-in-sant-de-beat-ce-era\/557511\/&#8221;]<\/p>\n","protected":false},"excerpt":{"rendered":"<p>[analyse_image type=&#8221;featured&#8221; src=&#8221;https:\/\/img.svnews.ro\/foto\/2021\/06\/02\/245321\/a3eb0b6a04586e75137c9f20d.jpg&#8221;] La data de 1 septembrie ora 16.20, Sec\u021bia 4 Poli\u021bie Rural\u0103 G\u0103l\u0103ne\u0219ti a fost sesizat\u0103 prin 112 de c\u0103tre un b\u0103iat din localitate despre faptul c\u0103 tat\u0103l s\u0103u a c\u0103zut cu bicicleta \u00een \u0219an\u021b \u0219i s-a \u00a0lovit la un picior. \u00cen urma verific\u0103rilor efectuate, poli\u021bi\u0219tii s-au deplasat la imobilul din comuna G\u0103l\u0103ne\u0219ti, [&hellip;]<\/p>\n","protected":false},"author":1,"featured_media":0,"comment_status":"open","ping_status":"","sticky":false,"template":"","format":"standard","meta":{"footnotes":""},"categories":[89],"tags":[226,175],"class_list":["post-2124668","post","type-post","status-publish","format-standard","hentry","category-romania","tag-crawlmanager","tag-svnews-ro"],"_links":{"self":[{"href":"https:\/\/analyse.optim.biz\/index.php?rest_route=\/wp\/v2\/posts\/2124668","targetHints":{"allow":["GET"]}}],"collection":[{"href":"https:\/\/analyse.optim.biz\/index.php?rest_route=\/wp\/v2\/posts"}],"about":[{"href":"https:\/\/analyse.optim.biz\/index.php?rest_route=\/wp\/v2\/types\/post"}],"author":[{"embeddable":true,"href":"https:\/\/analyse.optim.biz\/index.php?rest_route=\/wp\/v2\/users\/1"}],"replies":[{"embeddable":true,"href":"https:\/\/analyse.optim.biz\/index.php?rest_route=%2Fwp%2Fv2%2Fcomments&post=2124668"}],"version-history":[{"count":0,"href":"https:\/\/analyse.optim.biz\/index.php?rest_route=\/wp\/v2\/posts\/2124668\/revisions"}],"wp:attachment":[{"href":"https:\/\/analyse.optim.biz\/index.php?rest_route=%2Fwp%2Fv2%2Fmedia&parent=2124668"}],"wp:term":[{"taxonomy":"category","embeddable":true,"href":"https:\/\/analyse.optim.biz\/index.php?rest_route=%2Fwp%2Fv2%2Fcategories&post=2124668"},{"taxonomy":"post_tag","embeddable":true,"href":"https:\/\/analyse.optim.biz\/index.php?rest_route=%2Fwp%2Fv2%2Ftags&post=2124668"}],"curies":[{"name":"wp","href":"https:\/\/api.w.org\/{rel}","templated":true}]}}