{"id":2124588,"date":"2026-09-02T00:00:00","date_gmt":"2026-09-01T21:00:00","guid":{"rendered":"https:\/\/analyse.optim.biz\/?p=2124588"},"modified":"2026-09-02T00:00:00","modified_gmt":"2026-09-01T21:00:00","slug":"porsche-911-gt3-bergsport-lhommage-ultra-limite-aux-routes-alpines","status":"publish","type":"post","link":"https:\/\/analyse.optim.biz\/?p=2124588","title":{"rendered":"Porsche 911 GT3 Bergsport\u00a0: l\u2019hommage ultra-limit\u00e9 aux routes alpines"},"content":{"rendered":"<div id=\"brxe-lipmib\" class=\"brxe-post-content\">\n<p><strong>Porsche vient de d\u00e9voiler la 911 GT3 Bergsport, une \u00e9dition limit\u00e9e \u00e0\u00a0100 exemplaires en hommage aux pays alpins. Elle sera pr\u00e9sent\u00e9e en action le 3\u00a0septembre \u00e0\u00a0l\u2019occasion de l\u2019Arosa ClassicCar, en Suisse.<\/strong><\/p>\n<h2>Une histoire Porsche indissociable des Alpes<\/h2>\n<p>Nous commen\u00e7ons \u00e0\u00a0avoir l\u2019habitude chez Porsche, cette nouvelle version de la GT3 Touring ne fait que confirmer l\u2019attrait grandissant pour les mod\u00e8les en \u00e9dition limit\u00e9e au sein de la marque allemande. Autriche, France, Italie et Suisse, c\u2019est donc uniquement dans ces quatre pays que Porsche commercialisera la GT3 Bergsport. Construite sur la base de la <a href=\"https:\/\/www.flat6mag.com\/actualite\/porsche-presente-la-992-gt3-touring\/\">911 GT3 Touring<\/a>, cette nouvelle \u00e9dition limit\u00e9e tire son nom des Alpes, l\u00e0 o\u00f9 une bonne partie de l\u2019histoire de Porsche a\u00a0\u00e9t\u00e9 fa\u00e7onn\u00e9e pendant de nombreuses ann\u00e9es, le mot \u00ab\u00a0berg\u00a0\u00bb \u00e9tant la traduction de \u00ab\u00a0montagne\u00a0\u00bb en allemand.<\/p>\n<p>En effet, le rapport de Porsche \u00e0\u00a0la montagne ne date pas d\u2019hier\u00a0! Certaines des toutes premi\u00e8res Porsche ont vu le jour \u00e0\u00a0Gm\u00fcnd, dans une ancienne scierie nich\u00e9e au c\u0153ur des Alpes autrichiennes, avant m\u00eame l\u2019installation d\u00e9finitive de la marque \u00e0\u00a0Stuttgart. Les cols et les routes de lacets qui entourent cet atelier improvis\u00e9 ont ensuite servi de terrain d\u2019essai naturel, forgeant tr\u00e8s vite la pr\u00e9cision et la l\u00e9g\u00e8ret\u00e9 des mod\u00e8les. C\u2019est donc tout naturellement que Porsche a\u00a0choisi une course de c\u00f4te pour pr\u00e9senter sa GT3 Bergsport au public. Le 3\u00a0septembre, l\u2019ambassadeur et pilote J\u00f6rg Bergmeister prendra le volant de la voiture sur le trac\u00e9 de l\u2019Arosa ClassicCar, entre Langwies et Arosa pour plus de 7\u00a0km de route. Au total, ce sont 422 m\u00e8tres de d\u00e9nivel\u00e9 et 76 virages, avec en prime une portion de descente de 1,2 kilom\u00e8tre qui attendent le pilote allemand.<\/p>\n<p><img loading=\"lazy\" decoding=\"async\" class=\"alignnone wp-image-65651\" src=\"https:\/\/www.flat6mag.com\/wp-content\/uploads\/2026\/09\/911-gt3-touring-bergsport-300x169.jpg\" alt=\"911 gt3 touring bergsport\" width=\"1038\" height=\"585\"><\/p>\n<h2>Une m\u00e9canique et un design pens\u00e9s pour la montagne<\/h2>\n<p>C\u00f4t\u00e9 technique, la GT3 Bergsport reprend le pack all\u00e9g\u00e9 de la GT3, mais avec un ajustement pens\u00e9 pour l\u2019usage routier en montagne. Les jantes en magn\u00e9sium forg\u00e9 habituellement associ\u00e9es \u00e0\u00a0ce pack c\u00e8dent leur place \u00e0\u00a0des jantes en aluminium forg\u00e9, plus robustes face aux rev\u00eatements parfois ab\u00eem\u00e9s des routes de col. Un syst\u00e8me de levage de l\u2019essieu avant a\u00a0\u00e9galement \u00e9t\u00e9 ajout\u00e9 pour passer sans encombre les ruptures de pente, tandis que le r\u00e9servoir de 90 litres autorise de plus longues \u00e9chapp\u00e9es sans ravitaillement. La transmission et le moteur restent quant \u00e0\u00a0eux, fid\u00e8les \u00e0\u00a0l\u2019esprit de la GT3 Touring.<\/p>\n<p>Pour ce qui est de l\u2019esth\u00e9tique, pas de gros changements en comparaison \u00e0\u00a0la 992GT3 Touring\u00a0phase 2<b>.<\/b> Porsche, par le biais de sa branche Exclusive Manufaktur, a\u00a0cependant d\u00e9velopp\u00e9 sp\u00e9cialement pour cette \u00e9dition limit\u00e9e, la teinte Valleygreenmetallic. Et lorsqu\u2019elle est expos\u00e9e au soleil, des particules m\u00e9tallis\u00e9es dor\u00e9es font briller la carrosserie, un effet qui, selon Porsche, fait \u00e9cho \u00e0\u00a0la neige \u00e9clair\u00e9e par le soleil en altitude\u2026\u00a0 Les jantes en aluminium forg\u00e9, teint\u00e9s de White Gold et Ceramica, prolongent ces r\u00e9f\u00e9rences montagnardes en encadrant des \u00e9triers de frein orange vif, une teinte choisie en hommage \u00e0\u00a0l\u2019alpenglow, ce fameux halo lumineux visible aux premi\u00e8res et derni\u00e8res lueurs du jour. Deux badges viennent enfin compl\u00e9ter l\u2019identit\u00e9 de la voiture, l\u2019un, sur le montant de baie, porte l\u2019inscription \u00ab\u00a0<em>GT3 Bergsport<\/em>\u00a0\u00bb avec un liser\u00e9 Ceramica et des lettres White Gold en relief sur fond noir brillant\u00a0; l\u2019autre, plus imposant, est appos\u00e9 sur le capot moteur avec un motif circulaire r\u00e9unissant quatre sommets alpins, un par pays concern\u00e9 par cette \u00e9dition, reli\u00e9s par une route en lacets.<\/p>\n<p><img loading=\"lazy\" decoding=\"async\" class=\"alignnone wp-image-65652\" src=\"https:\/\/www.flat6mag.com\/wp-content\/uploads\/2026\/09\/911-gt3-touring-bergsport.jpg-300x169.jpg\" alt=\"911 gt3 touring bergsport.jpg\" width=\"998\" height=\"562\"><\/p>\n<h2>L\u2019habitacle de la 911 GT3 Bergsport<\/h2>\n<p>\u00c0 l\u2019int\u00e9rieur, les r\u00e9f\u00e9rences aux Alpes continuent, le coloris Valleygreen habille les si\u00e8ges baquets carbone repliables du pack all\u00e9g\u00e9, tandis que des surpiq\u00fbres orange et des t\u00eati\u00e8res brod\u00e9es \u00ab\u00a0GT3\u00a0\u00bb reprennent les tons de l\u2019alpenglow. On retrouve cette m\u00eame teinte sur le bouton de d\u00e9marrage, la p\u00e9dale d\u2019acc\u00e9l\u00e9rateur, le rep\u00e8re 12 heures du volant, le sch\u00e9ma de la bo\u00eete manuelle et certains d\u00e9tails du Pack Sport Chrono associ\u00e9 \u00e0\u00a0l\u2019horloge GT Porsche Design. Sur les porti\u00e8res et le haut de la planche de bord, des surpiq\u00fbres en fils noirs et blancs dessinent en point de croix des silhouettes stylis\u00e9es de sommets.<\/p>\n<p><img loading=\"lazy\" decoding=\"async\" class=\"alignnone wp-image-65653\" src=\"https:\/\/www.flat6mag.com\/wp-content\/uploads\/2026\/09\/911-gt3-touring-bergsport.jpg1_-300x169.jpg\" alt=\"911 gt3 touring bergsport.jpg1\" width=\"1001\" height=\"564\"><\/p>\n<h2>Un clin d\u2019\u0153il assum\u00e9 aux <em>Bergspyder<\/em><\/h2>\n<p>Pour les f\u00e9rus d\u2019histoire, le nom \u00ab\u00a0Berg\u00a0\u00bb est loin d\u2019\u00eatre une nouveaut\u00e9 dans l\u2019histoire de Porsche, puisqu\u2019il a\u00a0d\u00e9j\u00e0 \u00e9t\u00e9 utilis\u00e9 pour la 908 Bergspyder dans les ann\u00e9es 60. \u00c0\u00a0l\u2019\u00e9poque, la lign\u00e9e des \u00ab\u00a0Bergspyder\u00a0\u00bb, ces barquettes de course all\u00e9g\u00e9es \u00e0\u00a0l\u2019extr\u00eame et taill\u00e9es uniquement pour la montagne, a\u00a0domin\u00e9 le championnat d\u2019Europe de la Montagne. La 910\/8 remporte le titre 1967 avec Gerhard Mitter ainsi que trois victoires et cinq podiums \u00e0\u00a0la cl\u00e9, tandis que la 908 Bergspyder cumule une vingtaine de succ\u00e8s en course de c\u00f4te avant de raccrocher. C\u2019est pr\u00e9cis\u00e9ment \u00e0\u00a0cette derni\u00e8re que la GT3 Bergsport emprunte l\u2019un de ses codes visuels. Dans cette optique, on retrouve sur le capot avant de la <a href=\"https:\/\/www.flat6mag.com\/actualite\/edition-limitee-la-911-gt3-shabille-aux-couleurs-du-nurburgring\/\">GT3<\/a> un motif \u00e0\u00a0damier reprend directement celui de son a\u00een\u00e9e. Vous l\u2019aurez compris cette GT3 Bergsport n\u2019est clairement pas destin\u00e9e \u00e0\u00a0\u00eatre conserv\u00e9e dans un garage, mais bien \u00e0\u00a0gravir les cols des Alpes tout au long de l\u2019ann\u00e9e\u00a0! Et qui sait, peut-\u00eatre que vous aurez un jour la chance d\u2019en croiser une\u00a0?<\/p>\n<div align=\"center\"><button style=\"background-color: transparent;border: 3px solid #000;border-radius: 0.6em;color: #000;cursor: pointer;align-self: center;line-height: 1;margin: 20px;padding: 1.2em 2.8em;text-decoration: none;text-align: center;font-weight: bold\"><a href=\"https:\/\/www.flat6mag.com\/pages\/abonnements.html\">Soyez les premiers \u00e0 tout savoir sur la Porsche et abonnez-vous \u00e0 Flat 6 Magazine\u00a0!<\/a><\/button><\/div>\n<div align=\"center\">Cr\u00e9dit Photo\u00a0: Porsche AG<\/div>\n<\/div>\n","protected":false},"excerpt":{"rendered":"<p>Porsche vient de d\u00e9voiler la 911 GT3 Bergsport, une \u00e9dition limit\u00e9e \u00e0\u00a0100 exemplaires en hommage aux pays alpins. Elle sera pr\u00e9sent\u00e9e en action le 3\u00a0septembre \u00e0\u00a0l\u2019occasion de l\u2019Arosa ClassicCar, en Suisse. Une histoire Porsche indissociable des Alpes Nous commen\u00e7ons \u00e0\u00a0avoir l\u2019habitude chez Porsche, cette nouvelle version de la GT3 Touring ne fait que confirmer l\u2019attrait [&hellip;]<\/p>\n","protected":false},"author":1,"featured_media":0,"comment_status":"open","ping_status":"","sticky":false,"template":"","format":"standard","meta":{"footnotes":""},"categories":[1],"tags":[226,273],"class_list":["post-2124588","post","type-post","status-publish","format-standard","hentry","category-uncategorized","tag-crawlmanager","tag-flat6mag-com"],"_links":{"self":[{"href":"https:\/\/analyse.optim.biz\/index.php?rest_route=\/wp\/v2\/posts\/2124588","targetHints":{"allow":["GET"]}}],"collection":[{"href":"https:\/\/analyse.optim.biz\/index.php?rest_route=\/wp\/v2\/posts"}],"about":[{"href":"https:\/\/analyse.optim.biz\/index.php?rest_route=\/wp\/v2\/types\/post"}],"author":[{"embeddable":true,"href":"https:\/\/analyse.optim.biz\/index.php?rest_route=\/wp\/v2\/users\/1"}],"replies":[{"embeddable":true,"href":"https:\/\/analyse.optim.biz\/index.php?rest_route=%2Fwp%2Fv2%2Fcomments&post=2124588"}],"version-history":[{"count":0,"href":"https:\/\/analyse.optim.biz\/index.php?rest_route=\/wp\/v2\/posts\/2124588\/revisions"}],"wp:attachment":[{"href":"https:\/\/analyse.optim.biz\/index.php?rest_route=%2Fwp%2Fv2%2Fmedia&parent=2124588"}],"wp:term":[{"taxonomy":"category","embeddable":true,"href":"https:\/\/analyse.optim.biz\/index.php?rest_route=%2Fwp%2Fv2%2Fcategories&post=2124588"},{"taxonomy":"post_tag","embeddable":true,"href":"https:\/\/analyse.optim.biz\/index.php?rest_route=%2Fwp%2Fv2%2Ftags&post=2124588"}],"curies":[{"name":"wp","href":"https:\/\/api.w.org\/{rel}","templated":true}]}}