{"id":2124583,"date":"2026-09-02T15:38:57","date_gmt":"2026-09-02T12:38:57","guid":{"rendered":"https:\/\/analyse.optim.biz\/?p=2124583"},"modified":"2026-09-02T15:38:57","modified_gmt":"2026-09-02T12:38:57","slug":"pnl-preia-conducerea-isj-vaslui-ce-mize-aduc-noile-numiri-la-inspectorat","status":"publish","type":"post","link":"https:\/\/analyse.optim.biz\/?p=2124583","title":{"rendered":"PNL preia conducerea ISJ Vaslui: ce mize aduc noile numiri la inspectorat"},"content":{"rendered":"<p>[analyse_image type=&#8221;featured&#8221; src=&#8221;https:\/\/news-vaslui.ro\/wp-content\/uploads\/2026\/09\/featured-image-1788363534125.jpg&#8221;]<\/p>\n<div class=\"tdb-block-inner td-fix-index\"><a class=\"tdb-logo-a\" href=\"https:\/\/news-vaslui.ro\/\" title=\"logo\"><span class=\"tdb-logo-img-wrap\"><img decoding=\"async\" class=\"tdb-logo-img td-retina-data\" data-retina=\"https:\/\/news-vaslui.ro\/wp-content\/uploads\/2025\/12\/FACT-CHECKED-NEWS-VASLUI-2-300x85.png\" src=\"https:\/\/news-vaslui.ro\/wp-content\/uploads\/2025\/12\/FACT-CHECKED-NEWS-VASLUI-2-300x85.png\" alt=\"logo\" title=\"logo\"><\/span><\/a><\/div>\n<div class=\"tdb-block-inner td-fix-index\"><a class=\"tdb-logo-a\" href=\"https:\/\/news-vaslui.ro\/\" title=\"logo\"><span class=\"tdb-logo-img-wrap\"><img decoding=\"async\" class=\"tdb-logo-img td-retina-data\" data-retina=\"https:\/\/news-vaslui.ro\/wp-content\/uploads\/2025\/12\/FACT-CHECKED-NEWS-VASLUI-2-300x85.png\" src=\"https:\/\/news-vaslui.ro\/wp-content\/uploads\/2025\/12\/FACT-CHECKED-NEWS-VASLUI-2-300x85.png\" alt=\"logo\" title=\"logo\"><\/span><\/a><\/div>\n<div class=\"tdb-block-inner td-fix-index\"><a class=\"tdb-logo-a\" href=\"https:\/\/news-vaslui.ro\/\" title=\"logo\"><span class=\"tdb-logo-img-wrap\"><img decoding=\"async\" class=\"tdb-logo-img td-retina-data\" data-retina=\"https:\/\/news-vaslui.ro\/wp-content\/uploads\/2025\/12\/FACT-CHECKED-NEWS-VASLUI-2-300x85.png\" src=\"https:\/\/news-vaslui.ro\/wp-content\/uploads\/2025\/12\/FACT-CHECKED-NEWS-VASLUI-2-300x85.png\" alt=\"logo\" title=\"logo\"><\/span><\/a><\/div>\n<div class=\"tdb-block-inner td-fix-index\">\n<div class=\"tdb-head-date-txt\">miercuri, septembrie 2, 2026<\/div>\n<\/div>\n<div class=\"tdb-block-inner td-fix-index\">\n<div class=\"tdb-weather-deg-wrap\" data-block-uid=\"tdb_header_weather_uid\"><span class=\"tdb-weather-deg\">26<\/span><span class=\"tdb-weather-unit\">C<\/span><\/div>\n<div class=\"tdb-weather-city\">Vaslui<\/div>\n<\/div>\n<div class=\"tdb-block-inner td-fix-index\">\n<div class=\"tdb-drop-down-search\" aria-labelledby=\"td-header-search-button\">\n<div class=\"tdb-drop-down-search-inner\">\n<div class=\"tdb-search-form-inner\">\n<div class=\"tdb-head-search-placeholder\">type here&#8230;<\/div>\n<\/div>\n<\/div>\n<\/div>\n<\/div>\n<div class=\"tdb-block-inner td-fix-index\"><a class=\"tdb-logo-a\" href=\"https:\/\/news-vaslui.ro\/\" title=\"logo\"><span class=\"tdb-logo-img-wrap\"><img decoding=\"async\" class=\"tdb-logo-img td-retina-data\" data-retina=\"https:\/\/news-vaslui.ro\/wp-content\/uploads\/2025\/12\/FACT-CHECKED-NEWS-VASLUI-2-300x85.png\" src=\"https:\/\/news-vaslui.ro\/wp-content\/uploads\/2025\/12\/FACT-CHECKED-NEWS-VASLUI-2-300x85.png\" alt=\"Vaslui News\" title=\"logo\"><\/span><\/a><\/div>\n<div class=\"tdb-block-inner td-fix-index\"><img loading=\"lazy\" decoding=\"async\" width=\"1068\" height=\"712\" class=\"entry-thumb\" src=\"https:\/\/news-vaslui.ro\/wp-content\/uploads\/2026\/09\/featured-image-1788363534125-1068x712.jpg\" alt title=\"Featured Image\"><\/div>\n<div class=\"tdb-block-inner td-fix-index\"><span class=\"reading-time-number\">1<\/span><span class=\"tdb-minute-text\"> min.<\/span><span class=\"tdb-add-text\">Read<\/span><\/div>\n<div class=\"tdb-block-inner td-fix-index\">\n<h1 class=\"tdb-title-text\">PNL preia conducerea ISJ Vaslui: ce mize aduc noile numiri la inspectorat<\/h1>\n<\/div>\n<div class=\"tdb-block-inner td-fix-index\"><a class=\"tdb-author-photo\" href=\"https:\/\/news-vaslui.ro\/author\/vasluidev\/\" title=\"News Vaslui\"><img decoding=\"async\" alt=\"News Vaslui\" src=\"https:\/\/secure.gravatar.com\/avatar\/7cd75f71af07ac3deeb6cda7fa3e40e8f10cbbf011f111ff652b3ec2cc663f22?s=96&amp;d=mm&amp;r=g\" class=\"avatar avatar-96 photo\" height=\"96\" width=\"96\" loading=\"lazy\"><\/a><\/p>\n<div class=\"tdb-author-name-wrap\"><span class=\"tdb-author-by\">By<\/span><a class=\"tdb-author-name\" href=\"https:\/\/news-vaslui.ro\/author\/vasluidev\/\">News Vaslui<\/a><\/div>\n<\/div>\n<div class=\"tdb-block-inner td-fix-index\"><time class=\"entry-date updated td-module-date\" datetime=\"2026-09-02T15:38:57+00:00\">2 septembrie 2026<\/time><\/div>\n<div class=\"td_block_wrap tdb_single_content tdi_103 td-pb-border-top td_block_template_1 td-post-content tagdiv-type\" data-td-block-uid=\"tdi_103\">\n<div class=\"tdb-block-inner td-fix-index\">\n<div class=\"post-sources-section\">\n<h3>Surse<\/h3>\n<div class=\"sources-list\"><a href=\"https:\/\/vremeanoua.ro\/echipa-soc-de-la-pnl-ilie-radu-si-cristian-lazar-au-preluat-conducerea-isj-vaslui\" target=\"_blank\" rel=\"noopener\" class=\"source-item\"><\/p>\n<div class=\"source-thumb\"><img decoding=\"async\" src=\"https:\/\/news-vaslui.ro\/wp-content\/uploads\/2025\/12\/vremeanoua.png\" alt=\"Echipa-\u0219oc de la PNL, Ilie Radu \u0219i Cristian Laz\u0103r, au preluat conducerea...\" class=\"td-animation-stack-type0-2\"><\/div>\n<div class=\"source-info\"><span class=\"source-publication\">Vremea Noua<\/span><span class=\"source-title\">Echipa-\u0219oc de la PNL, Ilie Radu \u0219i Cristian Laz\u0103r, au preluat conducerea&#8230;<\/span><\/p>\n<p class=\"source-date\">01\/09\/2026<\/p>\n<\/div>\n<p><\/a><\/div>\n<\/div>\n<p>\u00cen noaptea de 31 august spre 1 septembrie 2026, conducerile locale ale Partidului Na\u021bional Liberal au exercitat o restructurare semnificativ\u0103 \u00een cadrul Inspectoratului \u0218colar Jude\u021bean Vaslui. Potrivit informa\u021biilor disponibile, Ilie Radu, profesor de Educa\u021bie Fizic\u0103 la Laza, a fost numit inspector general, \u00een timp ce Cristian Laz\u0103r, profesor de Limb\u0103 \u0219i Literatur\u0103 Rom\u00e2n\u0103 la \u0218coala Profesional\u0103 Special\u0103 \u201eSf\u00e2nta Ecaterina\u201d, va ocupa func\u021bia de adjunct.<\/p>\n<p>Deciziile au sosit la ISJ Vaslui dup\u0103 program, prin fax, iar de la data de 1 septembrie 2026 noile numiri intr\u0103 \u00een vigoare, marc\u00e2nd \u00eenceputul unei noi etape \u00een administra\u021bia \u00eenv\u0103\u021b\u0103m\u00e2ntului vasluian. Ziarul local Vremea Nou\u0103 a semnalat \u00een avans aceste mut\u0103ri, consolid\u00e2nd predictibilitatea schimb\u0103rilor \u00een fruntea inspectoratului.<\/p>\n<p>Radu face pasul mare spre func\u021bia de inspector general, av\u00e2nd experien\u021ba ca profesor din Laza, iar Laz\u0103r, cu experien\u021b\u0103 anterioar\u0103 \u00een ISJ ca inspector de management institu\u021bional, va ocupa pozi\u021bia de adjunct. Aceast\u0103 reconfigurare vine \u00eentr-un context \u00een care vechii lideri se retrag din func\u021bii: Cristiana Botan, fostul inspector general, se \u00eentoarce la catedra sa de la Liceul \u0218tefan Procopiu, iar Andrei Huiban, adjunctul acesteia, revine la Colegiul Na\u021bional Gheorghe Ro\u0219ca Codreanu din B\u00e2rlad.<\/p>\n<p>Schimb\u0103rile din cadrul ISJ Vaslui au implica\u021bii concrete pentru anii \u0219colari 2026-2027: o nou\u0103 direc\u021bie \u00een managementul institu\u021bional, focoase evalu\u0103ri ale institu\u021biilor de \u00eenv\u0103\u021b\u0103m\u00e2nt \u0219i o alocare a resurselor adaptate la nevoile elevilor. \u00cen urm\u0103toarele zile, deciziile vor fi \u00eenso\u021bite de reac\u021bii din r\u00e2ndul directorilor de \u0219coli \u0219i ai cadrelor didactice, iar monitorizarea \u0219i coordonarea \u00eentre autorit\u0103\u021bi \u0219i unit\u0103\u021bile de \u00eenv\u0103\u021b\u0103m\u00e2nt vor juca un rol central \u00een implementarea noilor linii directoare.<\/p>\n<\/div>\n<\/div>\n<div class=\"tdb-block-inner td-fix-index\">\n<div class=\"post-sources-section\">\n<h3>Surse<\/h3>\n<div class=\"sources-list\"><a href=\"https:\/\/vremeanoua.ro\/echipa-soc-de-la-pnl-ilie-radu-si-cristian-lazar-au-preluat-conducerea-isj-vaslui\" target=\"_blank\" rel=\"noopener\" class=\"source-item\"><\/p>\n<div class=\"source-thumb\"><img decoding=\"async\" src=\"https:\/\/news-vaslui.ro\/wp-content\/uploads\/2025\/12\/vremeanoua.png\" alt=\"Echipa-\u0219oc de la PNL, Ilie Radu \u0219i Cristian Laz\u0103r, au preluat conducerea...\" class=\"td-animation-stack-type0-2\"><\/div>\n<div class=\"source-info\"><span class=\"source-publication\">Vremea Noua<\/span><span class=\"source-title\">Echipa-\u0219oc de la PNL, Ilie Radu \u0219i Cristian Laz\u0103r, au preluat conducerea&#8230;<\/span><\/p>\n<p class=\"source-date\">01\/09\/2026<\/p>\n<\/div>\n<p><\/a><\/div>\n<\/div>\n<p>\u00cen noaptea de 31 august spre 1 septembrie 2026, conducerile locale ale Partidului Na\u021bional Liberal au exercitat o restructurare semnificativ\u0103 \u00een cadrul Inspectoratului \u0218colar Jude\u021bean Vaslui. Potrivit informa\u021biilor disponibile, Ilie Radu, profesor de Educa\u021bie Fizic\u0103 la Laza, a fost numit inspector general, \u00een timp ce Cristian Laz\u0103r, profesor de Limb\u0103 \u0219i Literatur\u0103 Rom\u00e2n\u0103 la \u0218coala Profesional\u0103 Special\u0103 \u201eSf\u00e2nta Ecaterina\u201d, va ocupa func\u021bia de adjunct.<\/p>\n<p>Deciziile au sosit la ISJ Vaslui dup\u0103 program, prin fax, iar de la data de 1 septembrie 2026 noile numiri intr\u0103 \u00een vigoare, marc\u00e2nd \u00eenceputul unei noi etape \u00een administra\u021bia \u00eenv\u0103\u021b\u0103m\u00e2ntului vasluian. Ziarul local Vremea Nou\u0103 a semnalat \u00een avans aceste mut\u0103ri, consolid\u00e2nd predictibilitatea schimb\u0103rilor \u00een fruntea inspectoratului.<\/p>\n<p>Radu face pasul mare spre func\u021bia de inspector general, av\u00e2nd experien\u021ba ca profesor din Laza, iar Laz\u0103r, cu experien\u021b\u0103 anterioar\u0103 \u00een ISJ ca inspector de management institu\u021bional, va ocupa pozi\u021bia de adjunct. Aceast\u0103 reconfigurare vine \u00eentr-un context \u00een care vechii lideri se retrag din func\u021bii: Cristiana Botan, fostul inspector general, se \u00eentoarce la catedra sa de la Liceul \u0218tefan Procopiu, iar Andrei Huiban, adjunctul acesteia, revine la Colegiul Na\u021bional Gheorghe Ro\u0219ca Codreanu din B\u00e2rlad.<\/p>\n<p>Schimb\u0103rile din cadrul ISJ Vaslui au implica\u021bii concrete pentru anii \u0219colari 2026-2027: o nou\u0103 direc\u021bie \u00een managementul institu\u021bional, focoase evalu\u0103ri ale institu\u021biilor de \u00eenv\u0103\u021b\u0103m\u00e2nt \u0219i o alocare a resurselor adaptate la nevoile elevilor. \u00cen urm\u0103toarele zile, deciziile vor fi \u00eenso\u021bite de reac\u021bii din r\u00e2ndul directorilor de \u0219coli \u0219i ai cadrelor didactice, iar monitorizarea \u0219i coordonarea \u00eentre autorit\u0103\u021bi \u0219i unit\u0103\u021bile de \u00eenv\u0103\u021b\u0103m\u00e2nt vor juca un rol central \u00een implementarea noilor linii directoare.<\/p>\n<\/div>\n<div class=\"tdb-block-inner td-fix-index\">\n<div class=\"tdb-next-post tdb-next-post-bg tdb-post-prev\"><span>Articolul precedent<\/span><\/p>\n<div class=\"td-module-container\">\n<div class=\"td-image-container\"><a class=\"td-image-wrap\" href=\"https:\/\/news-vaslui.ro\/drona-avariata-gasita-in-viisoara-interventie-sri-brigada-antiterora-si-parchetul\/\"><img decoding=\"async\" class=\"td-next-prev-image td-fix-index\" src=\"https:\/\/news-vaslui.ro\/wp-content\/uploads\/2026\/09\/featured-image-1788363524707-1068x712.jpg\"><\/a><\/div>\n<div class=\"next-prev-title\"><a href=\"https:\/\/news-vaslui.ro\/drona-avariata-gasita-in-viisoara-interventie-sri-brigada-antiterora-si-parchetul\/\">Dron\u0103 avariat\u0103 g\u0103sit\u0103 \u00een Viisoara: interven\u021bie SRI, Brigada Antiteror\u0103 \u0219i Parchetul<\/a><\/div>\n<\/div>\n<\/div>\n<div class=\"tdb-next-post tdb-next-post-bg tdb-post-next\"><span>Articolul urm\u0103tor<\/span><\/p>\n<div class=\"td-module-container\">\n<div class=\"td-image-container\"><a class=\"td-image-wrap\" href=\"https:\/\/news-vaslui.ro\/un-an-de-la-moartea-lui-razvan-expertize-arata-nereguli-la-iluminatul-din-centrul-civic-ancheta-penala-in-curs\/\"><img decoding=\"async\" class=\"td-next-prev-image td-fix-index\" src=\"https:\/\/news-vaslui.ro\/wp-content\/uploads\/2026\/09\/featured-image-1788363542097-1068x712.jpg\"><\/a><\/div>\n<div class=\"next-prev-title\"><a href=\"https:\/\/news-vaslui.ro\/un-an-de-la-moartea-lui-razvan-expertize-arata-nereguli-la-iluminatul-din-centrul-civic-ancheta-penala-in-curs\/\">Un an de la moartea lui R\u0103zvan: expertize arat\u0103 nereguli la iluminatul din Centrul Civic, ancheta penal\u0103 \u00een curs<\/a><\/div>\n<\/div>\n<\/div>\n<\/div>\n<div class=\"tdb-block-inner td-fix-index\"><a class=\"tdb-logo-a\" href=\"https:\/\/news-vaslui.ro\/\" title=\"logo\"><span class=\"tdb-logo-img-wrap\"><img decoding=\"async\" class=\"tdb-logo-img td-retina-data\" data-retina=\"https:\/\/news-vaslui.ro\/wp-content\/uploads\/2025\/12\/FACT-CHECKED-NEWS-VASLUI-2-300x85.png\" src=\"https:\/\/news-vaslui.ro\/wp-content\/uploads\/2025\/12\/FACT-CHECKED-NEWS-VASLUI-2-300x85.png\" alt=\"logo\" title=\"logo\"><\/span><\/a><\/div>\n<p>[analyse_source url=&#8221;https:\/\/news-vaslui.ro\/pnl-preia-conducerea-isj-vaslui-ce-mize-aduc-noile-numiri-la-inspectorat\/#new_tab&#8221;]<\/p>\n","protected":false},"excerpt":{"rendered":"<p>[analyse_image type=&#8221;featured&#8221; src=&#8221;https:\/\/news-vaslui.ro\/wp-content\/uploads\/2026\/09\/featured-image-1788363534125.jpg&#8221;] miercuri, septembrie 2, 2026 26C Vaslui type here&#8230; 1 min.Read PNL preia conducerea ISJ Vaslui: ce mize aduc noile numiri la inspectorat ByNews Vaslui 2 septembrie 2026 Surse Vremea NouaEchipa-\u0219oc de la PNL, Ilie Radu \u0219i Cristian Laz\u0103r, au preluat conducerea&#8230; 01\/09\/2026 \u00cen noaptea de 31 august spre 1 septembrie 2026, conducerile [&hellip;]<\/p>\n","protected":false},"author":1,"featured_media":0,"comment_status":"open","ping_status":"","sticky":false,"template":"","format":"standard","meta":{"footnotes":""},"categories":[89],"tags":[226,217],"class_list":["post-2124583","post","type-post","status-publish","format-standard","hentry","category-romania","tag-crawlmanager","tag-vaslui-robo-stiri-ro"],"_links":{"self":[{"href":"https:\/\/analyse.optim.biz\/index.php?rest_route=\/wp\/v2\/posts\/2124583","targetHints":{"allow":["GET"]}}],"collection":[{"href":"https:\/\/analyse.optim.biz\/index.php?rest_route=\/wp\/v2\/posts"}],"about":[{"href":"https:\/\/analyse.optim.biz\/index.php?rest_route=\/wp\/v2\/types\/post"}],"author":[{"embeddable":true,"href":"https:\/\/analyse.optim.biz\/index.php?rest_route=\/wp\/v2\/users\/1"}],"replies":[{"embeddable":true,"href":"https:\/\/analyse.optim.biz\/index.php?rest_route=%2Fwp%2Fv2%2Fcomments&post=2124583"}],"version-history":[{"count":0,"href":"https:\/\/analyse.optim.biz\/index.php?rest_route=\/wp\/v2\/posts\/2124583\/revisions"}],"wp:attachment":[{"href":"https:\/\/analyse.optim.biz\/index.php?rest_route=%2Fwp%2Fv2%2Fmedia&parent=2124583"}],"wp:term":[{"taxonomy":"category","embeddable":true,"href":"https:\/\/analyse.optim.biz\/index.php?rest_route=%2Fwp%2Fv2%2Fcategories&post=2124583"},{"taxonomy":"post_tag","embeddable":true,"href":"https:\/\/analyse.optim.biz\/index.php?rest_route=%2Fwp%2Fv2%2Ftags&post=2124583"}],"curies":[{"name":"wp","href":"https:\/\/api.w.org\/{rel}","templated":true}]}}