{"id":2124554,"date":"2026-09-02T14:12:48","date_gmt":"2026-09-02T11:12:48","guid":{"rendered":"https:\/\/analyse.optim.biz\/?p=2124554"},"modified":"2026-09-02T14:12:48","modified_gmt":"2026-09-02T11:12:48","slug":"masini-cu-mitraliere-antiaeriene-si-scara-inchisa-frica-lui-putin-fata-de-dronele-ucrainene-a-ajuns-la","status":"publish","type":"post","link":"https:\/\/analyse.optim.biz\/?p=2124554","title":{"rendered":"Ma\u0219ini cu mitraliere antiaeriene \u0219i scar\u0103 \u00eenchis\u0103. Frica lui Putin fa\u021b\u0103 de dronele ucrainene a ajuns la&#8230;"},"content":{"rendered":"<p>[analyse_image type=&#8221;featured&#8221; src=&#8221;https:\/\/s.iw.ro\/gateway\/g\/ZmlsZVNvdXJjZT1odHRwJTNBJTJGJTJG\/c3RvcmFnZTA4dHJhbnNjb2Rlci5yY3Mt\/cmRzLnJvJTJGc3RvcmFnZSUyRjIwMjYl\/MkYwOCUyRjEyJTJGMjkwMjc3OV8yOTAy\/Nzc5X3B1dGluLTItc2NhbGVkLTEuanBn\/Jnc9MTIwMCZoPTYzMCZ6Yz0xJmhhc2g9\/ZjU2NTNhZTZlN2U0NjYzZWYyM2EyMDI1N2I4NGQ0Y2Q=.thumb.jpg&#8221;]<\/p>\n<div class=\"entry data-app-meta data-app-meta-article\" data-embed-base-url-canonical=\"https:\/\/www.digi24.ro\/embed\/stiri\/externe\/rusia\/masini-cu-mitraliere-antiaeriene-si-scara-inchisa-frica-lui-putin-fata-de-dronele-ucrainene-a-ajuns-la-nivelul-urmator-3932391\">\n<p data-index=\"1\"><strong>\u00cen timpul vizitei lui Vladimir Putin la Vladivostok pentru a participa la Forumul Economic din Est, \u00een coloana sa a fost observat o camionet\u0103 echipat cu o mitralier\u0103 antiaerian\u0103. Imaginile cu coloana preziden\u021bial\u0103 \u00een apropierea aeroportului au fost publicate de pagina local\u0103 <a href=\"https:\/\/t.me\/svodka25\/38959\" target=\"_blank\" rel=\"noopener\" data-skip-linkfix=\"1\">Svodka-25<\/a>. \u00cen plus, de-a lungul traseului coloanei au fost disloca\u021bi militari \u0219i echipamente militare. Locuitorii din zon\u0103 s-au pl\u00e2ns \u00een grupurile de chat de ambuteiajele cauzate de blocarea drumurilor.<\/strong><\/p>\n<p data-index=\"2\">\u00cen Vladivostok, Putin a folosit pentru a doua oar\u0103 o ramp\u0103 \u00eenchis\u0103 cu gard arcuit, dup\u0103 cum a remarcat \u201eSibir. Realii\u201d. O astfel de construc\u021bie a fost observat\u0103 pentru prima dat\u0103 pe 31 august, \u00een timpul vizitei pre\u0219edintelui la Bi\u0219kek, cu ocazia summitului Organiza\u021biei de Cooperare de la Shanghai.<\/p>\n<p data-index=\"3\">C\u00e2nd Putin a efectuat vizite \u00een Kazahstan \u00een luna mai, la Novosibirsk \u00een august \u0219i \u00een India \u00een decembrie anul trecut, a cobor\u00e2t pe o scar\u0103 obi\u0219nuit\u0103, deschis\u0103. Expertul militar David Sharp a pus aceste schimb\u0103ri pe seama \u00eent\u0103ririi m\u0103surilor de securitate. Potrivit acestuia, dac\u0103 sticla din jurul sc\u0103rii este blindat\u0103, aceasta \u00eel va putea proteja pe Putin \u00eentr-o pozi\u021bie vulnerabil\u0103 \u2014 pe tronsonul dintre avion \u0219i sol, p\u00e2n\u0103 c\u00e2nd este acoperit de garda de corp.<\/p>\n<p data-index=\"4\">La \u00eenceputul lunii mai, surse ale ziarului Financial Times au relatat c\u0103, \u00een ultimele luni, paza lui Putin a fost \u00eent\u0103rit\u0103 semnificativ. Potrivit unor surse citate de publica\u021bie, acesta a \u00eenceput s\u0103-\u0219i petreac\u0103 mai mult timp \u00een bunc\u0103re subterane din cauza temerilor tot mai mari pentru via\u021ba sa, legate de o posibil\u0103 tentativ\u0103 de asasinat sau de lovitur\u0103 de stat.<\/p>\n<p data-index=\"5\">\u00cen aceea\u0219i lun\u0103, \u00een coloana lui Putin au fost observate pentru prima dat\u0103 un vehicul blindat cu loc pentru un mitralier \u0219i o ma\u0219in\u0103 dotat\u0103 cu un sistem de contram\u0103suri radioelectronice, iar spa\u021biul aerian era supravegheat de un elicopter.<\/p>\n<p data-index=\"6\">Preocuparea maniacal\u0103 a lui Putin pentru secret \u0219i propria sa siguran\u021b\u0103 a atins noi culmi atunci c\u00e2nd dronele For\u021belor Armate ale Ucrainei au \u00eenceput s\u0103 p\u0103trund\u0103 tot mai ad\u00e2nc pe teritoriul Rusiei \u0219i s\u0103 atace intens Moscova, scria The New York Times pe 12 august. O surs\u0103 apropiat\u0103 de Kremlin a declarat pentru publica\u021bie c\u0103, pentru a dezorienta eventualii atacatori, coloanele preziden\u021biale au \u00eenceput s\u0103 circule prin capital\u0103 f\u0103r\u0103 Putin \u00eensu\u0219i, pentru a-i ascunde loca\u021bia real\u0103.<\/p>\n<p class=\"gdpr-placeholder gdpr-social-media \" data-index=\"7\"> Setarile tale privind cookie-urile nu permit afisarea continutul din aceasta sectiune. Poti actualiza setarile modulelor coookie direct din browser sau de <a class=\"ot-sdk-show-settings\" data-skip-linkfix=\"1\">aici<\/a> \u2013 e nevoie sa accepti cookie-urile social media<\/p>\n<p data-index=\"8\">\u00a0<\/p>\n<p> Editor : <a href=\"https:\/\/www.digi24.ro\/autor\/alexandru-rotaru\"> A.R. <\/a><\/p>\n<\/div>\n<p>[analyse_source url=&#8221;https:\/\/www.digi24.ro\/stiri\/externe\/rusia\/masini-cu-mitraliere-antiaeriene-si-scara-inchisa-frica-lui-putin-fata-de-dronele-ucrainene-a-ajuns-la-nivelul-urmator-3932391&#8243;]<\/p>\n","protected":false},"excerpt":{"rendered":"<p>[analyse_image type=&#8221;featured&#8221; src=&#8221;https:\/\/s.iw.ro\/gateway\/g\/ZmlsZVNvdXJjZT1odHRwJTNBJTJGJTJG\/c3RvcmFnZTA4dHJhbnNjb2Rlci5yY3Mt\/cmRzLnJvJTJGc3RvcmFnZSUyRjIwMjYl\/MkYwOCUyRjEyJTJGMjkwMjc3OV8yOTAy\/Nzc5X3B1dGluLTItc2NhbGVkLTEuanBn\/Jnc9MTIwMCZoPTYzMCZ6Yz0xJmhhc2g9\/ZjU2NTNhZTZlN2U0NjYzZWYyM2EyMDI1N2I4NGQ0Y2Q=.thumb.jpg&#8221;] \u00cen timpul vizitei lui Vladimir Putin la Vladivostok pentru a participa la Forumul Economic din Est, \u00een coloana sa a fost observat o camionet\u0103 echipat cu o mitralier\u0103 antiaerian\u0103. Imaginile cu coloana preziden\u021bial\u0103 \u00een apropierea aeroportului au fost publicate de pagina local\u0103 Svodka-25. \u00cen plus, de-a lungul traseului coloanei au fost disloca\u021bi [&hellip;]<\/p>\n","protected":false},"author":1,"featured_media":0,"comment_status":"open","ping_status":"","sticky":false,"template":"","format":"standard","meta":{"footnotes":""},"categories":[89],"tags":[226,11],"class_list":["post-2124554","post","type-post","status-publish","format-standard","hentry","category-romania","tag-crawlmanager","tag-digi24"],"_links":{"self":[{"href":"https:\/\/analyse.optim.biz\/index.php?rest_route=\/wp\/v2\/posts\/2124554","targetHints":{"allow":["GET"]}}],"collection":[{"href":"https:\/\/analyse.optim.biz\/index.php?rest_route=\/wp\/v2\/posts"}],"about":[{"href":"https:\/\/analyse.optim.biz\/index.php?rest_route=\/wp\/v2\/types\/post"}],"author":[{"embeddable":true,"href":"https:\/\/analyse.optim.biz\/index.php?rest_route=\/wp\/v2\/users\/1"}],"replies":[{"embeddable":true,"href":"https:\/\/analyse.optim.biz\/index.php?rest_route=%2Fwp%2Fv2%2Fcomments&post=2124554"}],"version-history":[{"count":0,"href":"https:\/\/analyse.optim.biz\/index.php?rest_route=\/wp\/v2\/posts\/2124554\/revisions"}],"wp:attachment":[{"href":"https:\/\/analyse.optim.biz\/index.php?rest_route=%2Fwp%2Fv2%2Fmedia&parent=2124554"}],"wp:term":[{"taxonomy":"category","embeddable":true,"href":"https:\/\/analyse.optim.biz\/index.php?rest_route=%2Fwp%2Fv2%2Fcategories&post=2124554"},{"taxonomy":"post_tag","embeddable":true,"href":"https:\/\/analyse.optim.biz\/index.php?rest_route=%2Fwp%2Fv2%2Ftags&post=2124554"}],"curies":[{"name":"wp","href":"https:\/\/api.w.org\/{rel}","templated":true}]}}