{"id":2124548,"date":"2026-09-02T14:01:50","date_gmt":"2026-09-02T11:01:50","guid":{"rendered":"https:\/\/analyse.optim.biz\/?p=2124548"},"modified":"2026-09-02T14:01:50","modified_gmt":"2026-09-02T11:01:50","slug":"george-simion-safe-e-pagubos-si-plin-de-acuzatii-de-coruptie-aur-va-depune-la-dna-un-denunt","status":"publish","type":"post","link":"https:\/\/analyse.optim.biz\/?p=2124548","title":{"rendered":"George Simion: SAFE e p\u0103gubos \u015fi plin de acuza\u0163ii de corup\u0163ie. AUR va depune la DNA un denun\u0163"},"content":{"rendered":"<p>[analyse_image type=&#8221;featured&#8221; src=&#8221;https:\/\/s.iw.ro\/gateway\/g\/ZmlsZVNvdXJjZT1odHRwJTNBJTJGJTJG\/c3RvcmFnZTA4dHJhbnNjb2Rlci5yY3Mt\/cmRzLnJvJTJGc3RvcmFnZSUyRjIwMjYl\/MkYwNCUyRjI0JTJGMjY5NzY5Ml8yNjk3\/NjkyX2dlb3JnZS1zaW1pb24taW5xdWFt\/LmpwZyZ3PTEyMDAmaD02MzAmemM9MSZo\/YXNoPTgwNjYyOGZjYTJiMzk1MTc1YmQ5M2IyMmQ0YTI3ZGE4.thumb.jpg&#8221;]<\/p>\n<div class=\"entry data-app-meta data-app-meta-article\" data-embed-base-url-canonical=\"https:\/\/www.digi24.ro\/embed\/stiri\/actualitate\/politica\/george-simion-safe-e-pagubos-si-plin-de-acuzatii-de-coruptie-aur-va-depune-la-dna-un-denunt-3932371\">\n<p data-index=\"1\"><strong>Pre\u015fedintele AUR, George Simion, a declarat c\u0103 programul SAFE este p\u0103gubos \u015fi plin de acuza\u0163ii de corup\u0163ie. El a anun\u0163at, miercuri, \u00eentr-o conferin\u0163\u0103 de pres\u0103 c\u0103, ast\u0103zi, la Direc\u0163ia Na\u0163ional\u0103 Anticorup\u0163ie, AUR va depune un denun\u0163, in rem, privind posibile fapte de corup\u0163ie cu privire la acest program.\u00a0<\/strong><\/p>\n<p data-index=\"2\"><span data-contrast=\"auto\">\u201eProgramul PNRR, a\u015fa cum a fost gestionat de c\u0103tre coali\u0163ia PSD, PNL, USR, UDMR, a fost unul p\u0103gubos. La fel de p\u0103gubos, plin de acuza\u0163ii de corup\u0163ie, este \u015fi programul SAFE. Din acest punct de vedere, v\u0103 anun\u0163 c\u0103 ast\u0103zi la Direc\u0163ia Na\u0163ional\u0103 Anticorup\u0163ie, AUR va depune o sesizare, un denun\u0163, privind posibile fapte de corup\u0163ie\u201d, a anun\u0163at George Simion la Parlament, conform News.ro.<\/span><span data-ccp-props=\"{}\">\u00a0<\/span><\/p>\n<p data-index=\"3\"><span data-contrast=\"auto\">El a continuat: \u201eAtrag aten\u0163ia \u00eenc\u0103 o dat\u0103, cum am f\u0103cut-o \u015fi \u00een alte conferin\u0163e de pres\u0103, ca cei care sunt implica\u0163i \u00een posibile fapte de corup\u0163ie s\u0103 nu mearg\u0103 mai departe cu ele\u201d.<\/span><span data-ccp-props=\"{}\">\u00a0<\/span><\/p>\n<p data-index=\"4\"><span data-contrast=\"auto\">Liderii AUR au mai contestat anterior programul european SAFE. George Simion acuza, \u00een luna mai,\u00a0fosta coali\u021bie de guvernare, inclusiv PSD, al\u0103turi de care a depus mo\u021biunea de cenzur\u0103 \u00eempotriva Guvernului condus de Ilie Bolojan, c\u0103 a f\u0103cut <a href=\"https:\/\/www.digi24.ro\/stiri\/actualitate\/politica\/george-simion-intervine-in-scandalul-safe-si-acuza-coalitia-psd-pnl-ca-a-jefuit-romania-contractele-miros-a-coruptie-3753721\" data-skip-linkfix=\"1\">\u201eun jaf de propor\u021bii gigantice\u201d<\/a> \u00een cazul contractelor din cadrul SAFE.<\/span><span data-ccp-props=\"{&quot;335551550&quot;:0,&quot;335551620&quot;:0}\">\u00a0<\/span><\/p>\n<p data-index=\"5\"><span data-contrast=\"auto\">De asemenea, prim-vicepre\u015fedintele AUR, Dan Dungaciu, <a href=\"https:\/\/www.digi24.ro\/stiri\/actualitate\/politica\/dan-dungaciu-romania-nu-si-permite-sa-faca-achizitii-prin-safe-doar-cu-drone-ne-am-putea-apara-intr-un-razboi-asimetric-3769049\" data-skip-linkfix=\"1\">a declarat, la Digi24<\/a>, c\u0103 Rom\u00e2nia nu-\u0219i permite s\u0103 fac\u0103 achizi\u021bii de echipament \u0219i armament militar prin SAFE.<\/span><span data-contrast=\"auto\">De\u0219i AUR s-a \u00eempotrivit legisla\u021biei care permite dobor\u00e2rea dronelor care intr\u0103 \u00een spa\u021biul aerian al Rom\u00e2niei, acesta spune c\u0103 statul s-ar putea ap\u0103ra doar cu drone \u00eentr-un r\u0103zboi asimetric.<\/span><span data-ccp-props=\"{&quot;335551550&quot;:0,&quot;335551620&quot;:0}\">\u00a0<\/span><\/p>\n<p data-index=\"6\"><span data-contrast=\"auto\"><a href=\"https:\/\/www.digi24.ro\/stiri\/actualitate\/politica\/cum-se-imparte-avansul-de-25-miliarde-de-euro-din-safe-guvernul-anunta-cine-are-acces-la-bani-3931507\" data-skip-linkfix=\"1\">Instrumentul SAFE<\/a> este finan\u021bat prin \u00eemprumuturile UE de pe pie\u021bele financiare. Acest lucru permite acordarea de \u00eemprumuturi pe termen lung la pre\u021buri competitive \u0219i structurate \u00een mod atractiv statelor membre solicitante. Condi\u021biile \u00eemprumuturilor SAFE beneficiaz\u0103 de ratingul de credit puternic al UE.<\/span><span data-ccp-props=\"{&quot;335551550&quot;:0,&quot;335551620&quot;:0}\">\u00a0<\/span><\/p>\n<p> Editor : <a href=\"https:\/\/www.digi24.ro\/autor\/alexandru-costea\"> A.C. <\/a><\/p>\n<\/div>\n<p>[analyse_source url=&#8221;https:\/\/www.digi24.ro\/stiri\/actualitate\/politica\/george-simion-safe-e-pagubos-si-plin-de-acuzatii-de-coruptie-aur-va-depune-la-dna-un-denunt-3932371&#8243;]<\/p>\n","protected":false},"excerpt":{"rendered":"<p>[analyse_image type=&#8221;featured&#8221; src=&#8221;https:\/\/s.iw.ro\/gateway\/g\/ZmlsZVNvdXJjZT1odHRwJTNBJTJGJTJG\/c3RvcmFnZTA4dHJhbnNjb2Rlci5yY3Mt\/cmRzLnJvJTJGc3RvcmFnZSUyRjIwMjYl\/MkYwNCUyRjI0JTJGMjY5NzY5Ml8yNjk3\/NjkyX2dlb3JnZS1zaW1pb24taW5xdWFt\/LmpwZyZ3PTEyMDAmaD02MzAmemM9MSZo\/YXNoPTgwNjYyOGZjYTJiMzk1MTc1YmQ5M2IyMmQ0YTI3ZGE4.thumb.jpg&#8221;] Pre\u015fedintele AUR, George Simion, a declarat c\u0103 programul SAFE este p\u0103gubos \u015fi plin de acuza\u0163ii de corup\u0163ie. El a anun\u0163at, miercuri, \u00eentr-o conferin\u0163\u0103 de pres\u0103 c\u0103, ast\u0103zi, la Direc\u0163ia Na\u0163ional\u0103 Anticorup\u0163ie, AUR va depune un denun\u0163, in rem, privind posibile fapte de corup\u0163ie cu privire la acest program.\u00a0 \u201eProgramul PNRR, a\u015fa cum [&hellip;]<\/p>\n","protected":false},"author":1,"featured_media":0,"comment_status":"open","ping_status":"","sticky":false,"template":"","format":"standard","meta":{"footnotes":""},"categories":[89],"tags":[226,11],"class_list":["post-2124548","post","type-post","status-publish","format-standard","hentry","category-romania","tag-crawlmanager","tag-digi24"],"_links":{"self":[{"href":"https:\/\/analyse.optim.biz\/index.php?rest_route=\/wp\/v2\/posts\/2124548","targetHints":{"allow":["GET"]}}],"collection":[{"href":"https:\/\/analyse.optim.biz\/index.php?rest_route=\/wp\/v2\/posts"}],"about":[{"href":"https:\/\/analyse.optim.biz\/index.php?rest_route=\/wp\/v2\/types\/post"}],"author":[{"embeddable":true,"href":"https:\/\/analyse.optim.biz\/index.php?rest_route=\/wp\/v2\/users\/1"}],"replies":[{"embeddable":true,"href":"https:\/\/analyse.optim.biz\/index.php?rest_route=%2Fwp%2Fv2%2Fcomments&post=2124548"}],"version-history":[{"count":0,"href":"https:\/\/analyse.optim.biz\/index.php?rest_route=\/wp\/v2\/posts\/2124548\/revisions"}],"wp:attachment":[{"href":"https:\/\/analyse.optim.biz\/index.php?rest_route=%2Fwp%2Fv2%2Fmedia&parent=2124548"}],"wp:term":[{"taxonomy":"category","embeddable":true,"href":"https:\/\/analyse.optim.biz\/index.php?rest_route=%2Fwp%2Fv2%2Fcategories&post=2124548"},{"taxonomy":"post_tag","embeddable":true,"href":"https:\/\/analyse.optim.biz\/index.php?rest_route=%2Fwp%2Fv2%2Ftags&post=2124548"}],"curies":[{"name":"wp","href":"https:\/\/api.w.org\/{rel}","templated":true}]}}