{"id":2124545,"date":"2026-09-02T13:59:43","date_gmt":"2026-09-02T10:59:43","guid":{"rendered":"https:\/\/analyse.optim.biz\/?p=2124545"},"modified":"2026-09-02T13:59:43","modified_gmt":"2026-09-02T10:59:43","slug":"george-clooney-critica-dur-administratia-trump-traim-intr-o-kakistocratie-o-tara-condusa-de-cei-mai","status":"publish","type":"post","link":"https:\/\/analyse.optim.biz\/?p=2124545","title":{"rendered":"George Clooney critic\u0103 dur administra\u021bia Trump. \u201eTr\u0103im \u00eentr-o kakistocra\u021bie: o \u021bar\u0103 condus\u0103 de cei mai&#8230;"},"content":{"rendered":"<p>[analyse_image type=&#8221;featured&#8221; src=&#8221;https:\/\/s.iw.ro\/gateway\/g\/ZmlsZVNvdXJjZT1odHRwJTNBJTJGJTJG\/c3RvcmFnZTA4dHJhbnNjb2Rlci5yY3Mt\/cmRzLnJvJTJGc3RvcmFnZSUyRjIwMjUl\/MkYwMyUyRjI1JTJGMjIyMTAwMF8yMjIx\/MDAwX2dlb3JnZS1jbG9vbmV5LWRvbmFs\/ZC10cnVtcC5qcGcmdz0xMjAwJmg9NjMw\/JnpjPTEmaGFzaD00MzVkZDhlMjhlN2E2NDgzNDZmODcyNTVhZjVlMTkwYw==.thumb.jpg&#8221;]<\/p>\n<div class=\"entry data-app-meta data-app-meta-article\" data-embed-base-url-canonical=\"https:\/\/www.digi24.ro\/embed\/stiri\/externe\/sua\/george-clooney-critica-dur-administratia-trump-traim-intr-o-kakistocratie-o-tara-condusa-de-cei-mai-putin-calificati-3932361\">\n<p data-index=\"1\"><strong>Actorul \u0219i regizorul american George Clooney a criticat miercuri administra\u021bia pre\u0219edintelui Donald Trump, afirm\u00e2nd c\u0103 Statele Unite traverseaz\u0103 o perioad\u0103 \u201enefericit\u0103\u201d a istoriei lor \u0219i sunt conduse de persoane lipsite de calificarea necesar\u0103. Artistul s-a declarat \u00eens\u0103 convins c\u0103 \u021bara va reu\u0219i s\u0103 dep\u0103\u0219easc\u0103 aceast\u0103 etap\u0103.<\/strong><\/p>\n<p data-index=\"2\">Declara\u021biile au fost f\u0103cute \u00een timpul conferin\u021bei de pres\u0103 organizate \u00eenaintea deschiderii celei de-a 83-a edi\u021bii a Festivalului Interna\u021bional de Film de la Vene\u021bia, potrivit News.ro.<\/p>\n<h2 id=\"highlight-3932361-1\">George Clooney: \u201eCred c\u0103 tr\u0103im \u00eentr-o kakistocra\u021bie\u201d<\/h2>\n<p data-index=\"3\">Actorul a folosit termenul \u201ekakistocra\u021bie\u201d pentru a descrie actuala conducere a Statelor Unite, explic\u00e2nd c\u0103 acesta desemneaz\u0103 o \u021bar\u0103 guvernat\u0103 de persoanele cel mai pu\u021bin calificate.<\/p>\n<p data-index=\"4\">\u201eExist\u0103 un termen foarte potrivit, kakistocra\u021bie, care se refer\u0103 la o \u021bar\u0103 condus\u0103 de cei mai pu\u021bin califica\u021bi. Cred c\u0103 tr\u0103im poate \u00eentr-o kakistocra\u021bie \u00een acest moment, dar ne vom reveni\u201d, a declarat George Clooney.<\/p>\n<p data-index=\"5\">\u00cen v\u00e2rst\u0103 de 65 de ani, actorul \u0219i regizorul urmeaz\u0103 s\u0103 primeasc\u0103, \u00een cadrul festivalului, Leul de Aur pentru \u00eentreaga sa carier\u0103.<\/p>\n<p data-index=\"6\">Festivalul de la Vene\u021bia, ocolit de marile studiouri de la Hollywood<\/p>\n<p data-index=\"7\">George Clooney \u0219i Robert Pattinson se num\u0103r\u0103 printre pu\u021binele nume importante de la Hollywood prezente la edi\u021bia din acest an a Festivalului de Film de la Vene\u021bia.<\/p>\n<p data-index=\"8\">Evenimentul, considerat \u00een mod obi\u0219nuit o important\u0103 ramp\u0103 de lansare pentru produc\u021biile care intr\u0103 \u00een cursa pentru premiile Oscar, a fost ocolit de aceast\u0103 dat\u0103 de marile studiouri de la Hollywood.<\/p>\n<p data-index=\"9\">Cea de-a 83-a edi\u021bie a Festivalului Interna\u021bional de Film de la Vene\u021bia se desf\u0103\u0219oar\u0103 \u00een perioada 2-12 septembrie.<\/p>\n<p> Editor : <a href=\"https:\/\/www.digi24.ro\/autor\/stefania-apostol\"> \u0218.A. <\/a><\/p>\n<\/div>\n<p>[analyse_source url=&#8221;https:\/\/www.digi24.ro\/stiri\/externe\/sua\/george-clooney-critica-dur-administratia-trump-traim-intr-o-kakistocratie-o-tara-condusa-de-cei-mai-putin-calificati-3932361&#8243;]<\/p>\n","protected":false},"excerpt":{"rendered":"<p>[analyse_image type=&#8221;featured&#8221; src=&#8221;https:\/\/s.iw.ro\/gateway\/g\/ZmlsZVNvdXJjZT1odHRwJTNBJTJGJTJG\/c3RvcmFnZTA4dHJhbnNjb2Rlci5yY3Mt\/cmRzLnJvJTJGc3RvcmFnZSUyRjIwMjUl\/MkYwMyUyRjI1JTJGMjIyMTAwMF8yMjIx\/MDAwX2dlb3JnZS1jbG9vbmV5LWRvbmFs\/ZC10cnVtcC5qcGcmdz0xMjAwJmg9NjMw\/JnpjPTEmaGFzaD00MzVkZDhlMjhlN2E2NDgzNDZmODcyNTVhZjVlMTkwYw==.thumb.jpg&#8221;] Actorul \u0219i regizorul american George Clooney a criticat miercuri administra\u021bia pre\u0219edintelui Donald Trump, afirm\u00e2nd c\u0103 Statele Unite traverseaz\u0103 o perioad\u0103 \u201enefericit\u0103\u201d a istoriei lor \u0219i sunt conduse de persoane lipsite de calificarea necesar\u0103. Artistul s-a declarat \u00eens\u0103 convins c\u0103 \u021bara va reu\u0219i s\u0103 dep\u0103\u0219easc\u0103 aceast\u0103 etap\u0103. Declara\u021biile au fost f\u0103cute \u00een timpul [&hellip;]<\/p>\n","protected":false},"author":1,"featured_media":0,"comment_status":"open","ping_status":"","sticky":false,"template":"","format":"standard","meta":{"footnotes":""},"categories":[89],"tags":[226,11],"class_list":["post-2124545","post","type-post","status-publish","format-standard","hentry","category-romania","tag-crawlmanager","tag-digi24"],"_links":{"self":[{"href":"https:\/\/analyse.optim.biz\/index.php?rest_route=\/wp\/v2\/posts\/2124545","targetHints":{"allow":["GET"]}}],"collection":[{"href":"https:\/\/analyse.optim.biz\/index.php?rest_route=\/wp\/v2\/posts"}],"about":[{"href":"https:\/\/analyse.optim.biz\/index.php?rest_route=\/wp\/v2\/types\/post"}],"author":[{"embeddable":true,"href":"https:\/\/analyse.optim.biz\/index.php?rest_route=\/wp\/v2\/users\/1"}],"replies":[{"embeddable":true,"href":"https:\/\/analyse.optim.biz\/index.php?rest_route=%2Fwp%2Fv2%2Fcomments&post=2124545"}],"version-history":[{"count":0,"href":"https:\/\/analyse.optim.biz\/index.php?rest_route=\/wp\/v2\/posts\/2124545\/revisions"}],"wp:attachment":[{"href":"https:\/\/analyse.optim.biz\/index.php?rest_route=%2Fwp%2Fv2%2Fmedia&parent=2124545"}],"wp:term":[{"taxonomy":"category","embeddable":true,"href":"https:\/\/analyse.optim.biz\/index.php?rest_route=%2Fwp%2Fv2%2Fcategories&post=2124545"},{"taxonomy":"post_tag","embeddable":true,"href":"https:\/\/analyse.optim.biz\/index.php?rest_route=%2Fwp%2Fv2%2Ftags&post=2124545"}],"curies":[{"name":"wp","href":"https:\/\/api.w.org\/{rel}","templated":true}]}}